{"id":43725,"date":"2014-10-29T10:11:14","date_gmt":"2014-10-29T13:11:14","guid":{"rendered":"http:\/\/aconteceunovale.com.br\/portal\/?p=43725"},"modified":"2014-10-29T10:13:53","modified_gmt":"2014-10-29T13:13:53","slug":"jose-dirceu-vai-cumprir-o-restante-da-pena-no-conforto-do-seu-lar","status":"publish","type":"post","link":"https:\/\/aconteceunovale.com.br\/portal\/?p=43725","title":{"rendered":"Jos\u00e9 Dirceu vai cumprir o restante da pena no conforto do seu lar"},"content":{"rendered":"<div id=\"fb-root\"><\/div>\n<p>\t\t\t\t<script>(function(d, s, id) {\n\t\t\t\t  var js, fjs = d.getElementsByTagName(s)[0];\n\t\t\t\t  if (d.getElementById(id)) return;\n\t\t\t\t  js = d.createElement(s); js.id = id;\n\t\t\t\t  js.src = \"\/\/connect.facebook.net\/pt_BR\/sdk.js#xfbml=1&appId=691575364226355&version=v2.0\";\n\t\t\t\t  fjs.parentNode.insertBefore(js, fjs);\n\t\t\t\t}(document, 'script', 'facebook-jssdk'));<\/script><\/p>\n<div class=\"fb-like\" data-href=\"https:\/\/www.facebook.com\/aconteceunovale\" data-layout=\"button_count\" data-action=\"like\" data-show-faces=\"true\" data-share=\"true\"><\/div>\n<p><\/br><\/p>\n<p>O ministro Lu\u00eds Roberto Barroso, do Supremo Tribunal Federal (STF), concedeu nesta ter\u00e7a-feira regime de pris\u00e3o aberto ao ex-ministro da Casa Civil Jos\u00e9 Dirceu, condenado na A\u00e7\u00e3o Penal 470, o processo do mensal\u00e3o. Com a decis\u00e3o, Dirceu poder\u00e1 cumprir o restante da pena inicial de sete anos e 11 meses em casa.<\/p>\n<p>Segundo informa\u00e7\u00f5es da Vara de Execu\u00e7\u00f5es Penais do Distrito Federal, Dirceu tem direito a progress\u00e3o de regime semiaberto para o aberto desde o dia 20 de outubro, por ter cumprido 11 meses e 14 dias de pris\u00e3o, um sexto da pena, requisito exigido pela Lei de Execu\u00e7\u00e3o Penal.<\/p>\n<p><img decoding=\"async\" src=\"http:\/\/aconteceunovale.com.br\/portal\/wp-content\/uploads\/2014\/10\/jose_dirceu.jpg\" alt=\"\" \/><em>Jos\u00e9 Dirceu vai cumprir o restante da pena em casa (Foto: Leandro Taques\/AE)<\/em><br \/>\n<\/br><\/p>\n<p>Para alcan\u00e7ar o marco temporal para obter o benef\u00edcio, o ex-ministro tamb\u00e9m descontou 142 dias da pena por trabalhar durante o dia em escrit\u00f3rio de advocacia de Bras\u00edlia e estudar dentro do pres\u00eddio. Ele foi preso no dia 15 de novembro do ano passado.<\/p>\n<p>De acordo com o C\u00f3digo Penal, o regime aberto deve ser cumprido em uma casa de albergado, para onde os presos retornam somente para dormir. No Distrito Federal, pela inexist\u00eancia do estabelecimento no sistema prisional, os ju\u00edzes determinam que o preso fique em casa e cumpra algumas regras, como hor\u00e1rio para chegar ao domic\u00edlio, n\u00e3o sair da cidade sem autoriza\u00e7\u00e3o da Justi\u00e7a e manter endere\u00e7o fixo.<\/p>\n<p><strong><em>(Ag\u00eancia Brasil)<\/em><\/strong><\/p>\n","protected":false},"excerpt":{"rendered":"<p>O ministro Lu\u00eds Roberto Barroso, do Supremo Tribunal Federal (STF), concedeu nesta ter\u00e7a-feira regime de pris\u00e3o aberto ao ex-ministro da Casa Civil Jos\u00e9 Dirceu, condenado na A\u00e7\u00e3o Penal 470, o processo do mensal\u00e3o. Com a decis\u00e3o, Dirceu poder\u00e1 cumprir o restante da pena inicial de sete anos e 11 meses em casa. Segundo informa\u00e7\u00f5es da [&hellip;]<\/p>\n","protected":false},"author":1,"featured_media":43726,"comment_status":"open","ping_status":"closed","sticky":false,"template":"","format":"standard","meta":{"amp_status":"","footnotes":""},"categories":[6],"tags":[1018,20933,20932,20934,20931,20935],"class_list":["post-43725","post","type-post","status-publish","format-standard","has-post-thumbnail","hentry","category-br","tag-destaque","tag-ex-ministro-da-casa-civil-jose-dirceu","tag-jose-dirceu","tag-jose-dirceu-vai-cumprir-o-restante-da-pena-em-casa","tag-jose-dirceu-vai-cumprir-o-restante-na-pena-no-conforto-do-seu-lar","tag-mensalao"],"_links":{"self":[{"href":"https:\/\/aconteceunovale.com.br\/portal\/index.php?rest_route=\/wp\/v2\/posts\/43725","targetHints":{"allow":["GET"]}}],"collection":[{"href":"https:\/\/aconteceunovale.com.br\/portal\/index.php?rest_route=\/wp\/v2\/posts"}],"about":[{"href":"https:\/\/aconteceunovale.com.br\/portal\/index.php?rest_route=\/wp\/v2\/types\/post"}],"author":[{"embeddable":true,"href":"https:\/\/aconteceunovale.com.br\/portal\/index.php?rest_route=\/wp\/v2\/users\/1"}],"replies":[{"embeddable":true,"href":"https:\/\/aconteceunovale.com.br\/portal\/index.php?rest_route=%2Fwp%2Fv2%2Fcomments&post=43725"}],"version-history":[{"count":0,"href":"https:\/\/aconteceunovale.com.br\/portal\/index.php?rest_route=\/wp\/v2\/posts\/43725\/revisions"}],"wp:featuredmedia":[{"embeddable":true,"href":"https:\/\/aconteceunovale.com.br\/portal\/index.php?rest_route=\/wp\/v2\/media\/43726"}],"wp:attachment":[{"href":"https:\/\/aconteceunovale.com.br\/portal\/index.php?rest_route=%2Fwp%2Fv2%2Fmedia&parent=43725"}],"wp:term":[{"taxonomy":"category","embeddable":true,"href":"https:\/\/aconteceunovale.com.br\/portal\/index.php?rest_route=%2Fwp%2Fv2%2Fcategories&post=43725"},{"taxonomy":"post_tag","embeddable":true,"href":"https:\/\/aconteceunovale.com.br\/portal\/index.php?rest_route=%2Fwp%2Fv2%2Ftags&post=43725"}],"curies":[{"name":"wp","href":"https:\/\/api.w.org\/{rel}","templated":true}]}}