{"id":43717,"date":"2014-10-29T09:24:44","date_gmt":"2014-10-29T12:24:44","guid":{"rendered":"http:\/\/aconteceunovale.com.br\/portal\/?p=43717"},"modified":"2014-10-29T09:25:37","modified_gmt":"2014-10-29T12:25:37","slug":"plantao-do-samu-no-norte-de-minas-gerais-28-de-outubro-de-2014","status":"publish","type":"post","link":"https:\/\/aconteceunovale.com.br\/portal\/?p=43717","title":{"rendered":"Plant\u00e3o do Samu no Norte de Minas Gerais &#8211; 28 de outubro de 2014"},"content":{"rendered":"<h4><em><strong>Ter\u00e7a-feira, 28 de outubro de 2014<\/strong><\/em><\/h4>\n<div id=\"fb-root\"><\/div>\n<p>\t\t\t\t<script>(function(d, s, id) {\n\t\t\t\t  var js, fjs = d.getElementsByTagName(s)[0];\n\t\t\t\t  if (d.getElementById(id)) return;\n\t\t\t\t  js = d.createElement(s); js.id = id;\n\t\t\t\t  js.src = \"\/\/connect.facebook.net\/pt_BR\/sdk.js#xfbml=1&appId=691575364226355&version=v2.0\";\n\t\t\t\t  fjs.parentNode.insertBefore(js, fjs);\n\t\t\t\t}(document, 'script', 'facebook-jssdk'));<\/script><\/p>\n<div class=\"fb-like\" data-href=\"https:\/\/www.facebook.com\/aconteceunovale\" data-layout=\"button_count\" data-action=\"like\" data-show-faces=\"true\" data-share=\"true\"><\/div>\n<p><\/br><\/p>\n<p>A unidade do SAMU de Montes Claros realizou nesta ter\u00e7a-feira, 28 de outubro, 40 atendimentos, sendo 31 casos cl\u00ednicos, 07 atendimentos em decorr\u00eancia de acidente de tr\u00e2nsito e 02 por queda de escada.<\/p>\n<p>Por volta da 21h30, a unidade do Samu foi acionada na Rua Quincas Souto, Vila Atl\u00e2ntida, para atendimento a um menino de 10 anos, que foi atropelado por moto e sofreu trauma na perna direita e no abdome.<\/p>\n<p>\u00c0s 19h40, um homem de 18 anos caiu de moto ap\u00f3s colidir contra um cachorro na Rua Alian\u00e7a, bairro Santa L\u00facia e sofreu escoria\u00e7\u00f5es nas pernas e bra\u00e7os.<\/p>\n<p>\u00c0s 19h35, um homem de 35 anos que transitava de moto na Avenida Geraldo Athayde ficou ferido ap\u00f3s colidir contra um carro. Ele se queixava de dor na cabe\u00e7a e apresentava escoria\u00e7\u00f5es generalizadas.<\/p>\n<p>\u00c0s 19h, uma mulher de 56 anos foi atropelada por carro na Rua Carlos Davi Alc\u00e2ntara, bairro Santo In\u00e1cio e se queixava de dor na perna direita.<\/p>\n<p>\u00c0s 13h57, a unidade do Samu foi acionada para atendimento a um homem de 37 anos, que ficou ferido ap\u00f3s capotar a carreta que conduzia na BR-135, a 5 km de Montes Claros. Ap\u00f3s capotar, o veiculo caiu em uma ribanceira e o motorista foi ejetado, sem perda de consci\u00eancia. Ele se queixava de dor no bra\u00e7o esquerdo e na cabe\u00e7a e recebeu medica\u00e7\u00e3o para aliviar a dor.<\/p>\n<p><img decoding=\"async\" src=\"http:\/\/aconteceunovale.com.br\/portal\/wp-content\/uploads\/2014\/10\/acidente_135_1.jpg\" alt=\"\" \/><em>Motorista ficou ferido em acidente na BR-135 \u2013 Foto: Mauro Miranda Ferreira\/TV Record<\/em><br \/>\n<\/br><\/p>\n<p>Um homem de 21 anos caiu de bicicleta, \u00e0s 9h30, na Avenida Vicente Guimar\u00e3es, bairro Augusta Mota, e apresentava escoria\u00e7\u00f5es no cotovelo e flanco direitos, se queixando de dor de dor na regi\u00e3o p\u00e9lvica.<\/p>\n<p>\u00c0s 8h, uma mulher de 40 anos que transitava de moto na Avenida Nossa Senhora de F\u00e1tima, bairro Maracan\u00e3, ficou ferida ap\u00f3s colidir contra um carro e foi encontrada pelos socorristas deambulando no local, se queixando de dor lombar, sem escoria\u00e7\u00f5es.<\/p>\n<p>Em todas as ocorr\u00eancias os feridos receberam os primeiros atendimentos no local e foram encaminhados ao hospital para avalia\u00e7\u00e3o.<\/p>\n<p><img decoding=\"async\" src=\"http:\/\/aconteceunovale.com.br\/portal\/wp-content\/uploads\/2014\/10\/acidente_135_2.jpg\" alt=\"\" \/><em>Motorista ficou ferido em acidente na BR-135 \u2013 Foto: Mauro Miranda Ferreira\/TV Record<\/em><\/p>\n","protected":false},"excerpt":{"rendered":"<p>Ter\u00e7a-feira, 28 de outubro de 2014 A unidade do SAMU de Montes Claros realizou nesta ter\u00e7a-feira, 28 de outubro, 40 atendimentos, sendo 31 casos cl\u00ednicos, 07 atendimentos em decorr\u00eancia de acidente de tr\u00e2nsito e 02 por queda de escada. Por volta da 21h30, a unidade do Samu foi acionada na Rua Quincas Souto, Vila Atl\u00e2ntida, [&hellip;]<\/p>\n","protected":false},"author":1,"featured_media":37592,"comment_status":"open","ping_status":"closed","sticky":false,"template":"","format":"standard","meta":{"amp_status":"","footnotes":""},"categories":[1236],"tags":[20925,18516,210,20926,18629,4040],"class_list":["post-43717","post","type-post","status-publish","format-standard","has-post-thumbnail","hentry","category-norte_de_minas","tag-atendimento-do-samu-em-montes-claros","tag-atendimentos-do-samu-no-norte-de-minas","tag-montes-claros","tag-plantao-do-samu-no-norte-de-minas-gerais-28-de-outubro-de-2014","tag-samu-de-montes-claros","tag-samu-macro-norte"],"_links":{"self":[{"href":"https:\/\/aconteceunovale.com.br\/portal\/index.php?rest_route=\/wp\/v2\/posts\/43717","targetHints":{"allow":["GET"]}}],"collection":[{"href":"https:\/\/aconteceunovale.com.br\/portal\/index.php?rest_route=\/wp\/v2\/posts"}],"about":[{"href":"https:\/\/aconteceunovale.com.br\/portal\/index.php?rest_route=\/wp\/v2\/types\/post"}],"author":[{"embeddable":true,"href":"https:\/\/aconteceunovale.com.br\/portal\/index.php?rest_route=\/wp\/v2\/users\/1"}],"replies":[{"embeddable":true,"href":"https:\/\/aconteceunovale.com.br\/portal\/index.php?rest_route=%2Fwp%2Fv2%2Fcomments&post=43717"}],"version-history":[{"count":0,"href":"https:\/\/aconteceunovale.com.br\/portal\/index.php?rest_route=\/wp\/v2\/posts\/43717\/revisions"}],"wp:featuredmedia":[{"embeddable":true,"href":"https:\/\/aconteceunovale.com.br\/portal\/index.php?rest_route=\/wp\/v2\/media\/37592"}],"wp:attachment":[{"href":"https:\/\/aconteceunovale.com.br\/portal\/index.php?rest_route=%2Fwp%2Fv2%2Fmedia&parent=43717"}],"wp:term":[{"taxonomy":"category","embeddable":true,"href":"https:\/\/aconteceunovale.com.br\/portal\/index.php?rest_route=%2Fwp%2Fv2%2Fcategories&post=43717"},{"taxonomy":"post_tag","embeddable":true,"href":"https:\/\/aconteceunovale.com.br\/portal\/index.php?rest_route=%2Fwp%2Fv2%2Ftags&post=43717"}],"curies":[{"name":"wp","href":"https:\/\/api.w.org\/{rel}","templated":true}]}}