{"id":43712,"date":"2014-10-28T22:55:06","date_gmt":"2014-10-29T01:55:06","guid":{"rendered":"http:\/\/aconteceunovale.com.br\/portal\/?p=43712"},"modified":"2014-10-28T23:15:36","modified_gmt":"2014-10-29T02:15:36","slug":"camara-derruba-decreto-presidencial-sobre-conselhos-populares","status":"publish","type":"post","link":"https:\/\/aconteceunovale.com.br\/portal\/?p=43712","title":{"rendered":"C\u00e2mara derruba decreto presidencial sobre conselhos populares"},"content":{"rendered":"<h4><strong><em>Proposta precisa de aprova\u00e7\u00e3o no Senado para decreto perder validade. Decreto presidencial prev\u00ea a consulta a f\u00f3runs por \u00f3rg\u00e3os do governo.<\/em><\/strong><\/h4>\n<div id=\"fb-root\"><\/div>\n<p>\t\t\t\t<script>(function(d, s, id) {\n\t\t\t\t  var js, fjs = d.getElementsByTagName(s)[0];\n\t\t\t\t  if (d.getElementById(id)) return;\n\t\t\t\t  js = d.createElement(s); js.id = id;\n\t\t\t\t  js.src = \"\/\/connect.facebook.net\/pt_BR\/sdk.js#xfbml=1&appId=691575364226355&version=v2.0\";\n\t\t\t\t  fjs.parentNode.insertBefore(js, fjs);\n\t\t\t\t}(document, 'script', 'facebook-jssdk'));<\/script><\/p>\n<div class=\"fb-like\" data-href=\"https:\/\/www.facebook.com\/aconteceunovale\" data-layout=\"button_count\" data-action=\"like\" data-show-faces=\"true\" data-share=\"true\"><\/div>\n<p><\/br><\/p>\n<p>Depois de muitas horas de discuss\u00e3o e obstru\u00e7\u00e3o do PT, PCdoB e do PSOL, o plen\u00e1rio da C\u00e2mara rejeitou o decreto presidencial que criou a Pol\u00edtica Nacional de Participa\u00e7\u00e3o Social. A rejei\u00e7\u00e3o se deu com a aprova\u00e7\u00e3o do Projeto de Decreto Legislativo (PDC) 1491\/14, apresentado pela oposi\u00e7\u00e3o, anulando o decreto presidencial. O PDC tem agora que ser apreciado pelo Senado Federal.<\/p>\n<p>Foram quase tr\u00eas horas de obstru\u00e7\u00e3o dos petistas, que estavam acompanhados do PCdoB e do PSOL, na tentativa de impedir a derrubada do decreto presidencial. Esses partidos utilizaram dispositivos regimentais, como a apresenta\u00e7\u00e3o de requerimentos para tentar impedir a vota\u00e7\u00e3o do PDC da oposi\u00e7\u00e3o. De acordo com o l\u00edder do governo, deputado Henrique Fontana (PT-RS), o decreto presidencial apenas fortalece um conjunto de conselhos.<\/p>\n<p><img decoding=\"async\" src=\"http:\/\/aconteceunovale.com.br\/portal\/wp-content\/uploads\/2014\/10\/decreto_derrubado.jpg\" alt=\"\" \/><em>C\u00e2mara discute projeto que susta efeitos de decreto presidencial (Foto: Fernanda Calgaro \/ G1)<\/em><br \/>\n<\/br><\/p>\n<p>Os partidos de oposi\u00e7\u00e3o tiveram o apoio de partidos aliados do governo como o PMDB, o PSD e outros da base governista para aprovar o PDC que anula o decreto presidencial. A oposi\u00e7\u00e3o critica o decreto presidencial com o argumento de que ele invade as prerrogativas do Congresso Nacional e tamb\u00e9m pode contribuir para o aparelhamento do Estado, uma vez que toda a participa\u00e7\u00e3o dever\u00e1 ser coordenada pela Secretaria-Geral da Presid\u00eancia da Rep\u00fablica.<\/p>\n<p>Autor do PDC que anula o decreto, o l\u00edder do DEM, deputado Mendon\u00e7a Filho (PE), disse que o decreto presidencial tem vi\u00e9s autorit\u00e1rio. \u201c\u00c9 uma forma autocr\u00e1tica, autorit\u00e1ria, passando por cima do Parlamento, do Congresso Nacional, de estabelecer mecanismos de ouvir a sociedade\u201d.<\/p>\n<p>Os governistas argumentam que o dispositivo visa a ampliar o di\u00e1logo do Poder Executivo com os movimentos sociais. O decreto presidencial foi publicado no fim de maio e, desde ent\u00e3o, os partidos de oposi\u00e7\u00e3o tentam anular o decreto, com o argumento, entre outros, de que ele invade as prerrogativas do Legislativo. Desde a publica\u00e7\u00e3o do documento, a oposi\u00e7\u00e3o vem insistindo na sua rejei\u00e7\u00e3o.<\/p>\n<p><em>(Ag\u00eancia Brasil)<\/em><\/p>\n","protected":false},"excerpt":{"rendered":"<p>Proposta precisa de aprova\u00e7\u00e3o no Senado para decreto perder validade. Decreto presidencial prev\u00ea a consulta a f\u00f3runs por \u00f3rg\u00e3os do governo. Depois de muitas horas de discuss\u00e3o e obstru\u00e7\u00e3o do PT, PCdoB e do PSOL, o plen\u00e1rio da C\u00e2mara rejeitou o decreto presidencial que criou a Pol\u00edtica Nacional de Participa\u00e7\u00e3o Social. A rejei\u00e7\u00e3o se deu [&hellip;]<\/p>\n","protected":false},"author":1,"featured_media":43713,"comment_status":"open","ping_status":"closed","sticky":false,"template":"","format":"standard","meta":{"amp_status":"","footnotes":""},"categories":[6],"tags":[20924,20922,20923],"class_list":["post-43712","post","type-post","status-publish","format-standard","has-post-thumbnail","hentry","category-br","tag-camara-derruba-decreto-presidencial-sobre-conselhos-populares","tag-camara-dos-deputados","tag-conselhos-populares"],"_links":{"self":[{"href":"https:\/\/aconteceunovale.com.br\/portal\/index.php?rest_route=\/wp\/v2\/posts\/43712","targetHints":{"allow":["GET"]}}],"collection":[{"href":"https:\/\/aconteceunovale.com.br\/portal\/index.php?rest_route=\/wp\/v2\/posts"}],"about":[{"href":"https:\/\/aconteceunovale.com.br\/portal\/index.php?rest_route=\/wp\/v2\/types\/post"}],"author":[{"embeddable":true,"href":"https:\/\/aconteceunovale.com.br\/portal\/index.php?rest_route=\/wp\/v2\/users\/1"}],"replies":[{"embeddable":true,"href":"https:\/\/aconteceunovale.com.br\/portal\/index.php?rest_route=%2Fwp%2Fv2%2Fcomments&post=43712"}],"version-history":[{"count":0,"href":"https:\/\/aconteceunovale.com.br\/portal\/index.php?rest_route=\/wp\/v2\/posts\/43712\/revisions"}],"wp:featuredmedia":[{"embeddable":true,"href":"https:\/\/aconteceunovale.com.br\/portal\/index.php?rest_route=\/wp\/v2\/media\/43713"}],"wp:attachment":[{"href":"https:\/\/aconteceunovale.com.br\/portal\/index.php?rest_route=%2Fwp%2Fv2%2Fmedia&parent=43712"}],"wp:term":[{"taxonomy":"category","embeddable":true,"href":"https:\/\/aconteceunovale.com.br\/portal\/index.php?rest_route=%2Fwp%2Fv2%2Fcategories&post=43712"},{"taxonomy":"post_tag","embeddable":true,"href":"https:\/\/aconteceunovale.com.br\/portal\/index.php?rest_route=%2Fwp%2Fv2%2Ftags&post=43712"}],"curies":[{"name":"wp","href":"https:\/\/api.w.org\/{rel}","templated":true}]}}