{"id":43701,"date":"2014-10-28T22:13:44","date_gmt":"2014-10-29T01:13:44","guid":{"rendered":"http:\/\/aconteceunovale.com.br\/portal\/?p=43701"},"modified":"2014-10-28T22:16:18","modified_gmt":"2014-10-29T01:16:18","slug":"estilista-ipatinguense-e-premiada-pelo-segundo-ano-consecutivo-no-paraty-eco-festival","status":"publish","type":"post","link":"https:\/\/aconteceunovale.com.br\/portal\/?p=43701","title":{"rendered":"Estilista ipatinguense \u00e9 premiada pelo segundo ano consecutivo no Paraty Eco Festival"},"content":{"rendered":"<div id=\"fb-root\"><\/div>\n<p>\t\t\t\t<script>(function(d, s, id) {\n\t\t\t\t  var js, fjs = d.getElementsByTagName(s)[0];\n\t\t\t\t  if (d.getElementById(id)) return;\n\t\t\t\t  js = d.createElement(s); js.id = id;\n\t\t\t\t  js.src = \"\/\/connect.facebook.net\/pt_BR\/sdk.js#xfbml=1&appId=691575364226355&version=v2.0\";\n\t\t\t\t  fjs.parentNode.insertBefore(js, fjs);\n\t\t\t\t}(document, 'script', 'facebook-jssdk'));<\/script><\/p>\n<div class=\"fb-like\" data-href=\"https:\/\/www.facebook.com\/aconteceunovale\" data-layout=\"button_count\" data-action=\"like\" data-show-faces=\"true\" data-share=\"true\"><\/div>\n<p><\/br><\/p>\n<p>A dedica\u00e7\u00e3o, trabalho \u00e1rduo, inspira\u00e7\u00e3o e foco na sustentabilidade arremataram a participa\u00e7\u00e3o da artista pl\u00e1stica e estilista mineira Vanuza B\u00e1rbara no Paraty Eco Festival, realizado na cidade de Paraty, no Rio de Janeiro. Pelo segundo ano consecutivo a estilista foi premiada na Categoria Profissional, costurando assim seu nome junto a grandes nomes da moda na atualidade.<\/p>\n<p>Tecendo uma trama de ideias criativas e bordando um futuro diferenciado para refugo de produ\u00e7\u00f5es t\u00eaxteis, a estilista levou para o evento sua nova cole\u00e7\u00e3o As Melindrosas, inspirada na obra do chargista e ilustrador brasileiro Jos\u00e9 Carlos de Brito e Cunha. As Melindrosas celebram a arte trabalhada em roupas leves e soltas, com um ar feminino e que d\u00e1 total liberdade de escolha \u00e0s mulheres.<\/p>\n<p>O festival contou com grandes nomes da moda e elevou a sustentabilidade como foco de grandes artistas tendo como objetivo discutir o uso de materiais sustent\u00e1veis no artesanato, moda e design. Foram 64 inscritos e 30 selecionados em todo o Brasil.<\/p>\n<p><img decoding=\"async\" src=\"http:\/\/aconteceunovale.com.br\/portal\/wp-content\/uploads\/2014\/10\/estilista_ipatinga.jpg\" alt=\"\" \/><em>Vanusa B\u00e1rbara na casa de cultura Paraty &#8211; Foto: Jornal Vale do A\u00e7o<\/em><br \/>\n<\/br><\/p>\n<h4>Sele\u00e7\u00e3o<\/h4>\n<p>Os crit\u00e9rios para premia\u00e7\u00e3o exigidos pela comiss\u00e3o avaliadora do Paraty Eco Festival para a categoria Profissional foram: ess\u00eancia e objetivos da iniciativa; processo e produ\u00e7\u00e3o; usabilidade do produto, potencial do impacto econ\u00f4mico e retorno comercial; uso de materiais recicl\u00e1veis ou de manejo sustent\u00e1vel; direcionamento ao descarte correto por parte do consumidor; contribui\u00e7\u00e3o para uma sociedade mais sustent\u00e1vel; valoriza\u00e7\u00e3o dos saberes tradicionais sobre materiais t\u00e9cnicas de baixo impacto ambiental; intera\u00e7\u00e3o com a comunidade\/associa\u00e7\u00e3o; inclus\u00e3o de popula\u00e7\u00f5es tradicionais e perif\u00e9ricas no processo de produ\u00e7\u00e3o evidenciando os princ\u00edpios do trabalho justo; articula\u00e7\u00e3o com princ\u00edpios \u00e9ticos e est\u00e9ticos da moda e do design contempor\u00e2neos.<\/p>\n<p>B\u00e1rbara foi contemplada com um curso no Instituto Rio Moda, a ser realizado no pr\u00f3ximo ano. Al\u00e9m do curso, a estilista far\u00e1 parte do cat\u00e1logo 2014 do Paraty Eco Festival.<\/p>\n<h4>Parcerias<\/h4>\n<p>O projeto As Melindrosas \u00e9 apoiado pela Lei de Incentivo \u00e0 Cultura de Minas Gerais e patrocinado pela Provest Uniformes e Help Car Plataformas e conta com o apoio da Fiemg, Patty Publicidade, Brasart e Instituto Cultural Usiminas. As pe\u00e7as s\u00e3o produzidas com retalhos da Provest Uniformes e sobras de produ\u00e7\u00e3o industrial, trabalhando a sustentabilidade, marca presente nos diversos trabalhos da artista. E para dar vida ao projeto Vanuza B\u00e1rbara trabalha com o Grupo de Bordadeiras Fazendo Arte do bairro Bom Jardim, formado por cerca de 30 mulheres que enxergam no bordado uma nova fonte de renda.<\/p>\n<p>Nesta quarta-feira, 29, a estilista participa do semin\u00e1rio Ind\u00fastria Competitiva e Sustent\u00e1vel, no audit\u00f3rio do Centro Integrado SESI SENAI FIEMG Vale do A\u00e7o. O evento tem o intuito de apresentar e discutir temas de sustentabilidade, \u00e1rea de atua\u00e7\u00e3o da estilista. As pe\u00e7as das cole\u00e7\u00f5es Carne Seca e As Melindrosas ser\u00e3o apresentadas ao p\u00fablico.<\/p>\n<p><em>(Jornal Vale do A\u00e7o)<\/em><\/p>\n","protected":false},"excerpt":{"rendered":"<p>A dedica\u00e7\u00e3o, trabalho \u00e1rduo, inspira\u00e7\u00e3o e foco na sustentabilidade arremataram a participa\u00e7\u00e3o da artista pl\u00e1stica e estilista mineira Vanuza B\u00e1rbara no Paraty Eco Festival, realizado na cidade de Paraty, no Rio de Janeiro. Pelo segundo ano consecutivo a estilista foi premiada na Categoria Profissional, costurando assim seu nome junto a grandes nomes da moda na [&hellip;]<\/p>\n","protected":false},"author":1,"featured_media":43702,"comment_status":"open","ping_status":"closed","sticky":false,"template":"","format":"standard","meta":{"amp_status":"","footnotes":""},"categories":[121],"tags":[1018,20912,20911,201,20915,20913,20914],"class_list":["post-43701","post","type-post","status-publish","format-standard","has-post-thumbnail","hentry","category-leste","tag-destaque","tag-estilista-ipatinguense-e-premiada-pelo-segundo-ano-consecutivo-no-paraty-eco-festival","tag-estilista-ipatinguense-vanuza-barbara-e-premiada-pelo-segundo-ano-consecutivo-no-paraty-eco-festival","tag-ipatinga","tag-paraty","tag-paraty-eco-festival","tag-vanuza-barbara"],"_links":{"self":[{"href":"https:\/\/aconteceunovale.com.br\/portal\/index.php?rest_route=\/wp\/v2\/posts\/43701","targetHints":{"allow":["GET"]}}],"collection":[{"href":"https:\/\/aconteceunovale.com.br\/portal\/index.php?rest_route=\/wp\/v2\/posts"}],"about":[{"href":"https:\/\/aconteceunovale.com.br\/portal\/index.php?rest_route=\/wp\/v2\/types\/post"}],"author":[{"embeddable":true,"href":"https:\/\/aconteceunovale.com.br\/portal\/index.php?rest_route=\/wp\/v2\/users\/1"}],"replies":[{"embeddable":true,"href":"https:\/\/aconteceunovale.com.br\/portal\/index.php?rest_route=%2Fwp%2Fv2%2Fcomments&post=43701"}],"version-history":[{"count":0,"href":"https:\/\/aconteceunovale.com.br\/portal\/index.php?rest_route=\/wp\/v2\/posts\/43701\/revisions"}],"wp:featuredmedia":[{"embeddable":true,"href":"https:\/\/aconteceunovale.com.br\/portal\/index.php?rest_route=\/wp\/v2\/media\/43702"}],"wp:attachment":[{"href":"https:\/\/aconteceunovale.com.br\/portal\/index.php?rest_route=%2Fwp%2Fv2%2Fmedia&parent=43701"}],"wp:term":[{"taxonomy":"category","embeddable":true,"href":"https:\/\/aconteceunovale.com.br\/portal\/index.php?rest_route=%2Fwp%2Fv2%2Fcategories&post=43701"},{"taxonomy":"post_tag","embeddable":true,"href":"https:\/\/aconteceunovale.com.br\/portal\/index.php?rest_route=%2Fwp%2Fv2%2Ftags&post=43701"}],"curies":[{"name":"wp","href":"https:\/\/api.w.org\/{rel}","templated":true}]}}