{"id":43697,"date":"2014-10-28T22:07:23","date_gmt":"2014-10-29T01:07:23","guid":{"rendered":"http:\/\/aconteceunovale.com.br\/portal\/?p=43697"},"modified":"2014-10-28T22:07:23","modified_gmt":"2014-10-29T01:07:23","slug":"suzane-von-richthofen-se-casa-com-sequestradora-na-prisao","status":"publish","type":"post","link":"https:\/\/aconteceunovale.com.br\/portal\/?p=43697","title":{"rendered":"Suzane von Richthofen se casa com sequestradora na pris\u00e3o"},"content":{"rendered":"<h4><strong><em>A nova parceira \u00e9 ex de Elize Matsunaga, condenada por esquartejar o marido<\/em><\/strong><\/h4>\n<div id=\"fb-root\"><\/div>\n<p>\t\t\t\t<script>(function(d, s, id) {\n\t\t\t\t  var js, fjs = d.getElementsByTagName(s)[0];\n\t\t\t\t  if (d.getElementById(id)) return;\n\t\t\t\t  js = d.createElement(s); js.id = id;\n\t\t\t\t  js.src = \"\/\/connect.facebook.net\/pt_BR\/sdk.js#xfbml=1&appId=691575364226355&version=v2.0\";\n\t\t\t\t  fjs.parentNode.insertBefore(js, fjs);\n\t\t\t\t}(document, 'script', 'facebook-jssdk'));<\/script><\/p>\n<div class=\"fb-like\" data-href=\"https:\/\/www.facebook.com\/aconteceunovale\" data-layout=\"button_count\" data-action=\"like\" data-show-faces=\"true\" data-share=\"true\"><\/div>\n<p><\/br><\/p>\n<p>Suzane von Richthofen, condenada a 39 anos e 6 meses de pris\u00e3o pelo assassinato dos pais em 2002, mudou de vida dentro do pres\u00eddio de Trememb\u00e9: ap\u00f3s se tornar evang\u00e9lica e abrir m\u00e3o de lutar pela heran\u00e7a, ela se casou com Sandra Regina Gomes, condenada a 27 anos de pris\u00e3o pelo sequestro de uma empres\u00e1ria de S\u00e3o Paulo. As informa\u00e7\u00f5es s\u00e3o do jornal Folha de S\u00e3o Paulo.<\/p>\n<p>Recentemente, ela trocou a ala das evang\u00e9licas da penitenci\u00e1ria feminina \u2013 onde residia at\u00e9 ent\u00e3o \u2013 para ocupar a cela especial das presas casadas com a nova parceira. O novo casal trabalhava na f\u00e1brica de roupas da pris\u00e3o junto com a ex de Sandra, Elize Matsunaga, presa pela morte e esquartejamento do marido Marcos Kitano Matsunaga em junho de 2012. O relacionamento teria terminado em fun\u00e7\u00e3o de Suzane.<\/p>\n<p><img decoding=\"async\" src=\"http:\/\/aconteceunovale.com.br\/portal\/wp-content\/uploads\/2014\/10\/suzane_von.jpg\" alt=\"\" \/><em>Suzane negou a progress\u00e3o para o regime semiaberto &#8211; Foto: Robson Fernandes\/Ag\u00eancia Estado<\/em><br \/>\n<\/br><\/p>\n<p>No pres\u00eddio, as detentas podem assinar um documento de reconhecimento de relacionamento afetivo, que funciona como uma certid\u00e3o de casamento e permite que casais vivam juntos. Caso um casal se separe, \u00e9 necess\u00e1rio seis meses para que a presa possa voltar a utilizar a cela especial. A atual parceira de Suzane teve que cumprir a quarentena ap\u00f3s se separar de Matsunaga.<\/p>\n<p>O relacionamento \u00e9 apontado como um dos motivo para Suzane ter negado a progress\u00e3o para o regime semiaberto. Em agosto, a ju\u00edza da Vara de Execu\u00e7\u00f5es Penais de Taubat\u00e9, Sueli Zeraik de Oliveira Armani, havia concedido o direito \u00e0 Suzane, que declarou que preferia permanecer no pres\u00eddio. (Zero Hora)<\/p>\n","protected":false},"excerpt":{"rendered":"<p>A nova parceira \u00e9 ex de Elize Matsunaga, condenada por esquartejar o marido Suzane von Richthofen, condenada a 39 anos e 6 meses de pris\u00e3o pelo assassinato dos pais em 2002, mudou de vida dentro do pres\u00eddio de Trememb\u00e9: ap\u00f3s se tornar evang\u00e9lica e abrir m\u00e3o de lutar pela heran\u00e7a, ela se casou com Sandra [&hellip;]<\/p>\n","protected":false},"author":1,"featured_media":43699,"comment_status":"open","ping_status":"closed","sticky":false,"template":"","format":"standard","meta":{"amp_status":"","footnotes":""},"categories":[6],"tags":[20910,20908,20909,20907],"class_list":["post-43697","post","type-post","status-publish","format-standard","has-post-thumbnail","hentry","category-br","tag-casamento-de-suzane-von-richthofen","tag-elize-matsunaga","tag-suzane-von-richthofen","tag-suzane-von-richthofen-se-casa-com-sequestradora-na-prisao"],"_links":{"self":[{"href":"https:\/\/aconteceunovale.com.br\/portal\/index.php?rest_route=\/wp\/v2\/posts\/43697","targetHints":{"allow":["GET"]}}],"collection":[{"href":"https:\/\/aconteceunovale.com.br\/portal\/index.php?rest_route=\/wp\/v2\/posts"}],"about":[{"href":"https:\/\/aconteceunovale.com.br\/portal\/index.php?rest_route=\/wp\/v2\/types\/post"}],"author":[{"embeddable":true,"href":"https:\/\/aconteceunovale.com.br\/portal\/index.php?rest_route=\/wp\/v2\/users\/1"}],"replies":[{"embeddable":true,"href":"https:\/\/aconteceunovale.com.br\/portal\/index.php?rest_route=%2Fwp%2Fv2%2Fcomments&post=43697"}],"version-history":[{"count":0,"href":"https:\/\/aconteceunovale.com.br\/portal\/index.php?rest_route=\/wp\/v2\/posts\/43697\/revisions"}],"wp:featuredmedia":[{"embeddable":true,"href":"https:\/\/aconteceunovale.com.br\/portal\/index.php?rest_route=\/wp\/v2\/media\/43699"}],"wp:attachment":[{"href":"https:\/\/aconteceunovale.com.br\/portal\/index.php?rest_route=%2Fwp%2Fv2%2Fmedia&parent=43697"}],"wp:term":[{"taxonomy":"category","embeddable":true,"href":"https:\/\/aconteceunovale.com.br\/portal\/index.php?rest_route=%2Fwp%2Fv2%2Fcategories&post=43697"},{"taxonomy":"post_tag","embeddable":true,"href":"https:\/\/aconteceunovale.com.br\/portal\/index.php?rest_route=%2Fwp%2Fv2%2Ftags&post=43697"}],"curies":[{"name":"wp","href":"https:\/\/api.w.org\/{rel}","templated":true}]}}