{"id":43687,"date":"2014-10-28T21:39:15","date_gmt":"2014-10-29T00:39:15","guid":{"rendered":"http:\/\/aconteceunovale.com.br\/portal\/?p=43687"},"modified":"2014-10-28T21:39:15","modified_gmt":"2014-10-29T00:39:15","slug":"ex-prefeito-de-sao-joao-da-ponte-e-liberado-do-presidio","status":"publish","type":"post","link":"https:\/\/aconteceunovale.com.br\/portal\/?p=43687","title":{"rendered":"Ex-prefeito de S\u00e3o Jo\u00e3o da Ponte \u00e9 liberado do pres\u00eddio"},"content":{"rendered":"<h4><strong><em>F\u00e1bio Luiz Cordeiro foi solto nesta segunda (27). Ele foi preso em maio e \u00e9 investigado por desvio de verba e fraude em licita\u00e7\u00e3o.<\/em><\/strong><\/h4>\n<div id=\"fb-root\"><\/div>\n<p>\t\t\t\t<script>(function(d, s, id) {\n\t\t\t\t  var js, fjs = d.getElementsByTagName(s)[0];\n\t\t\t\t  if (d.getElementById(id)) return;\n\t\t\t\t  js = d.createElement(s); js.id = id;\n\t\t\t\t  js.src = \"\/\/connect.facebook.net\/pt_BR\/sdk.js#xfbml=1&appId=691575364226355&version=v2.0\";\n\t\t\t\t  fjs.parentNode.insertBefore(js, fjs);\n\t\t\t\t}(document, 'script', 'facebook-jssdk'));<\/script><\/p>\n<div class=\"fb-like\" data-href=\"https:\/\/www.facebook.com\/aconteceunovale\" data-layout=\"button_count\" data-action=\"like\" data-show-faces=\"true\" data-share=\"true\"><\/div>\n<p><\/br><\/p>\n<p>A Justi\u00e7a revogou nesta segunda-feira (27) a pris\u00e3o do ex-prefeito de S\u00e3o Jo\u00e3o da Ponte, F\u00e1bio Luiz Fernandes Cordeiro. O ex-gestor estava preso no Pres\u00eddio Regional em Montes Claros (MG). Ele \u00e9 investigado por desvios de verbas p\u00fablicas e fraudes em licita\u00e7\u00f5es.<\/p>\n<p>Segundo informa\u00e7\u00f5es dos advogados do ex-prefeito, ele vai responder o processo em liberdade e deve comparecer em Ju\u00edzo duas vezes por m\u00eas, al\u00e9m de n\u00e3o poder sair do munic\u00edpio onde mora sem autoriza\u00e7\u00e3o do juiz.<\/p>\n<p>O ex-gestor foi preso em maio deste ano pela Pol\u00edcia Federal. Em junho deste ano a Justi\u00e7a negou habeas corpus para F\u00e1bio Cordeiro.<\/p>\n<p>Na \u00e9poca, o delegado Tiago Garcia Amorim afirmou que as investiga\u00e7\u00f5es apontaram fraudes em quatro licita\u00e7\u00f5es e desvio de verbas superior a R$ 4 milh\u00f5es, dinheiro pago por obras n\u00e3o executadas.<\/p>\n<p>Em junho deste ano, uma das reportagens exibidas no MG Inter TV, na s\u00e9rie  \u201cCorrup\u00e7\u00e3o: Impactos de um crime\u201d, mostrou a hist\u00f3ria de um pedreiro analfabeto, que foi nomeado como secret\u00e1rio do munic\u00edpio, pelo ent\u00e3o prefeito F\u00e1bio Cordeiro. Apesar de n\u00e3o saber escrever, Ironaldo de Jesus assinou um documento para beneficiar uma prima do ex-gestor com um financiamento estudantil.<\/p>\n<p>&#8220;Eu n\u00e3o assino, \u00e9 s\u00f3 com o dedo mesmo. E aquela assinatura que est\u00e1 l\u00e1 no documento comprovando isso, n\u00e3o sou eu. Eu n\u00e3o consigo, \u00e9 s\u00f3 no dedo&#8221;, ressalta o pedreiro.<\/p>\n<p>A s\u00e9rie tamb\u00e9m mostrou que algumas obras importantes da cidade estavam paradas, entre elas o hospital da cidade. Desde 2007 a unidade de sa\u00fade funcionava sem alvar\u00e1 e acumulava uma d\u00edvida de mais de R$ 6 milh\u00f5es. Em 2011, o Minist\u00e9rio P\u00fablico, a Receita Estadual e a Pol\u00edcia Federal identificaram um esquema de desvio de verba na compra de medicamentos e produtos para a sa\u00fade. As investiga\u00e7\u00f5es mostraram ainda que em apenas um dos contratos o preju\u00edzo chegou a R$ 1,7 milh\u00e3o.<\/p>\n<p>Em 2011 F\u00e1bio Cordeiro foi afastado por improbidade administrativa. Na \u00e9poca, amea\u00e7ado de perder o cargo, ele emitiu cinco cheques no valor de R$ 50 mil cada em nome de cinco vereadores. E outro no valor de R$ 60 mil seria destinado para o ent\u00e3o presidente da C\u00e2mara.<\/p>\n<p>Na \u00e9poca da pris\u00e3o, Leonardo Linhares, advogado do ex-prefeito de S\u00e3o Jo\u00e3o da Ponte, F\u00e1bio Luiz Fernandes Cordeiro, se limitou a dizer que n\u00e3o houve falhas na administra\u00e7\u00e3o do cliente. Confirmou que Ironaldo foi fiador da prima do prefeito, mas as parcelas do financiamento j\u00e1 teriam sido pagas. Ele tamb\u00e9m afirmou desconhecer a nomea\u00e7\u00e3o de Ironaldo como secret\u00e1rio municipal de esportes.<\/p>\n<p><strong><em>(Inter TV Grande Minas)<\/em><\/strong><\/p>\n","protected":false},"excerpt":{"rendered":"<p>F\u00e1bio Luiz Cordeiro foi solto nesta segunda (27). Ele foi preso em maio e \u00e9 investigado por desvio de verba e fraude em licita\u00e7\u00e3o. A Justi\u00e7a revogou nesta segunda-feira (27) a pris\u00e3o do ex-prefeito de S\u00e3o Jo\u00e3o da Ponte, F\u00e1bio Luiz Fernandes Cordeiro. O ex-gestor estava preso no Pres\u00eddio Regional em Montes Claros (MG). Ele [&hellip;]<\/p>\n","protected":false},"author":1,"featured_media":28430,"comment_status":"open","ping_status":"closed","sticky":false,"template":"","format":"standard","meta":{"amp_status":"","footnotes":""},"categories":[1236],"tags":[20902,20903,7357,210,2448],"class_list":["post-43687","post","type-post","status-publish","format-standard","has-post-thumbnail","hentry","category-norte_de_minas","tag-ex-prefeito-de-sao-joao-da-ponte-e-liberado-do-presidio","tag-fabio-luiz-cordeiro","tag-fabio-luiz-fernandes-cordeiro","tag-montes-claros","tag-sao-joao-da-ponte"],"_links":{"self":[{"href":"https:\/\/aconteceunovale.com.br\/portal\/index.php?rest_route=\/wp\/v2\/posts\/43687","targetHints":{"allow":["GET"]}}],"collection":[{"href":"https:\/\/aconteceunovale.com.br\/portal\/index.php?rest_route=\/wp\/v2\/posts"}],"about":[{"href":"https:\/\/aconteceunovale.com.br\/portal\/index.php?rest_route=\/wp\/v2\/types\/post"}],"author":[{"embeddable":true,"href":"https:\/\/aconteceunovale.com.br\/portal\/index.php?rest_route=\/wp\/v2\/users\/1"}],"replies":[{"embeddable":true,"href":"https:\/\/aconteceunovale.com.br\/portal\/index.php?rest_route=%2Fwp%2Fv2%2Fcomments&post=43687"}],"version-history":[{"count":0,"href":"https:\/\/aconteceunovale.com.br\/portal\/index.php?rest_route=\/wp\/v2\/posts\/43687\/revisions"}],"wp:featuredmedia":[{"embeddable":true,"href":"https:\/\/aconteceunovale.com.br\/portal\/index.php?rest_route=\/wp\/v2\/media\/28430"}],"wp:attachment":[{"href":"https:\/\/aconteceunovale.com.br\/portal\/index.php?rest_route=%2Fwp%2Fv2%2Fmedia&parent=43687"}],"wp:term":[{"taxonomy":"category","embeddable":true,"href":"https:\/\/aconteceunovale.com.br\/portal\/index.php?rest_route=%2Fwp%2Fv2%2Fcategories&post=43687"},{"taxonomy":"post_tag","embeddable":true,"href":"https:\/\/aconteceunovale.com.br\/portal\/index.php?rest_route=%2Fwp%2Fv2%2Ftags&post=43687"}],"curies":[{"name":"wp","href":"https:\/\/api.w.org\/{rel}","templated":true}]}}