{"id":43683,"date":"2014-10-28T21:31:54","date_gmt":"2014-10-29T00:31:54","guid":{"rendered":"http:\/\/aconteceunovale.com.br\/portal\/?p=43683"},"modified":"2014-10-28T21:31:54","modified_gmt":"2014-10-29T00:31:54","slug":"caminhoneiro-fica-gravemente-ferido-em-acidente-no-norte-de-minas","status":"publish","type":"post","link":"https:\/\/aconteceunovale.com.br\/portal\/?p=43683","title":{"rendered":"Caminhoneiro fica gravemente ferido em acidente no Norte de Minas"},"content":{"rendered":"<h4><strong><em>Ele perdeu o controle da dire\u00e7\u00e3o do ve\u00edculo e desceu por uma ribanceira. Caminh\u00e3o ficou destru\u00eddo e s\u00f3 parou ap\u00f3s bater em uma \u00e1rvore.<\/em><\/strong><\/h4>\n<div id=\"fb-root\"><\/div>\n<p>\t\t\t\t<script>(function(d, s, id) {\n\t\t\t\t  var js, fjs = d.getElementsByTagName(s)[0];\n\t\t\t\t  if (d.getElementById(id)) return;\n\t\t\t\t  js = d.createElement(s); js.id = id;\n\t\t\t\t  js.src = \"\/\/connect.facebook.net\/pt_BR\/sdk.js#xfbml=1&appId=691575364226355&version=v2.0\";\n\t\t\t\t  fjs.parentNode.insertBefore(js, fjs);\n\t\t\t\t}(document, 'script', 'facebook-jssdk'));<\/script><\/p>\n<div class=\"fb-like\" data-href=\"https:\/\/www.facebook.com\/aconteceunovale\" data-layout=\"button_count\" data-action=\"like\" data-show-faces=\"true\" data-share=\"true\"><\/div>\n<p><\/br><\/p>\n<p>O motorista Everson Souza de Lima, de 24 anos, ficou gravemente ferido em um acidente nesta ter\u00e7a-feira, 28 de outubro, na BR-135 em Montes Claros, Norte de Minas. De acordo com a Pol\u00edcia Rodovi\u00e1ria Federal, em uma curva da rodovia, o caminhoneiro perdeu o controle da dire\u00e7\u00e3o do caminh\u00e3o e acabou descendo desgovernado por uma ribanceira, e s\u00f3 parou ao bater em uma \u00e1rvore.<\/p>\n<p>Durante a descida, o motorista foi arremessado para fora do ve\u00edculo, que ficou totalmente destru\u00eddo. A v\u00edtima foi socorrida pelo Samu e encaminhada para a Santa Casa de Montes Claros.<\/p>\n<p><img decoding=\"async\" src=\"http:\/\/aconteceunovale.com.br\/portal\/wp-content\/uploads\/2014\/10\/acidente_moc_1.jpg\" alt=\"\" \/><em>Motorista foi socorrido e encaminhado ao hospital Santa Casa &#8211; Foto: Mauro Miranda Ferreira\/TV Record<\/em><br \/>\n<\/br><\/p>\n<p><img decoding=\"async\" src=\"http:\/\/aconteceunovale.com.br\/portal\/wp-content\/uploads\/2014\/10\/acidente_moc_3.jpg\" alt=\"\" \/><em>Motorista foi socorrido e encaminhado ao hospital Santa Casa &#8211; Foto: Mauro Miranda Ferreira\/TV Record<\/em><\/p>\n","protected":false},"excerpt":{"rendered":"<p>Ele perdeu o controle da dire\u00e7\u00e3o do ve\u00edculo e desceu por uma ribanceira. Caminh\u00e3o ficou destru\u00eddo e s\u00f3 parou ap\u00f3s bater em uma \u00e1rvore. O motorista Everson Souza de Lima, de 24 anos, ficou gravemente ferido em um acidente nesta ter\u00e7a-feira, 28 de outubro, na BR-135 em Montes Claros, Norte de Minas. De acordo com [&hellip;]<\/p>\n","protected":false},"author":1,"featured_media":43684,"comment_status":"open","ping_status":"closed","sticky":false,"template":"","format":"standard","meta":{"amp_status":"","footnotes":""},"categories":[1236],"tags":[16673,19374,20899,20900,20898,1018,20901,210],"class_list":["post-43683","post","type-post","status-publish","format-standard","has-post-thumbnail","hentry","category-norte_de_minas","tag-acidente-em-montes-claros","tag-acidente-na-br-135","tag-caminhoneiro-fica-gravemente-ferido-em-acidente-em-montes-claros","tag-caminhoneiro-fica-gravemente-ferido-em-acidente-na-br-135","tag-caminhoneiro-fica-gravemente-ferido-em-acidente-no-norte-de-minas","tag-destaque","tag-everson-souza-de-lima","tag-montes-claros"],"_links":{"self":[{"href":"https:\/\/aconteceunovale.com.br\/portal\/index.php?rest_route=\/wp\/v2\/posts\/43683","targetHints":{"allow":["GET"]}}],"collection":[{"href":"https:\/\/aconteceunovale.com.br\/portal\/index.php?rest_route=\/wp\/v2\/posts"}],"about":[{"href":"https:\/\/aconteceunovale.com.br\/portal\/index.php?rest_route=\/wp\/v2\/types\/post"}],"author":[{"embeddable":true,"href":"https:\/\/aconteceunovale.com.br\/portal\/index.php?rest_route=\/wp\/v2\/users\/1"}],"replies":[{"embeddable":true,"href":"https:\/\/aconteceunovale.com.br\/portal\/index.php?rest_route=%2Fwp%2Fv2%2Fcomments&post=43683"}],"version-history":[{"count":0,"href":"https:\/\/aconteceunovale.com.br\/portal\/index.php?rest_route=\/wp\/v2\/posts\/43683\/revisions"}],"wp:featuredmedia":[{"embeddable":true,"href":"https:\/\/aconteceunovale.com.br\/portal\/index.php?rest_route=\/wp\/v2\/media\/43684"}],"wp:attachment":[{"href":"https:\/\/aconteceunovale.com.br\/portal\/index.php?rest_route=%2Fwp%2Fv2%2Fmedia&parent=43683"}],"wp:term":[{"taxonomy":"category","embeddable":true,"href":"https:\/\/aconteceunovale.com.br\/portal\/index.php?rest_route=%2Fwp%2Fv2%2Fcategories&post=43683"},{"taxonomy":"post_tag","embeddable":true,"href":"https:\/\/aconteceunovale.com.br\/portal\/index.php?rest_route=%2Fwp%2Fv2%2Ftags&post=43683"}],"curies":[{"name":"wp","href":"https:\/\/api.w.org\/{rel}","templated":true}]}}