{"id":43681,"date":"2014-10-28T21:18:46","date_gmt":"2014-10-29T00:18:46","guid":{"rendered":"http:\/\/aconteceunovale.com.br\/portal\/?p=43681"},"modified":"2014-10-28T21:18:46","modified_gmt":"2014-10-29T00:18:46","slug":"morte-de-mendigo-choca-moradores-do-bairro-sao-jose-em-montes-claros","status":"publish","type":"post","link":"https:\/\/aconteceunovale.com.br\/portal\/?p=43681","title":{"rendered":"Morte de mendigo choca moradores do bairro S\u00e3o Jos\u00e9 em Montes Claros"},"content":{"rendered":"<h4><strong><em>Jo\u00e3o Leopoldo vivia nas ruas do bairro e foi encontrado morto no Ibituruna. Segundo moradores ele era constantemente agredido.<\/em><\/strong><\/h4>\n<div id=\"fb-root\"><\/div>\n<p>\t\t\t\t<script>(function(d, s, id) {\n\t\t\t\t  var js, fjs = d.getElementsByTagName(s)[0];\n\t\t\t\t  if (d.getElementById(id)) return;\n\t\t\t\t  js = d.createElement(s); js.id = id;\n\t\t\t\t  js.src = \"\/\/connect.facebook.net\/pt_BR\/sdk.js#xfbml=1&appId=691575364226355&version=v2.0\";\n\t\t\t\t  fjs.parentNode.insertBefore(js, fjs);\n\t\t\t\t}(document, 'script', 'facebook-jssdk'));<\/script><\/p>\n<div class=\"fb-like\" data-href=\"https:\/\/www.facebook.com\/aconteceunovale\" data-layout=\"button_count\" data-action=\"like\" data-show-faces=\"true\" data-share=\"true\"><\/div>\n<p><\/br><\/p>\n<p>A morte do morador de rua Jo\u00e3o Leopoldo Ruas, deixou chocada a popula\u00e7\u00e3o do bairro S\u00e3o Jos\u00e9, Regi\u00e3o Central de Montes Claros, no Norte de Minas. O corpo de Leopoldo est\u00e1 no Instituto M\u00e9dico Legal da cidade desde o fim de semana. O reconhecimento foi realizado pela fam\u00edlia de Juvenal Caldeira, que reside na rua \u00c2ngelo de Quadros, onde Jo\u00e3o Leopoldo costumava ficar.<\/p>\n<p>\u201cEle desapareceu daqui por muitos dias. A gente estava sempre procurando e n\u00e3o t\u00ednhamos not\u00edcias. Depois ficamos sabendo que ele estava l\u00e1. Minha filha foi l\u00e1 com minha esposa e reconheceram ele pela roupa. O corpo estava em decomposi\u00e7\u00e3o e a cabe\u00e7a esmagada a parte superior\u201d, afirma o aposentado.<\/p>\n<p><img decoding=\"async\" src=\"http:\/\/aconteceunovale.com.br\/portal\/wp-content\/uploads\/2014\/06\/morador_rua_moc.jpg\" alt=\"\" \/><em>Jo\u00e3o Leopoldo j\u00e1 foi v\u00edtima de agress\u00f5es outras vezes (Foto: Valdivan Veloso\/G1)<\/em><br \/>\n<\/br><\/p>\n<p>Segundo Juvenal, a pol\u00edcia informou que o corpo de Leopoldo foi encontrado em um lote no bairro Ibituruna. Moradores do bairro S\u00e3o Jos\u00e9, n\u00e3o se conformam com a morte do morador de rua. \u201cEle era uma pessoa honest\u00edssima. Enquanto pode trabalhar trabalhou, mas ele era muito nervoso poque era epil\u00e9tico. Era uma pessoa muito querida por uns e odiada por outros\u201d, explica.<\/p>\n<p>Leopoldo j\u00e1 havia sido v\u00edtima de agress\u00f5es outras vezes e, segundo moradores do bairro S\u00e3o Jos\u00e9, as agress\u00f5es eram constantes. Em junho, a v\u00edtima foi ferida na cabe\u00e7a. \u201cO agressor estava com um cigarro e chegou a queimar o rosto do Jo\u00e3o e bateu com uma pedra, causando os ferimentos\u201d, disse uma moradora, que n\u00e3o quis se identificar na \u00e9poca.<\/p>\n<p>Desde novembro 2012, moradores do bairro se mobilizaram em busca de melhorias para Leopoldo. Na \u00e9poca, eles fizeram um abaixo-assinado e entregaram a v\u00e1rios \u00f3rg\u00e3os. \u201cFoi entregue a todas autoridades competentes que lembramos na \u00e9poca\u201d.<\/p>\n<p>A mobiliza\u00e7\u00e3o n\u00e3o trouxe nenhuma resposta para o problema. Com a ajuda do defensor p\u00fablico, Reginaldo Rodrigues, mais um pedido foi entregue \u00e0s autoridades. Mas, mais uma vez, n\u00e3o houve nenhuma resposta. Ent\u00e3o, o defensor p\u00fablico encaminhou \u00e0 Justi\u00e7a um pedido de interdi\u00e7\u00e3o, que autorizaria a interna\u00e7\u00e3o do morador em um abrigo.<\/p>\n<p>\u201cAtendendo ao pedido, do senhor Juvenal e moradores vizinhos onde ele se encontrava em estado de abandono absoluto e sofrendo v\u00e1rias agress\u00f5es f\u00edsicas no dia a dia, pedi ao juiz da Vara da Fam\u00edlia de Montes Claros que procedesse a interdi\u00e7\u00e3o dele e autoriza\u00e7\u00e3o para seu internamento\u201d, explica o defensor.<\/p>\n<p>H\u00e1 mais de dois meses o pedido do doutor Reginaldo foi arquivado. O juiz da Vara da Fam\u00edlia teria informado que o defensor n\u00e3o tinha atribui\u00e7\u00e3o para aquele pedido. A Defensoria P\u00fablica foi informada, pouco tempo depois, que o Minist\u00e9rio P\u00fablico entrou com um pedido semelhante na Justi\u00e7a. \u201cQuantas vezes tivermos pessoas nas ruas abandonadas, por drogas ou por serem portadoras de sofrimento mental, n\u00f3s iremos comunicar \u00e0 autoridades. Esse \u00e9 nosso dever. Infelizmente n\u00e3o deu tempo\u201d, afirma o defensor p\u00fablico.<\/p>\n<p>Ningu\u00e9m da Vara da Fam\u00edlia foi encontrado para falar do assunto e o laudo da causa da morte de Jo\u00e3o Leopoldo ainda n\u00e3o foi encaminhado para a Pol\u00edcia Civil.<\/p>\n<p>Segundo  a assessoria de comunica\u00e7\u00e3o da prefeitura, ele era acompanhado pelo servi\u00e7o de assist\u00eancia a moradores de rua, da Secretaria de Desenvolvimento Social do munic\u00edpio. Ainda de acordo com a assessoria, Jo\u00e3o Leopoldo sofria de transtornos mentais e resistia aos tratamentos.<\/p>\n<p><strong><em>(Inter TV Grande Minas)<\/em><\/strong><\/p>\n","protected":false},"excerpt":{"rendered":"<p>Jo\u00e3o Leopoldo vivia nas ruas do bairro e foi encontrado morto no Ibituruna. Segundo moradores ele era constantemente agredido. A morte do morador de rua Jo\u00e3o Leopoldo Ruas, deixou chocada a popula\u00e7\u00e3o do bairro S\u00e3o Jos\u00e9, Regi\u00e3o Central de Montes Claros, no Norte de Minas. O corpo de Leopoldo est\u00e1 no Instituto M\u00e9dico Legal da [&hellip;]<\/p>\n","protected":false},"author":1,"featured_media":31186,"comment_status":"open","ping_status":"closed","sticky":false,"template":"","format":"standard","meta":{"amp_status":"","footnotes":""},"categories":[1236],"tags":[20895,20896,210,20897],"class_list":["post-43681","post","type-post","status-publish","format-standard","has-post-thumbnail","hentry","category-norte_de_minas","tag-joao-leopoldo-ruas","tag-juvenal-caldeira","tag-montes-claros","tag-morte-de-mendigo-choca-moradores-do-bairro-sao-jose-em-montes-claros"],"_links":{"self":[{"href":"https:\/\/aconteceunovale.com.br\/portal\/index.php?rest_route=\/wp\/v2\/posts\/43681","targetHints":{"allow":["GET"]}}],"collection":[{"href":"https:\/\/aconteceunovale.com.br\/portal\/index.php?rest_route=\/wp\/v2\/posts"}],"about":[{"href":"https:\/\/aconteceunovale.com.br\/portal\/index.php?rest_route=\/wp\/v2\/types\/post"}],"author":[{"embeddable":true,"href":"https:\/\/aconteceunovale.com.br\/portal\/index.php?rest_route=\/wp\/v2\/users\/1"}],"replies":[{"embeddable":true,"href":"https:\/\/aconteceunovale.com.br\/portal\/index.php?rest_route=%2Fwp%2Fv2%2Fcomments&post=43681"}],"version-history":[{"count":0,"href":"https:\/\/aconteceunovale.com.br\/portal\/index.php?rest_route=\/wp\/v2\/posts\/43681\/revisions"}],"wp:featuredmedia":[{"embeddable":true,"href":"https:\/\/aconteceunovale.com.br\/portal\/index.php?rest_route=\/wp\/v2\/media\/31186"}],"wp:attachment":[{"href":"https:\/\/aconteceunovale.com.br\/portal\/index.php?rest_route=%2Fwp%2Fv2%2Fmedia&parent=43681"}],"wp:term":[{"taxonomy":"category","embeddable":true,"href":"https:\/\/aconteceunovale.com.br\/portal\/index.php?rest_route=%2Fwp%2Fv2%2Fcategories&post=43681"},{"taxonomy":"post_tag","embeddable":true,"href":"https:\/\/aconteceunovale.com.br\/portal\/index.php?rest_route=%2Fwp%2Fv2%2Ftags&post=43681"}],"curies":[{"name":"wp","href":"https:\/\/api.w.org\/{rel}","templated":true}]}}