{"id":43669,"date":"2014-10-28T20:58:03","date_gmt":"2014-10-28T23:58:03","guid":{"rendered":"http:\/\/aconteceunovale.com.br\/portal\/?p=43669"},"modified":"2014-10-28T21:00:13","modified_gmt":"2014-10-29T00:00:13","slug":"homem-confundido-com-estuprador-em-valadares-vai-entrar-na-justica-contra-a-policia-militar","status":"publish","type":"post","link":"https:\/\/aconteceunovale.com.br\/portal\/?p=43669","title":{"rendered":"Homem confundido com estuprador em Valadares vai entrar na justi\u00e7a contra a Pol\u00edcia Militar"},"content":{"rendered":"<h4><strong><em>Pedro Liberato disse que abordagem da Pol\u00edcia Militar teria sido irregular. Kleidsson dos Santos foi abordado por ter carro semelhante a de estuprador.<\/em><\/strong><\/h4>\n<div id=\"fb-root\"><\/div>\n<p>\t\t\t\t<script>(function(d, s, id) {\n\t\t\t\t  var js, fjs = d.getElementsByTagName(s)[0];\n\t\t\t\t  if (d.getElementById(id)) return;\n\t\t\t\t  js = d.createElement(s); js.id = id;\n\t\t\t\t  js.src = \"\/\/connect.facebook.net\/pt_BR\/sdk.js#xfbml=1&appId=691575364226355&version=v2.0\";\n\t\t\t\t  fjs.parentNode.insertBefore(js, fjs);\n\t\t\t\t}(document, 'script', 'facebook-jssdk'));<\/script><\/p>\n<div class=\"fb-like\" data-href=\"https:\/\/www.facebook.com\/aconteceunovale\" data-layout=\"button_count\" data-action=\"like\" data-show-faces=\"true\" data-share=\"true\"><\/div>\n<p><\/br><\/p>\n<p>O advogado do supervisor t\u00e9cnico Kleidsson do Santos Amaral, Pedro Liberato, deu uma coletiva de imprensa na tarde desta ter\u00e7a-feira (28) na delegacia de Pol\u00edcia Civil de Governador Valadares, no Leste de Minas e afirmou que o seu cliente vai entrar na justi\u00e7a contra a Pol\u00edcia Militar (PM).<\/p>\n<p>Segundo o advogado, Kleidsson foi abordado pela PM em tr\u00eas oportunidades desde o \u00faltimo domingo (26), quando uma adolescente de 17 anos foi v\u00edtima de um estupro em Valadares. Em uma das abordagens no fim da manh\u00e3 desta ter\u00e7a-feira, fotos de Kleidsson sendo revistado foram divulgadas por pessoas que passavam pelo local, por meio de aplicativos de celulares e redes sociais na internet.<\/p>\n<p><img decoding=\"async\" src=\"http:\/\/aconteceunovale.com.br\/portal\/wp-content\/uploads\/2014\/10\/confudido_com_estuprador_gv.jpg\" alt=\"\" \/><em>Kleidsson (esquerda) e Pedro (direita) durante coletiva de imprensa na delegacia (Foto: Diego Souza\/G1)<\/em><br \/>\n<\/br><\/p>\n<p>\u201cA Pol\u00edcia Militar esteve na casa do meu cliente ainda no domingo porque a informa\u00e7\u00e3o era de que o ve\u00edculo utilizado pelos estupradores tinha a mesma marca e cor. O fato \u00e9 que a \u00fanica coisa semelhante \u00e9 a cor, porque a v\u00edtima n\u00e3o informou a marca do ve\u00edculo \u00e0 delegada que cuida do caso e disse apenas que era preto o carro. Ao ver a foto do meu cliente a v\u00edtima imediatamente disse que n\u00e3o se tratava de um dos autores do crime. Por isso, vamos acionar a justi\u00e7a\u201d, disse o advogado.<\/p>\n<p>Ap\u00f3s a divulga\u00e7\u00e3o das imagens de Kleidsson ele passou a receber amea\u00e7as, segundo advogado. \u201cDesde ent\u00e3o ele vem sofrendo com as consequ\u00eancias desses atos. Isso coloca em risco a vida dele. At\u00e9 amea\u00e7a de morte Kleidsson vem recebendo e a sua fam\u00edlia est\u00e1 muito abalada com tudo isso. O que a gente pede \u00e9 que as mesmas pessoas que fizeram a maldade de divulgar as imagens dele como um suposto criminoso, agora corrijam esse erro e publiquem a imagem dele como uma pessoa correta e de bem\u201d, pede o advogado.<\/p>\n<p>O comandante do Sexto Batalh\u00e3o da Pol\u00edcia Militar em Valadares, tenente coronel Wagner Fabiano deu uma coletiva de imprensa na manh\u00e3 desta ter\u00e7a-feira (28). Durante a tarde ele confirmou que Kleidsson do Santos Amaral n\u00e3o tem nenhuma rela\u00e7\u00e3o com o estupro registrado no domingo.<\/p>\n<p>\u201cReitero que esse indiv\u00edduo n\u00e3o praticou o crime, ele n\u00e3o \u00e9 o autor deste delito e n\u00e3o h\u00e1 nenhuma liga\u00e7\u00e3o dele em rela\u00e7\u00e3o a esses fatos. A abordagem aconteceu tendo em vista que o carro que ele possui se parece com o carro que foi passado para n\u00f3s, pelas v\u00edtimas e testemunhas\u201d, diz o comandante.<\/p>\n<p>Em rela\u00e7\u00e3o ao fato de Kleidsson acionar a justi\u00e7a, o tenente coronel diz que esse \u00e9 um direito que cada um tem. \u201c\u00c9 uma coisa pessoal se ele quiser fazer. Certo \u00e9 que havendo fundada suspeita de que um individuo possa estar praticando crimes ou ter praticado, a Pol\u00edcia Militar tem um respaldo no c\u00f3digo de processo penal de abordar essa pessoa e identificar, para checar a situa\u00e7\u00e3o\u201d.<br \/>\n<\/br><\/p>\n<p><center><\/p>\n<h1><strong>Delegada ouve depoimento de v\u00edtima de estupro<\/strong><\/h1>\n<p><\/center><\/p>\n<p>A Pol\u00edcia Civil de Governador Valadares, no Leste de Minas Gerais, investiga um estupro que aconteceu na manh\u00e3 de domingo (26). Conforme a delegada Adeliana Marino, a v\u00edtima de 17 anos afirmou em depoimento que foi violentada por dois homens.<\/p>\n<p><img decoding=\"async\" src=\"http:\/\/aconteceunovale.com.br\/portal\/wp-content\/uploads\/2014\/10\/delegada_gv.jpg\" alt=\"\" \/><em>Delegada diz que divulga\u00e7\u00e3o de mensagens atrapalham investiga\u00e7\u00f5es. (Foto: Diego Souza\/G1)<\/em><br \/>\n<\/br><\/p>\n<p>Ela foi abordada no Bairro S\u00e3o Tarc\u00edsio e acredita que o crime aconteceu no Bairro Universit\u00e1rio. Os suspeitos estariam em um carro preto. A ocorr\u00eancia foi registrada pela Pol\u00edcia Militar que tamb\u00e9m se pronunciou sobre o caso nesta ter\u00e7a-feira.<\/p>\n<p>\u201cA v\u00edtima disse que os suspeitos n\u00e3o estavam encapuzados e que um deles era alto, negro, aparentando ter 30 anos e o outro tinha cabelos grisalhos e aparentava ter 50 anos. Ela disse que os dois a estupraram. Eles estavam em um carro preto, mas em nenhum momento ela disse qual era a marca do carro\u201d, declarou Adeliana.<\/p>\n<p>Ainda de acordo com a delegada, uma adolescente de 16 anos tamb\u00e9m registrou ocorr\u00eancia de uma suposta tentativa de estupro no mesmo domingo (26), uma hora antes do estupro consumado no Bairro Universit\u00e1rio. \u201cA adolescente relatou que dois homens com as mesmas carater\u00edsticas tentaram aborda-la, mas ela reagiu gritando para chamar a aten\u00e7\u00e3o, eles desistiram e fugiram do local\u201d.<\/p>\n<h4>Falsas informa\u00e7\u00f5es<\/h4>\n<p>Desde o \u00faltimo domingo uma s\u00e9rie de informa\u00e7\u00f5es sobre os casos t\u00eam sido divulgadas em redes sociais e por meio de aplicativos de celular. Segundo a delegada Adeliana Mariano, as informa\u00e7\u00f5es repassadas na grande maioria s\u00e3o falsas e atrapalham as investiga\u00e7\u00f5es.<\/p>\n<p>\u201cNestas mensagens foram repassados retratos falados de suspeitos que nem s\u00e3o daqui e muito menos foram divulgados pela pol\u00edcia. Outra informa\u00e7\u00e3o inver\u00eddica \u00e9 sobre a marca do carro, as v\u00edtimas jamais afirmaram a marca que vem sendo divulgada, apenas que se trata de um carro preto. Tudo isso traz transtornos para as investiga\u00e7\u00f5es porque na tentativa de ajudar, estas pessoas acabam atrapalhando o trabalho da pol\u00edcia\u201d, explica a delegada.<\/p>\n<p>Imagens das c\u00e2meras de monitoramento do sistema Olho Vivo que est\u00e3o instaladas pr\u00f3ximo ao local onde a v\u00edtima do estupro foi abordada, j\u00e1 foram solicitadas pela Pol\u00edcia Civil, na tarde desta ter\u00e7a-feira (28) e ser\u00e3o analisadas.<\/p>\n<p><strong><em>(Fonte: Inter TV dos Vales)<\/em><\/strong><\/p>\n","protected":false},"excerpt":{"rendered":"<p>Pedro Liberato disse que abordagem da Pol\u00edcia Militar teria sido irregular. Kleidsson dos Santos foi abordado por ter carro semelhante a de estuprador. O advogado do supervisor t\u00e9cnico Kleidsson do Santos Amaral, Pedro Liberato, deu uma coletiva de imprensa na tarde desta ter\u00e7a-feira (28) na delegacia de Pol\u00edcia Civil de Governador Valadares, no Leste de [&hellip;]<\/p>\n","protected":false},"author":1,"featured_media":43670,"comment_status":"open","ping_status":"closed","sticky":false,"template":"","format":"standard","meta":{"amp_status":"","footnotes":""},"categories":[121],"tags":[20888,20886,20890,20893,1018,247,18800,20889,20887,20891,20892],"class_list":["post-43669","post","type-post","status-publish","format-standard","has-post-thumbnail","hentry","category-leste","tag-advogado-de-homem-abordado-pela-pm-diz-que-cliente-vai-acionar-justica","tag-advogado-de-homem-abordado-pela-policia-militar-em-governador-valadares-diz-que-cliente-vai-acionar-a-justica","tag-confudido-com-estuprador-em-valadares","tag-delegada-ouve-depoimento-de-vitima-de-estupro-em-governador-valadares","tag-destaque","tag-governador-valadares","tag-gv","tag-homem-confundido-com-estuprador-em-valadares-vai-entrar-na-justica-contra-a-policia-militar","tag-homem-confundido-com-estuprador-vai-entrar-na-justica-contra-a-policia-militar-de-valadares","tag-kleidsson-do-santos-amaral","tag-pedro-liberato"],"_links":{"self":[{"href":"https:\/\/aconteceunovale.com.br\/portal\/index.php?rest_route=\/wp\/v2\/posts\/43669","targetHints":{"allow":["GET"]}}],"collection":[{"href":"https:\/\/aconteceunovale.com.br\/portal\/index.php?rest_route=\/wp\/v2\/posts"}],"about":[{"href":"https:\/\/aconteceunovale.com.br\/portal\/index.php?rest_route=\/wp\/v2\/types\/post"}],"author":[{"embeddable":true,"href":"https:\/\/aconteceunovale.com.br\/portal\/index.php?rest_route=\/wp\/v2\/users\/1"}],"replies":[{"embeddable":true,"href":"https:\/\/aconteceunovale.com.br\/portal\/index.php?rest_route=%2Fwp%2Fv2%2Fcomments&post=43669"}],"version-history":[{"count":0,"href":"https:\/\/aconteceunovale.com.br\/portal\/index.php?rest_route=\/wp\/v2\/posts\/43669\/revisions"}],"wp:featuredmedia":[{"embeddable":true,"href":"https:\/\/aconteceunovale.com.br\/portal\/index.php?rest_route=\/wp\/v2\/media\/43670"}],"wp:attachment":[{"href":"https:\/\/aconteceunovale.com.br\/portal\/index.php?rest_route=%2Fwp%2Fv2%2Fmedia&parent=43669"}],"wp:term":[{"taxonomy":"category","embeddable":true,"href":"https:\/\/aconteceunovale.com.br\/portal\/index.php?rest_route=%2Fwp%2Fv2%2Fcategories&post=43669"},{"taxonomy":"post_tag","embeddable":true,"href":"https:\/\/aconteceunovale.com.br\/portal\/index.php?rest_route=%2Fwp%2Fv2%2Ftags&post=43669"}],"curies":[{"name":"wp","href":"https:\/\/api.w.org\/{rel}","templated":true}]}}