{"id":43653,"date":"2014-10-28T20:00:21","date_gmt":"2014-10-28T23:00:21","guid":{"rendered":"http:\/\/aconteceunovale.com.br\/portal\/?p=43653"},"modified":"2014-10-28T20:20:06","modified_gmt":"2014-10-28T23:20:06","slug":"caso-do-medico-preso-em-turmalina-e-debatido-pela-tv-verdade","status":"publish","type":"post","link":"https:\/\/aconteceunovale.com.br\/portal\/?p=43653","title":{"rendered":"Caso do m\u00e9dico preso em Turmalina \u00e9 debatido pela TV Verdade"},"content":{"rendered":"<div id=\"fb-root\"><\/div>\n<p>\t\t\t\t<script>(function(d, s, id) {\n\t\t\t\t  var js, fjs = d.getElementsByTagName(s)[0];\n\t\t\t\t  if (d.getElementById(id)) return;\n\t\t\t\t  js = d.createElement(s); js.id = id;\n\t\t\t\t  js.src = \"\/\/connect.facebook.net\/pt_BR\/sdk.js#xfbml=1&appId=691575364226355&version=v2.0\";\n\t\t\t\t  fjs.parentNode.insertBefore(js, fjs);\n\t\t\t\t}(document, 'script', 'facebook-jssdk'));<\/script><\/p>\n<div class=\"fb-like\" data-href=\"https:\/\/www.facebook.com\/aconteceunovale\" data-layout=\"button_count\" data-action=\"like\" data-show-faces=\"true\" data-share=\"true\"><\/div>\n<p><\/br><\/p>\n<p>Duas edi\u00e7\u00f5es do programa TV Verdade, que vai ao ar pela TV Alterosa, afiliada do Sistema Brasileiro de Televis\u00e3o (SBT), repercutiram o caso do ginecologista preso em Turmalina, no Vale do Jequitinhonha, por suspeita de abusos sexuais.<\/p>\n<p>No programa que foi ao ar nesta ter\u00e7a-feira, 28 de outubro, foi mostrada a indigna\u00e7\u00e3o de pacientes e ex-pacientes, que realizaram protestos clamando pela liberdade do m\u00e9dico, <a href=\"http:\/\/aconteceunovale.com.br\/portal\/?p=43127\" target=\"_blank\">conforme j\u00e1 foi mostrado pelo Portal Aconteceu no Vale em publica\u00e7\u00e3o anterior<\/a>. Em edi\u00e7\u00e3o anterior, que foi ao ar no dia 22, durante mais de 50 minutos, o apresentador e comentaristas debateram sobre a pris\u00e3o.<\/p>\n<h4>Programa de 28\/10<\/h4>\n<p><iframe loading=\"lazy\" width=\"640\" height=\"360\" src=\"\/\/www.youtube.com\/embed\/NaMW-JcVF5A\" frameborder=\"0\" allowfullscreen><\/iframe><br \/>\n<\/br><\/p>\n<h4>Programa de 22\/10<\/h4>\n<p><iframe loading=\"lazy\" width=\"640\" height=\"480\" src=\"\/\/www.youtube.com\/embed\/qlxSV0wfm7c\" frameborder=\"0\" allowfullscreen><\/iframe><br \/>\n<\/br><\/p>\n<h4>Leia mais sobre o assunto [+]<\/h4>\n<p><a href=\"http:\/\/aconteceunovale.com.br\/portal\/?p=43127\" target=\"_blank\">&#8211; Movimento realizado em Turmalina clama pela liberdade de m\u00e9dico acusado de abusos sexuais<\/a><br \/>\n<a href=\"http:\/\/aconteceunovale.com.br\/portal\/?p=42683\" target=\"_blank\">&#8211; Pol\u00edcia Civil prende m\u00e9dico acusado de abusar sexualmente de pacientes em Turmalina<\/a><br \/>\n<a href=\"http:\/\/aconteceunovale.com.br\/portal\/?p=42854\" target=\"_blank\">&#8211; Pacientes realizam movimento pela liberdade de ginecologista preso em Turmalina<\/a><br \/>\n<a href=\"http:\/\/aconteceunovale.com.br\/portal\/?p=42954\" target=\"_blank\">&#8211; Ju\u00edza nega relaxamento de pris\u00e3o do ginecologista suspeito de crimes sexuais em Turmalina<\/a><\/p>\n","protected":false},"excerpt":{"rendered":"<p>Duas edi\u00e7\u00f5es do programa TV Verdade, que vai ao ar pela TV Alterosa, afiliada do Sistema Brasileiro de Televis\u00e3o (SBT), repercutiram o caso do ginecologista preso em Turmalina, no Vale do Jequitinhonha, por suspeita de abusos sexuais. No programa que foi ao ar nesta ter\u00e7a-feira, 28 de outubro, foi mostrada a indigna\u00e7\u00e3o de pacientes e [&hellip;]<\/p>\n","protected":false},"author":1,"featured_media":43655,"comment_status":"open","ping_status":"closed","sticky":false,"template":"","format":"standard","meta":{"amp_status":"","footnotes":""},"categories":[120],"tags":[20875,20874,20871,1018,20872,19696,20873,2291],"class_list":["post-43653","post","type-post","status-publish","format-standard","has-post-thumbnail","hentry","category-jequi","tag-assistir-tv-alterosa","tag-assistir-tv-verdade-da-tv-alterosa","tag-caso-do-medico-preso-em-turmalina-e-debatido-pela-tv-verdade","tag-destaque","tag-marco-plinio","tag-marco-plinio-camara-sampaio","tag-site-da-tv-alterosa","tag-tv-alterosa"],"_links":{"self":[{"href":"https:\/\/aconteceunovale.com.br\/portal\/index.php?rest_route=\/wp\/v2\/posts\/43653","targetHints":{"allow":["GET"]}}],"collection":[{"href":"https:\/\/aconteceunovale.com.br\/portal\/index.php?rest_route=\/wp\/v2\/posts"}],"about":[{"href":"https:\/\/aconteceunovale.com.br\/portal\/index.php?rest_route=\/wp\/v2\/types\/post"}],"author":[{"embeddable":true,"href":"https:\/\/aconteceunovale.com.br\/portal\/index.php?rest_route=\/wp\/v2\/users\/1"}],"replies":[{"embeddable":true,"href":"https:\/\/aconteceunovale.com.br\/portal\/index.php?rest_route=%2Fwp%2Fv2%2Fcomments&post=43653"}],"version-history":[{"count":0,"href":"https:\/\/aconteceunovale.com.br\/portal\/index.php?rest_route=\/wp\/v2\/posts\/43653\/revisions"}],"wp:featuredmedia":[{"embeddable":true,"href":"https:\/\/aconteceunovale.com.br\/portal\/index.php?rest_route=\/wp\/v2\/media\/43655"}],"wp:attachment":[{"href":"https:\/\/aconteceunovale.com.br\/portal\/index.php?rest_route=%2Fwp%2Fv2%2Fmedia&parent=43653"}],"wp:term":[{"taxonomy":"category","embeddable":true,"href":"https:\/\/aconteceunovale.com.br\/portal\/index.php?rest_route=%2Fwp%2Fv2%2Fcategories&post=43653"},{"taxonomy":"post_tag","embeddable":true,"href":"https:\/\/aconteceunovale.com.br\/portal\/index.php?rest_route=%2Fwp%2Fv2%2Ftags&post=43653"}],"curies":[{"name":"wp","href":"https:\/\/api.w.org\/{rel}","templated":true}]}}