{"id":43603,"date":"2014-10-28T11:24:44","date_gmt":"2014-10-28T14:24:44","guid":{"rendered":"http:\/\/aconteceunovale.com.br\/portal\/?p=43603"},"modified":"2014-10-28T11:25:10","modified_gmt":"2014-10-28T14:25:10","slug":"arvore-cai-e-interrompe-transito-em-avenida-de-montes-claros","status":"publish","type":"post","link":"https:\/\/aconteceunovale.com.br\/portal\/?p=43603","title":{"rendered":"\u00c1rvore cai e interrompe tr\u00e2nsito em avenida de Montes Claros"},"content":{"rendered":"<h4><strong><em>Tr\u00e2nsito da Avenida Esteves Rodrigues foi desviado para outra via. Outras ocorr\u00eancias tamb\u00e9m foram registradas.<\/em><\/strong><\/h4>\n<div id=\"fb-root\"><\/div>\n<p>\t\t\t\t<script>(function(d, s, id) {\n\t\t\t\t  var js, fjs = d.getElementsByTagName(s)[0];\n\t\t\t\t  if (d.getElementById(id)) return;\n\t\t\t\t  js = d.createElement(s); js.id = id;\n\t\t\t\t  js.src = \"\/\/connect.facebook.net\/pt_BR\/sdk.js#xfbml=1&appId=691575364226355&version=v2.0\";\n\t\t\t\t  fjs.parentNode.insertBefore(js, fjs);\n\t\t\t\t}(document, 'script', 'facebook-jssdk'));<\/script><\/p>\n<div class=\"fb-like\" data-href=\"https:\/\/www.facebook.com\/aconteceunovale\" data-layout=\"button_count\" data-action=\"like\" data-show-faces=\"true\" data-share=\"true\"><\/div>\n<p><\/br><\/p>\n<p>A chuva, que come\u00e7ou no in\u00edcio da manh\u00e3 desta ter\u00e7a-feira, 28 de outubro, em Montes Claros, no Norte de Minas, causou alguns transtornos para os moradores.<\/p>\n<p>Na Avenida Deputado Esteves Rodrigues o tr\u00e2nsito teve que ser interrompido para que uma \u00e1rvore fosse cortada e retirada. As ra\u00edzes se desprenderam e o tronco tombou na dire\u00e7\u00e3o de um carro estacionado no local. O ve\u00edculo, com placa de Belo Horizonte, n\u00e3o teve estragos porque parte dos galhos escoraram em outra \u00e1rvore, do lado oposto da via.<\/p>\n<p>O sargento R\u00f4mulo Alves, do Corpo de Bombeiros, explica que como o propriet\u00e1rio do carro n\u00e3o foi localizado, os militares usaram uma corda para retir\u00e1-lo, com a ajuda do caminh\u00e3o da corpora\u00e7\u00e3o. Ap\u00f3s a remo\u00e7\u00e3o, a \u00e1rvore foi puxada em dire\u00e7\u00e3o ao ch\u00e3o e teve o troco e os galhos cortados. <\/p>\n<p><img decoding=\"async\" src=\"http:\/\/aconteceunovale.com.br\/portal\/wp-content\/uploads\/2014\/10\/arvore_cai_em_moc.jpg\" alt=\"\" \/><em>Tr\u00e2nsito foi interrompido na Avenida Esteves Rodrigues (Foto: Michelly Oda \/ G1)<\/em><br \/>\n<\/br><\/p>\n<h4>Bairros, avenidas e ruas alagadas<\/h4>\n<p>Ele diz tamb\u00e9m que nesta semana teve informa\u00e7\u00f5es de que uma obra de drenagem est\u00e1 previsa para a avenida. O problema, que existe h\u00e1 mais de cinco anos, foi agravado j\u00e1 que algumas pessoas come\u00e7aram a jogar lixo no local. \u00c9 poss\u00edvel ver alguns santinhos de candidatos jogados no local.<\/p>\n<p>No Bairro Monte Carmelo e na Avenida Governador Magalh\u00e3es Pinto algumas ruas ficaram alagadas e os motoristas tiveram que trafegar com aten\u00e7\u00e3o redobrada. Algumas ocorr\u00eancias de inunda\u00e7\u00e3o tamb\u00e9m foram registradas nos Bairros Minas Gerais e Santos Reis.<\/p>\n<h4>Preju\u00edzos no mercado<\/h4>\n<p>No Mercado Municipal a \u00e1gua come\u00e7ou a vazar pelo telhado e alguns feirantes tiveram preju\u00edzos, j\u00e1 que as mercadorias molharam.<\/p>\n<p>A Prefeitura informou que algumas calhas est\u00e3o entupidas, por isso os vazamentos aconteceram. A limpeza j\u00e1 est\u00e1 sendo providenciada. O mercado est\u00e1 funcionando normalmente.<\/p>\n<h4>Esgoto<\/h4>\n<p>Na Avenida Francisco Gaetani, no Bairro Major Prates, o transtorno foi causado por um bueiro. A parte asfaltada da via \u00e9 dividida por uma defensa da parte que n\u00e3o tem asfalto, onde o problema ocorre.<\/p>\n<p>&#8220;O esgoto saiu com muita press\u00e3o. N\u00f3s suspeitamos que junta a \u00e1gua da chuva com o esgoto, por isso o vazamento ocorre. Hoje atingiu mais de um metro e meio. J\u00e1 procuramos por v\u00e1rios \u00f3rg\u00e3os antes do per\u00edodo chuvoso, mas n\u00e3o obtivemos uma solu\u00e7\u00e3o&#8221;, fala o morador Altamiro Rodrigues.<\/p>\n<p><strong><em>(Inter TV Grande Minas)<\/em><\/strong><\/p>\n","protected":false},"excerpt":{"rendered":"<p>Tr\u00e2nsito da Avenida Esteves Rodrigues foi desviado para outra via. Outras ocorr\u00eancias tamb\u00e9m foram registradas. A chuva, que come\u00e7ou no in\u00edcio da manh\u00e3 desta ter\u00e7a-feira, 28 de outubro, em Montes Claros, no Norte de Minas, causou alguns transtornos para os moradores. Na Avenida Deputado Esteves Rodrigues o tr\u00e2nsito teve que ser interrompido para que uma [&hellip;]<\/p>\n","protected":false},"author":1,"featured_media":43604,"comment_status":"open","ping_status":"closed","sticky":false,"template":"","format":"standard","meta":{"amp_status":"","footnotes":""},"categories":[1236],"tags":[20793,20795,210,20794],"class_list":["post-43603","post","type-post","status-publish","format-standard","has-post-thumbnail","hentry","category-norte_de_minas","tag-arvore-cai-e-interrompe-transito-em-avenida-de-montes-claros","tag-chuva-em-montes-claros","tag-montes-claros","tag-problemas-com-a-chuva-em-montes-claros"],"_links":{"self":[{"href":"https:\/\/aconteceunovale.com.br\/portal\/index.php?rest_route=\/wp\/v2\/posts\/43603","targetHints":{"allow":["GET"]}}],"collection":[{"href":"https:\/\/aconteceunovale.com.br\/portal\/index.php?rest_route=\/wp\/v2\/posts"}],"about":[{"href":"https:\/\/aconteceunovale.com.br\/portal\/index.php?rest_route=\/wp\/v2\/types\/post"}],"author":[{"embeddable":true,"href":"https:\/\/aconteceunovale.com.br\/portal\/index.php?rest_route=\/wp\/v2\/users\/1"}],"replies":[{"embeddable":true,"href":"https:\/\/aconteceunovale.com.br\/portal\/index.php?rest_route=%2Fwp%2Fv2%2Fcomments&post=43603"}],"version-history":[{"count":0,"href":"https:\/\/aconteceunovale.com.br\/portal\/index.php?rest_route=\/wp\/v2\/posts\/43603\/revisions"}],"wp:featuredmedia":[{"embeddable":true,"href":"https:\/\/aconteceunovale.com.br\/portal\/index.php?rest_route=\/wp\/v2\/media\/43604"}],"wp:attachment":[{"href":"https:\/\/aconteceunovale.com.br\/portal\/index.php?rest_route=%2Fwp%2Fv2%2Fmedia&parent=43603"}],"wp:term":[{"taxonomy":"category","embeddable":true,"href":"https:\/\/aconteceunovale.com.br\/portal\/index.php?rest_route=%2Fwp%2Fv2%2Fcategories&post=43603"},{"taxonomy":"post_tag","embeddable":true,"href":"https:\/\/aconteceunovale.com.br\/portal\/index.php?rest_route=%2Fwp%2Fv2%2Ftags&post=43603"}],"curies":[{"name":"wp","href":"https:\/\/api.w.org\/{rel}","templated":true}]}}