{"id":43589,"date":"2014-10-28T10:04:45","date_gmt":"2014-10-28T13:04:45","guid":{"rendered":"http:\/\/aconteceunovale.com.br\/portal\/?p=43589"},"modified":"2014-10-28T10:04:45","modified_gmt":"2014-10-28T13:04:45","slug":"avo-pede-para-neta-nao-denunciar-pai-apos-abuso-em-governador-valadares","status":"publish","type":"post","link":"https:\/\/aconteceunovale.com.br\/portal\/?p=43589","title":{"rendered":"Av\u00f3 pede para neta n\u00e3o denunciar pai ap\u00f3s abuso em Governador Valadares"},"content":{"rendered":"<h4><strong><em>Suspeito n\u00e3o foi localizado pela Pol\u00edcia Militar. Homem acariciou as n\u00e1degas da filha e a beijou contra a vontade<\/em><\/strong><\/h4>\n<div id=\"fb-root\"><\/div>\n<p>\t\t\t\t<script>(function(d, s, id) {\n\t\t\t\t  var js, fjs = d.getElementsByTagName(s)[0];\n\t\t\t\t  if (d.getElementById(id)) return;\n\t\t\t\t  js = d.createElement(s); js.id = id;\n\t\t\t\t  js.src = \"\/\/connect.facebook.net\/pt_BR\/sdk.js#xfbml=1&appId=691575364226355&version=v2.0\";\n\t\t\t\t  fjs.parentNode.insertBefore(js, fjs);\n\t\t\t\t}(document, 'script', 'facebook-jssdk'));<\/script><\/p>\n<div class=\"fb-like\" data-href=\"https:\/\/www.facebook.com\/aconteceunovale\" data-layout=\"button_count\" data-action=\"like\" data-show-faces=\"true\" data-share=\"true\"><\/div>\n<p><\/br><\/p>\n<p>Uma menina de 16 anos foi v\u00edtima do pr\u00f3prio pai, que a agarrou a for\u00e7a e a beijou, al\u00e9m de acariciar suas n\u00e1degas, nessa segunda-feira (27), em Governador Valadares, na regi\u00e3o do Vale do Rio Doce. O crime acontece na casa do suspeito e a adolescente resolveu chamar a Pol\u00edcia Militar ap\u00f3s v\u00e1rias investidas do pai. Em um desabafo anterior com a av\u00f3 paterna, a familiar pediu \u00e0 que neta que n\u00e3o denunciasse o pai, porque ele n\u00e3o aguentaria ficar preso.<\/p>\n<p>Segundo relato da v\u00edtima \u00e0 PM, o pai j\u00e1 havia tentado agarr\u00e1-la v\u00e1ria vezes, e nessa segunda conseguiu. Ela estava morando com ele h\u00e1 cerca de tr\u00eas meses. A menina foi criada pela av\u00f3 materna.<\/p>\n<p>Na resid\u00eancia de A.M.O, 60, na rua Jos\u00e9 Sim\u00e3o da Rocha, no bairro Jardim Atalaia, ele abusou sexualmente da filha, que gritou pedindo que ele parasse e pedindo que ele a &#8220;deixasse em paz&#8221;. Depois de conseguir se desvencilhar, ela ligou para a PM. Percebendo o contato da filha com a pol\u00edcia, o suspeito fugiu em uma moto e n\u00e3o foi localizado. A adolescente foi levada para a casa da av\u00f3 materna. <\/p>\n<p><strong><em>(O Tempo)<\/em><\/strong><\/p>\n","protected":false},"excerpt":{"rendered":"<p>Suspeito n\u00e3o foi localizado pela Pol\u00edcia Militar. Homem acariciou as n\u00e1degas da filha e a beijou contra a vontade Uma menina de 16 anos foi v\u00edtima do pr\u00f3prio pai, que a agarrou a for\u00e7a e a beijou, al\u00e9m de acariciar suas n\u00e1degas, nessa segunda-feira (27), em Governador Valadares, na regi\u00e3o do Vale do Rio Doce. [&hellip;]<\/p>\n","protected":false},"author":1,"featured_media":23710,"comment_status":"open","ping_status":"closed","sticky":false,"template":"","format":"standard","meta":{"amp_status":"","footnotes":""},"categories":[121],"tags":[20770,20772,247,18800,20771,18801],"class_list":["post-43589","post","type-post","status-publish","format-standard","has-post-thumbnail","hentry","category-leste","tag-avo-pede-para-neta-nao-denunciar-pai-apos-abuso-em-governador-valadares","tag-gov-valadares","tag-governador-valadares","tag-gv","tag-pai-abusa-da-filha-em-gv","tag-valadares"],"_links":{"self":[{"href":"https:\/\/aconteceunovale.com.br\/portal\/index.php?rest_route=\/wp\/v2\/posts\/43589","targetHints":{"allow":["GET"]}}],"collection":[{"href":"https:\/\/aconteceunovale.com.br\/portal\/index.php?rest_route=\/wp\/v2\/posts"}],"about":[{"href":"https:\/\/aconteceunovale.com.br\/portal\/index.php?rest_route=\/wp\/v2\/types\/post"}],"author":[{"embeddable":true,"href":"https:\/\/aconteceunovale.com.br\/portal\/index.php?rest_route=\/wp\/v2\/users\/1"}],"replies":[{"embeddable":true,"href":"https:\/\/aconteceunovale.com.br\/portal\/index.php?rest_route=%2Fwp%2Fv2%2Fcomments&post=43589"}],"version-history":[{"count":0,"href":"https:\/\/aconteceunovale.com.br\/portal\/index.php?rest_route=\/wp\/v2\/posts\/43589\/revisions"}],"wp:featuredmedia":[{"embeddable":true,"href":"https:\/\/aconteceunovale.com.br\/portal\/index.php?rest_route=\/wp\/v2\/media\/23710"}],"wp:attachment":[{"href":"https:\/\/aconteceunovale.com.br\/portal\/index.php?rest_route=%2Fwp%2Fv2%2Fmedia&parent=43589"}],"wp:term":[{"taxonomy":"category","embeddable":true,"href":"https:\/\/aconteceunovale.com.br\/portal\/index.php?rest_route=%2Fwp%2Fv2%2Fcategories&post=43589"},{"taxonomy":"post_tag","embeddable":true,"href":"https:\/\/aconteceunovale.com.br\/portal\/index.php?rest_route=%2Fwp%2Fv2%2Ftags&post=43589"}],"curies":[{"name":"wp","href":"https:\/\/api.w.org\/{rel}","templated":true}]}}