{"id":43585,"date":"2014-10-28T09:58:36","date_gmt":"2014-10-28T12:58:36","guid":{"rendered":"http:\/\/aconteceunovale.com.br\/portal\/?p=43585"},"modified":"2014-10-28T09:59:47","modified_gmt":"2014-10-28T12:59:47","slug":"adolescente-e-assassinado-em-centro-de-internacao-de-montes-claros","status":"publish","type":"post","link":"https:\/\/aconteceunovale.com.br\/portal\/?p=43585","title":{"rendered":"Adolescente \u00e9 assassinado em centro de interna\u00e7\u00e3o de Montes Claros"},"content":{"rendered":"<h4><em><strong>Adolescente foi atingido com um peda\u00e7o de espelho. Suspeito do crime e dois comparsas conseguiram fugir<\/strong><\/em><\/h4>\n<div id=\"fb-root\"><\/div>\n<p>\t\t\t\t<script>(function(d, s, id) {\n\t\t\t\t  var js, fjs = d.getElementsByTagName(s)[0];\n\t\t\t\t  if (d.getElementById(id)) return;\n\t\t\t\t  js = d.createElement(s); js.id = id;\n\t\t\t\t  js.src = \"\/\/connect.facebook.net\/pt_BR\/sdk.js#xfbml=1&appId=691575364226355&version=v2.0\";\n\t\t\t\t  fjs.parentNode.insertBefore(js, fjs);\n\t\t\t\t}(document, 'script', 'facebook-jssdk'));<\/script><\/p>\n<div class=\"fb-like\" data-href=\"https:\/\/www.facebook.com\/aconteceunovale\" data-layout=\"button_count\" data-action=\"like\" data-show-faces=\"true\" data-share=\"true\"><\/div>\n<p><\/br><\/p>\n<p>Um adolescente de 14 anos foi assassinado durante uma briga em um centro de interna\u00e7\u00e3o de Montes Claros, no Norte de Minas, na madrugada desta ter\u00e7a-feira, 28 de outubro. O suspeito, um jovem de 18 anos que ainda estava internado no local, e mais dois adolescentes conseguiram fugir ap\u00f3s o crime.<\/p>\n<p>De acordo com o boletim de ocorr\u00eancia da Pol\u00edcia Militar, a corpora\u00e7\u00e3o foi acionada por funcion\u00e1rios do im\u00f3vel, que fica localizado na Alameda das Paineiras, no bairro Jaragu\u00e1. Eles afirmaram que a confus\u00e3o aconteceu em um dos quartos.<\/p>\n<p>Ao chegar no c\u00f4modo, a equipe do centro encontrou Mateus Lucas de Oliveira ca\u00eddo e muito sangue ao seu redor. O Servi\u00e7o de Atendimento M\u00f3vel de Urg\u00eancia (Samu) chegou a ser acionado, mas o menor j\u00e1 estava sem vida.<\/p>\n<p>Segundo a per\u00edcia, o adolescente apresentava cortes no superc\u00edlio, perna, bra\u00e7o e um ferimento no t\u00f3rax. As les\u00f5es teria sido provocadas por um peda\u00e7o de espelho. Ainda segundo funcion\u00e1rios disseram \u00e0 pol\u00edcia, constantemente, os seis jovens que dividiam o quarto se desentendiam.<\/p>\n<p>Militares fizeram rastreamento na regi\u00e3o, mas os suspeitos ainda n\u00e3o foram localizados. O homem que teria matado Mateus \u00e9 conhecido no meio policial por furtos e roubos em Jana\u00faba e Montes Claros.<\/p>\n<p><strong><em>(O Tempo)<\/em><\/strong><\/p>\n","protected":false},"excerpt":{"rendered":"<p>Adolescente foi atingido com um peda\u00e7o de espelho. Suspeito do crime e dois comparsas conseguiram fugir Um adolescente de 14 anos foi assassinado durante uma briga em um centro de interna\u00e7\u00e3o de Montes Claros, no Norte de Minas, na madrugada desta ter\u00e7a-feira, 28 de outubro. O suspeito, um jovem de 18 anos que ainda estava [&hellip;]<\/p>\n","protected":false},"author":1,"featured_media":19256,"comment_status":"open","ping_status":"closed","sticky":false,"template":"","format":"standard","meta":{"amp_status":"","footnotes":""},"categories":[1236],"tags":[20768,204,20767,210,20769],"class_list":["post-43585","post","type-post","status-publish","format-standard","has-post-thumbnail","hentry","category-norte_de_minas","tag-adolescente-e-assassinado-em-centro-de-internacao-de-montes-claros","tag-janauba","tag-mateus-lucas-de-oliveira","tag-montes-claros","tag-montes-claros-mg"],"_links":{"self":[{"href":"https:\/\/aconteceunovale.com.br\/portal\/index.php?rest_route=\/wp\/v2\/posts\/43585","targetHints":{"allow":["GET"]}}],"collection":[{"href":"https:\/\/aconteceunovale.com.br\/portal\/index.php?rest_route=\/wp\/v2\/posts"}],"about":[{"href":"https:\/\/aconteceunovale.com.br\/portal\/index.php?rest_route=\/wp\/v2\/types\/post"}],"author":[{"embeddable":true,"href":"https:\/\/aconteceunovale.com.br\/portal\/index.php?rest_route=\/wp\/v2\/users\/1"}],"replies":[{"embeddable":true,"href":"https:\/\/aconteceunovale.com.br\/portal\/index.php?rest_route=%2Fwp%2Fv2%2Fcomments&post=43585"}],"version-history":[{"count":0,"href":"https:\/\/aconteceunovale.com.br\/portal\/index.php?rest_route=\/wp\/v2\/posts\/43585\/revisions"}],"wp:featuredmedia":[{"embeddable":true,"href":"https:\/\/aconteceunovale.com.br\/portal\/index.php?rest_route=\/wp\/v2\/media\/19256"}],"wp:attachment":[{"href":"https:\/\/aconteceunovale.com.br\/portal\/index.php?rest_route=%2Fwp%2Fv2%2Fmedia&parent=43585"}],"wp:term":[{"taxonomy":"category","embeddable":true,"href":"https:\/\/aconteceunovale.com.br\/portal\/index.php?rest_route=%2Fwp%2Fv2%2Fcategories&post=43585"},{"taxonomy":"post_tag","embeddable":true,"href":"https:\/\/aconteceunovale.com.br\/portal\/index.php?rest_route=%2Fwp%2Fv2%2Ftags&post=43585"}],"curies":[{"name":"wp","href":"https:\/\/api.w.org\/{rel}","templated":true}]}}