{"id":43582,"date":"2014-10-28T09:31:32","date_gmt":"2014-10-28T12:31:32","guid":{"rendered":"http:\/\/aconteceunovale.com.br\/portal\/?p=43582"},"modified":"2014-10-28T09:34:41","modified_gmt":"2014-10-28T12:34:41","slug":"plantao-do-samu-no-norte-de-minas-gerais-27-de-outubro-de-2014","status":"publish","type":"post","link":"https:\/\/aconteceunovale.com.br\/portal\/?p=43582","title":{"rendered":"Plant\u00e3o do Samu no Norte de Minas Gerais &#8211; 27 de outubro de 2014"},"content":{"rendered":"<h4><em><strong>Segunda-feira, 27 de outubro de 2014<\/strong><\/em><\/h4>\n<div id=\"fb-root\"><\/div>\n<p>\t\t\t\t<script>(function(d, s, id) {\n\t\t\t\t  var js, fjs = d.getElementsByTagName(s)[0];\n\t\t\t\t  if (d.getElementById(id)) return;\n\t\t\t\t  js = d.createElement(s); js.id = id;\n\t\t\t\t  js.src = \"\/\/connect.facebook.net\/pt_BR\/sdk.js#xfbml=1&appId=691575364226355&version=v2.0\";\n\t\t\t\t  fjs.parentNode.insertBefore(js, fjs);\n\t\t\t\t}(document, 'script', 'facebook-jssdk'));<\/script><\/p>\n<div class=\"fb-like\" data-href=\"https:\/\/www.facebook.com\/aconteceunovale\" data-layout=\"button_count\" data-action=\"like\" data-show-faces=\"true\" data-share=\"true\"><\/div>\n<p><\/br><\/p>\n<p>A unidade do SAMU de Montes Claros realizou nesta segunda-feira, 27 de outubro, 44 atendimentos, sendo 25 casos cl\u00ednicos, 16 atendimentos em decorr\u00eancia de acidente de tr\u00e2nsito e 03 por agress\u00e3o f\u00edsica utilizando arma branca, com uma v\u00edtima em \u00f3bito.<\/p>\n<p>Por volta da 0h, a unidade do Samu foi acionada na Alameda das Palmeiras, bairro Jaragu\u00e1 I, onde um adolescente de 14 anos foi ferido por arma branca, indo a \u00f3bito no local.<\/p>\n<p>\u00c0s 20h12, um homem de 20 anos que transitava de moto na Avenida Dulce Sarmento, bairro Vila Ipiranga, ficou ferido ap\u00f3s colidir contra um caminh\u00e3o. Ele apresentava escoria\u00e7\u00f5es no punho esquerdo e se queixava de dor na clav\u00edcula. <\/p>\n<p>Um homem de 34 anos caiu de moto na Avenida Belvedere, bairro Belvedere e foi encontrado pelos socorristas do Samu ca\u00eddo ao solo, consciente e orientado, com escoria\u00e7\u00f5es e dor no cotovelo direito e no ombro.<\/p>\n<p>Tr\u00eas pessoas ficaram feridas em um acidente envolvendo uma moto e carro, ocorrido por volta das 16h, na Rua Cosme e Dami\u00e3o, bairro Santo Expedito. O condutor do carro, de 21 anos, se queixava de dor nas costas e bra\u00e7o esquerdo. O condutor da moto, 25 anos, se queixava de dor tor\u00e1cica e na coxa direita. Uma mulher de 24 anos que estava na garupa da moto apresentava escoria\u00e7\u00f5es e edema na face, escoria\u00e7\u00f5es nas costas e se queixava de dor no t\u00f3rax ao inspirar.<\/p>\n<p>A unidade do Samu foi acionada \u00e0s 15h20 para atendimento a um homem de 35 anos que sofreu agress\u00e3o f\u00edsica no bairro Independ\u00eancia. Ele estava sonolento e apresentava corte contuso na cabe\u00e7a e entorse no tornozelo direito. Ele relata ter sido agredido com um peda\u00e7o de madeira e que foram desferidos v\u00e1rios golpes contra a cabe\u00e7a dele.<\/p>\n<p>Duas pessoas ficaram feridas em um acidente envolvendo duas motocicletas, ocorrido \u00e0s 13h14 na Avenida dos Militares, bairro Santa Rita I. O condutor da moto, de 19 anos, estava deambulando no local e relata dor no t\u00f3rax e na regi\u00e3o do c\u00f3ccix. Um homem de 57 anos que estava na garupa da moto, apresentava corte contuso e perda de subst\u00e2ncia na panturrilha, com sangramento ativo.<\/p>\n<p>\u00c0s 10h12, um homem de 43 anos ficou ferido em uma colis\u00e3o entre carro e moto, ocorrida na Avenida Paulista, bairro Santo Ant\u00f4nio. Ele conduzia a moto e apresentava escoria\u00e7\u00f5es e dor nos bra\u00e7os e pernas, corte contuso no p\u00e9 direito, com sangramento ativo.<\/p>\n<p>Tr\u00eas pessoas ficaram feridas em capotamento de ve\u00edculo ocorrido \u00e0s 08h40, na sa\u00edda de Montes Claros para Nova Esperan\u00e7a. O condutor do ve\u00edculo, de 26 anos, apresentava tatuagem traum\u00e1tica no t\u00f3rax e se queixava de dor no abdome.  Um rapaz de 21 anos, que estava no banco traseiro do ve\u00edculo, se queixava de dor na regi\u00e3o tor\u00e1cica onde apresentava escoria\u00e7\u00f5es. Uma mulher de 21 anos, que tamb\u00e9m estava no ve\u00edculo, se queixava de dor na regi\u00e3o lombar e apresentava edema no tornozelo esquerdo.<\/p>\n<p>Uma mulher de 22 anos ficou ferida em uma colis\u00e3o entre carro e moto ocorrida \u00e0s 07h44, na Rua \u00c2ngelo de Quadros, bairro S\u00e3o Jos\u00e9. Ele conduzia a moto e relata dor na coxa direita e no p\u00e9 esquerdo. <\/p>\n<p>Duas pessoas ficaram feridas em um acidente envolvendo uma moto e carro, ocorrido \u00e0s 07h39 na Rua Santa Catarina, bairro Santo Expedito. O condutor da moto, de 47 anos, se queixava de dor na perna esquerda, sem sinais de fratura. Uma mulher de 58 anos que estava na garupa da moto, se queixava de dor nas pernas e apresentava corte contuso na perna esquerda e prov\u00e1vel fratura da m\u00e3o direita.<\/p>\n<p>Em todas as ocorr\u00eancias os feridos receberam os primeiros atendimentos no local e foram encaminhados ao hospital para avalia\u00e7\u00e3o.<\/p>\n","protected":false},"excerpt":{"rendered":"<p>Segunda-feira, 27 de outubro de 2014 A unidade do SAMU de Montes Claros realizou nesta segunda-feira, 27 de outubro, 44 atendimentos, sendo 25 casos cl\u00ednicos, 16 atendimentos em decorr\u00eancia de acidente de tr\u00e2nsito e 03 por agress\u00e3o f\u00edsica utilizando arma branca, com uma v\u00edtima em \u00f3bito. Por volta da 0h, a unidade do Samu foi [&hellip;]<\/p>\n","protected":false},"author":1,"featured_media":37592,"comment_status":"open","ping_status":"closed","sticky":false,"template":"","format":"standard","meta":{"amp_status":"","footnotes":""},"categories":[1236],"tags":[20764,20762,20765,20763,210,19864,18108,20766,13731,4040],"class_list":["post-43582","post","type-post","status-publish","format-standard","has-post-thumbnail","hentry","category-norte_de_minas","tag-ambulancia-particular","tag-curso-do-samu","tag-emergencia","tag-empresas-de-ambulancias","tag-montes-claros","tag-plantao-do-samu-em-montes-claros","tag-plantao-do-samu-no-norte-de-minas-gerais","tag-plantao-do-samu-no-norte-de-minas-gerais-27-de-outubro-de-2014","tag-samu","tag-samu-macro-norte"],"_links":{"self":[{"href":"https:\/\/aconteceunovale.com.br\/portal\/index.php?rest_route=\/wp\/v2\/posts\/43582","targetHints":{"allow":["GET"]}}],"collection":[{"href":"https:\/\/aconteceunovale.com.br\/portal\/index.php?rest_route=\/wp\/v2\/posts"}],"about":[{"href":"https:\/\/aconteceunovale.com.br\/portal\/index.php?rest_route=\/wp\/v2\/types\/post"}],"author":[{"embeddable":true,"href":"https:\/\/aconteceunovale.com.br\/portal\/index.php?rest_route=\/wp\/v2\/users\/1"}],"replies":[{"embeddable":true,"href":"https:\/\/aconteceunovale.com.br\/portal\/index.php?rest_route=%2Fwp%2Fv2%2Fcomments&post=43582"}],"version-history":[{"count":0,"href":"https:\/\/aconteceunovale.com.br\/portal\/index.php?rest_route=\/wp\/v2\/posts\/43582\/revisions"}],"wp:featuredmedia":[{"embeddable":true,"href":"https:\/\/aconteceunovale.com.br\/portal\/index.php?rest_route=\/wp\/v2\/media\/37592"}],"wp:attachment":[{"href":"https:\/\/aconteceunovale.com.br\/portal\/index.php?rest_route=%2Fwp%2Fv2%2Fmedia&parent=43582"}],"wp:term":[{"taxonomy":"category","embeddable":true,"href":"https:\/\/aconteceunovale.com.br\/portal\/index.php?rest_route=%2Fwp%2Fv2%2Fcategories&post=43582"},{"taxonomy":"post_tag","embeddable":true,"href":"https:\/\/aconteceunovale.com.br\/portal\/index.php?rest_route=%2Fwp%2Fv2%2Ftags&post=43582"}],"curies":[{"name":"wp","href":"https:\/\/api.w.org\/{rel}","templated":true}]}}