{"id":43575,"date":"2014-10-27T23:10:46","date_gmt":"2014-10-28T02:10:46","guid":{"rendered":"http:\/\/aconteceunovale.com.br\/portal\/?p=43575"},"modified":"2014-10-27T23:10:46","modified_gmt":"2014-10-28T02:10:46","slug":"parque-estadual-do-rio-preto-podera-ser-fechado","status":"publish","type":"post","link":"https:\/\/aconteceunovale.com.br\/portal\/?p=43575","title":{"rendered":"Parque Estadual do Rio Preto poder\u00e1 ser fechado"},"content":{"rendered":"<div id=\"fb-root\"><\/div>\n<p>\t\t\t\t<script>(function(d, s, id) {\n\t\t\t\t  var js, fjs = d.getElementsByTagName(s)[0];\n\t\t\t\t  if (d.getElementById(id)) return;\n\t\t\t\t  js = d.createElement(s); js.id = id;\n\t\t\t\t  js.src = \"\/\/connect.facebook.net\/pt_BR\/sdk.js#xfbml=1&appId=691575364226355&version=v2.0\";\n\t\t\t\t  fjs.parentNode.insertBefore(js, fjs);\n\t\t\t\t}(document, 'script', 'facebook-jssdk'));<\/script><\/p>\n<div class=\"fb-like\" data-href=\"https:\/\/www.facebook.com\/aconteceunovale\" data-layout=\"button_count\" data-action=\"like\" data-show-faces=\"true\" data-share=\"true\"><\/div>\n<p><\/br><\/p>\n<p>O Parque Estadual do Rio Preto, em S\u00e3o Gon\u00e7alo do Rio Preto, no Vale do Jequitinhonha, poder\u00e1 ser fechado. De acordo com a Associa\u00e7\u00e3o Mineira de Defesa do Ambiente (Amda), o parque, distante 70 km de Diamantina, acumulou uma grande quantidade de lixo, gerado por turistas, e n\u00e3o h\u00e1 como retir\u00e1-lo. <\/p>\n<p>A Amda informou que, atualmente, o parque tem quatro carros: um Fiat Uno, um fusca, uma van e uma caminhonete 4 x 4, todos com muito tempo de uso. \u201cNo entanto, ap\u00f3s o uso intenso dos ve\u00edculos no combate a inc\u00eandios, a van e a caminhonete pararam de funcionar, e segundo o gerente do Parque, n\u00e3o h\u00e1 previs\u00e3o de conserto\u201d, disse, em nota, a Amda. O parque est\u00e1 localizado a 19 km da sede do munic\u00edpio e o lixo \u00e9 levado pelos funcion\u00e1rios. <\/p>\n<p>Em of\u00edcio encaminhado, na sexta-feira (24), ao diretor geral do Instituto Estadual de Florestas (IEF), Bertholdino Teixeira J\u00fanior, e ao secret\u00e1rio de meio ambiente, Alceu Jos\u00e9 Torres Marques, a Amda solicitou resolu\u00e7\u00e3o do impasse ou fechamento do parque \u00e0 visita\u00e7\u00e3o. <\/p>\n<p><img decoding=\"async\" src=\"http:\/\/aconteceunovale.com.br\/portal\/wp-content\/uploads\/2014\/10\/parque_estadual_rp.jpg\" alt=\"\" \/><em>Cachoeiras e muita \u00e1gua s\u00e3o atra\u00e7\u00f5es do Parque &#8211; Foto: Parque Estadual do Rio Preto\/Divulga\u00e7\u00e3o<\/em><br \/>\n<\/br><\/p>\n<p>&#8220;Ser\u00e1 vergonhoso manter o parque aberto com lixo acumulado. A situa\u00e7\u00e3o reflete o descaso do governo com as \u00e1reas legalmente protegidas do Estado. Os ve\u00edculos prometidos pelo secret\u00e1rio na reuni\u00e3o plen\u00e1ria do Copam de 10 de julho passado, at\u00e9 hoje n\u00e3o foram entregues&#8221;, afirmou a superintendente da Amda, Dalce Ricas, em nota. <\/p>\n<p>Amda afirmou que, em resposta ao of\u00edcio, a diretoria de \u00c1reas Protegidas do IEF enviou solicita\u00e7\u00e3o para o escrit\u00f3rio regional de Floresta e Biodiversidade Alto Jequitinhonha do IEF, pedindo providenciadas para a retirada urgente de lixo depositado no Parque Rio Preto. \u201cProcurado pela Amda, ele disse j\u00e1 disponibilizou caminh\u00e3o ba\u00fa para resolver temporariamente o problema, at\u00e9 que a falta de ve\u00edculos do Parque seja resolvida\u201d, disse a Amda.<\/p>\n<h4>O parque<\/h4>\n<p>Conforme informa\u00e7\u00f5es do site do IEF, o Parque Estadual do Rio Preto, criado em junho de 1994, foi o primeiro a receber o marco de refer\u00eancia da Estrada Real, que vai de Parati (RJ) at\u00e9 Diamantina.<\/p>\n<p>O parque tem \u00e1rea toral de 12,185 hectares e est\u00e1 inserido no complexo da Serra do Espinha\u00e7o. O local possui um relevo acidentado repleto de rochas de quartzo que formam bel\u00edssimos pain\u00e9is e abriga diversas nascentes, dentre as quais se destaca a do rio Preto, um dos mais importantes afluentes do Ara\u00e7ua\u00ed, por sua vez afluente do rio Jequitinhonha. Em 2002, a unidade foi aberta \u00e0 visita\u00e7\u00e3o. As informa\u00e7\u00f5es s\u00e3o do <strong>Hoje em Dia<\/strong>.<\/p>\n","protected":false},"excerpt":{"rendered":"<p>O Parque Estadual do Rio Preto, em S\u00e3o Gon\u00e7alo do Rio Preto, no Vale do Jequitinhonha, poder\u00e1 ser fechado. De acordo com a Associa\u00e7\u00e3o Mineira de Defesa do Ambiente (Amda), o parque, distante 70 km de Diamantina, acumulou uma grande quantidade de lixo, gerado por turistas, e n\u00e3o h\u00e1 como retir\u00e1-lo. A Amda informou que, [&hellip;]<\/p>\n","protected":false},"author":1,"featured_media":43577,"comment_status":"open","ping_status":"closed","sticky":false,"template":"","format":"standard","meta":{"amp_status":"","footnotes":""},"categories":[120],"tags":[1018,198,20760,20761,783],"class_list":["post-43575","post","type-post","status-publish","format-standard","has-post-thumbnail","hentry","category-jequi","tag-destaque","tag-diamantina","tag-parque-estadual-do-rio-preto","tag-parque-estadual-do-rio-preto-podera-ser-fechado","tag-sao-goncalo-do-rio-preto"],"_links":{"self":[{"href":"https:\/\/aconteceunovale.com.br\/portal\/index.php?rest_route=\/wp\/v2\/posts\/43575","targetHints":{"allow":["GET"]}}],"collection":[{"href":"https:\/\/aconteceunovale.com.br\/portal\/index.php?rest_route=\/wp\/v2\/posts"}],"about":[{"href":"https:\/\/aconteceunovale.com.br\/portal\/index.php?rest_route=\/wp\/v2\/types\/post"}],"author":[{"embeddable":true,"href":"https:\/\/aconteceunovale.com.br\/portal\/index.php?rest_route=\/wp\/v2\/users\/1"}],"replies":[{"embeddable":true,"href":"https:\/\/aconteceunovale.com.br\/portal\/index.php?rest_route=%2Fwp%2Fv2%2Fcomments&post=43575"}],"version-history":[{"count":0,"href":"https:\/\/aconteceunovale.com.br\/portal\/index.php?rest_route=\/wp\/v2\/posts\/43575\/revisions"}],"wp:featuredmedia":[{"embeddable":true,"href":"https:\/\/aconteceunovale.com.br\/portal\/index.php?rest_route=\/wp\/v2\/media\/43577"}],"wp:attachment":[{"href":"https:\/\/aconteceunovale.com.br\/portal\/index.php?rest_route=%2Fwp%2Fv2%2Fmedia&parent=43575"}],"wp:term":[{"taxonomy":"category","embeddable":true,"href":"https:\/\/aconteceunovale.com.br\/portal\/index.php?rest_route=%2Fwp%2Fv2%2Fcategories&post=43575"},{"taxonomy":"post_tag","embeddable":true,"href":"https:\/\/aconteceunovale.com.br\/portal\/index.php?rest_route=%2Fwp%2Fv2%2Ftags&post=43575"}],"curies":[{"name":"wp","href":"https:\/\/api.w.org\/{rel}","templated":true}]}}