{"id":43568,"date":"2014-10-27T22:40:41","date_gmt":"2014-10-28T01:40:41","guid":{"rendered":"http:\/\/aconteceunovale.com.br\/portal\/?p=43568"},"modified":"2014-10-27T22:40:58","modified_gmt":"2014-10-28T01:40:58","slug":"prefeitura-de-guanhaes-decreta-estado-de-alerta-de-desabastecimento-de-agua","status":"publish","type":"post","link":"https:\/\/aconteceunovale.com.br\/portal\/?p=43568","title":{"rendered":"Prefeitura de Guanh\u00e3es decreta estado de alerta de desabastecimento de \u00e1gua"},"content":{"rendered":"<h4><em><strong>Moradores ter\u00e3o que economizar \u00e1gua na cidade. Caso haja desperd\u00edcio, multas ser\u00e3o aplicadas<\/strong><\/em><\/h4>\n<div id=\"fb-root\"><\/div>\n<p>\t\t\t\t<script>(function(d, s, id) {\n\t\t\t\t  var js, fjs = d.getElementsByTagName(s)[0];\n\t\t\t\t  if (d.getElementById(id)) return;\n\t\t\t\t  js = d.createElement(s); js.id = id;\n\t\t\t\t  js.src = \"\/\/connect.facebook.net\/pt_BR\/sdk.js#xfbml=1&appId=691575364226355&version=v2.0\";\n\t\t\t\t  fjs.parentNode.insertBefore(js, fjs);\n\t\t\t\t}(document, 'script', 'facebook-jssdk'));<\/script><\/p>\n<div class=\"fb-like\" data-href=\"https:\/\/www.facebook.com\/aconteceunovale\" data-layout=\"button_count\" data-action=\"like\" data-show-faces=\"true\" data-share=\"true\"><\/div>\n<p><\/br><\/p>\n<p>Com o objetivo de coibir o desperd\u00edcio de \u00e1gua pot\u00e1vel no per\u00edodo da seca, foi assinado pelo prefeito, no dia 20, o Decreto n\u00ba 3.879 que disp\u00f5e sobre o controle do desperd\u00edcio de \u00e1gua pot\u00e1vel distribu\u00edda para uso e institui o Programa Municipal de conserva\u00e7\u00e3o e uso racional da \u00e1gua em edifica\u00e7\u00f5es. Esta situa\u00e7\u00e3o caracteriza-se pela constata\u00e7\u00e3o de que o manancial de capta\u00e7\u00e3o, Ribeir\u00e3o Graip\u00fa, j\u00e1 se encontra comprometido em seu volume de \u00e1gua.<\/p>\n<p>O referido decreto autoriza o SAAE a proceder \u00e0 fiscaliza\u00e7\u00e3o em toda a cidade com o objetivo de constatar a ocorr\u00eancia de desperd\u00edcio de \u00e1gua distribu\u00edda, bem como restringir a utiliza\u00e7\u00e3o exagerada.<\/p>\n<p><img decoding=\"async\" src=\"http:\/\/aconteceunovale.com.br\/portal\/wp-content\/uploads\/2014\/10\/falta_de_agua_gh.jpg\" alt=\"\" \/><em>O manancial de capta\u00e7\u00e3o de Guanh\u00e3es, Ribeir\u00e3o Graip\u00fa, j\u00e1 se encontra comprometido em seu volume de \u00e1gua &#8211; Foto: Divulga\u00e7\u00e3o\/Prefeitura Municipal de Guanh\u00e3es<\/em><br \/>\n<\/br><\/p>\n<p>De acordo com o Art. 3\u00ba,  constitui desperd\u00edcio de \u00e1gua para os fins desta lei:<\/p>\n<p>I &#8211; Lavar cal\u00e7ada com o uso continua de \u00e1gua;<\/p>\n<p>II &#8211; Molhar ruas continuamente;<\/p>\n<p>III &#8211; Manter torneiras, canos, conex\u00f5es, v\u00e1lvulas, caixas d\u00b4\u00e1gua, reservat\u00f3rios, tubos ou mangueiras eliminando \u00e1gua continuamente mesmo que usada para regar jardins e gramados;<\/p>\n<p>IV &#8211; Lavar ve\u00edculos com uso cont\u00ednuo de \u00e1gua, excetuando-se os casos de lava-jatos, que dever\u00e3o possuir sistema que reduza o consumo de \u00e1gua ou que permita a sua reutiliza\u00e7\u00e3o, item este a ser verificado quando do seu licenciamento.<\/p>\n<p>Art. 4\u00ba &#8211; Ser\u00e3o aplicadas as seguintes multas quando do descumprimento do artigo anterior:<\/p>\n<p>I \u2013 R$ 100,00 (cem reais) quando a infra\u00e7\u00e3o for praticada em im\u00f3vel residencial;<\/p>\n<p>II \u2013 R$ 150,00 (cento e cinquenta reais) quando a infra\u00e7\u00e3o for praticada em im\u00f3vel comercial.<\/p>\n<p>Par\u00e1grafo \u00danico &#8211; Constatada a reincid\u00eancia a multa ser\u00e1 aplicada em dobro, persistindo ainda na infra\u00e7\u00e3o o SAAE poder\u00e1 proceder ao corte do fornecimento de \u00e1gua por tempo equivalente a compensa\u00e7\u00e3o do desperd\u00edcio.<\/p>\n<p><strong><em>(Ascom da Prefeitura de Guanh\u00e3es)<\/em><\/strong><\/p>\n","protected":false},"excerpt":{"rendered":"<p>Moradores ter\u00e3o que economizar \u00e1gua na cidade. Caso haja desperd\u00edcio, multas ser\u00e3o aplicadas Com o objetivo de coibir o desperd\u00edcio de \u00e1gua pot\u00e1vel no per\u00edodo da seca, foi assinado pelo prefeito, no dia 20, o Decreto n\u00ba 3.879 que disp\u00f5e sobre o controle do desperd\u00edcio de \u00e1gua pot\u00e1vel distribu\u00edda para uso e institui o Programa [&hellip;]<\/p>\n","protected":false},"author":1,"featured_media":43569,"comment_status":"open","ping_status":"closed","sticky":false,"template":"","format":"standard","meta":{"amp_status":"","footnotes":""},"categories":[121],"tags":[20754,155,20752,20753],"class_list":["post-43568","post","type-post","status-publish","format-standard","has-post-thumbnail","hentry","category-leste","tag-falta-dagua-em-guanhaes","tag-guanhaes","tag-prefeitura-de-guanhaes-decreta-estado-de-alerta-de-desabastecimento-de-agua","tag-seca-em-guanhaes"],"_links":{"self":[{"href":"https:\/\/aconteceunovale.com.br\/portal\/index.php?rest_route=\/wp\/v2\/posts\/43568","targetHints":{"allow":["GET"]}}],"collection":[{"href":"https:\/\/aconteceunovale.com.br\/portal\/index.php?rest_route=\/wp\/v2\/posts"}],"about":[{"href":"https:\/\/aconteceunovale.com.br\/portal\/index.php?rest_route=\/wp\/v2\/types\/post"}],"author":[{"embeddable":true,"href":"https:\/\/aconteceunovale.com.br\/portal\/index.php?rest_route=\/wp\/v2\/users\/1"}],"replies":[{"embeddable":true,"href":"https:\/\/aconteceunovale.com.br\/portal\/index.php?rest_route=%2Fwp%2Fv2%2Fcomments&post=43568"}],"version-history":[{"count":0,"href":"https:\/\/aconteceunovale.com.br\/portal\/index.php?rest_route=\/wp\/v2\/posts\/43568\/revisions"}],"wp:featuredmedia":[{"embeddable":true,"href":"https:\/\/aconteceunovale.com.br\/portal\/index.php?rest_route=\/wp\/v2\/media\/43569"}],"wp:attachment":[{"href":"https:\/\/aconteceunovale.com.br\/portal\/index.php?rest_route=%2Fwp%2Fv2%2Fmedia&parent=43568"}],"wp:term":[{"taxonomy":"category","embeddable":true,"href":"https:\/\/aconteceunovale.com.br\/portal\/index.php?rest_route=%2Fwp%2Fv2%2Fcategories&post=43568"},{"taxonomy":"post_tag","embeddable":true,"href":"https:\/\/aconteceunovale.com.br\/portal\/index.php?rest_route=%2Fwp%2Fv2%2Ftags&post=43568"}],"curies":[{"name":"wp","href":"https:\/\/api.w.org\/{rel}","templated":true}]}}