{"id":43562,"date":"2014-10-27T22:07:14","date_gmt":"2014-10-28T01:07:14","guid":{"rendered":"http:\/\/aconteceunovale.com.br\/portal\/?p=43562"},"modified":"2014-10-27T22:07:14","modified_gmt":"2014-10-28T01:07:14","slug":"vitoria-em-minas-pesou-na-reeleicao-de-dilma-rousseff-avaliam-especialistas","status":"publish","type":"post","link":"https:\/\/aconteceunovale.com.br\/portal\/?p=43562","title":{"rendered":"Vit\u00f3ria em Minas pesou na reelei\u00e7\u00e3o de Dilma Rousseff, avaliam especialistas"},"content":{"rendered":"<div id=\"fb-root\"><\/div>\n<p>\t\t\t\t<script>(function(d, s, id) {\n\t\t\t\t  var js, fjs = d.getElementsByTagName(s)[0];\n\t\t\t\t  if (d.getElementById(id)) return;\n\t\t\t\t  js = d.createElement(s); js.id = id;\n\t\t\t\t  js.src = \"\/\/connect.facebook.net\/pt_BR\/sdk.js#xfbml=1&appId=691575364226355&version=v2.0\";\n\t\t\t\t  fjs.parentNode.insertBefore(js, fjs);\n\t\t\t\t}(document, 'script', 'facebook-jssdk'));<\/script><\/p>\n<div class=\"fb-like\" data-href=\"https:\/\/www.facebook.com\/aconteceunovale\" data-layout=\"button_count\" data-action=\"like\" data-show-faces=\"true\" data-share=\"true\"><\/div>\n<p><\/br><\/p>\n<p>A derrota de A\u00e9cio Neves em Minas Gerais, seu domic\u00edlio eleitoral e estado em que governou por oito anos, pode ter sido um fator relevante para a vit\u00f3ria de Dilma Rousseff em sua reelei\u00e7\u00e3o. Na avalia\u00e7\u00e3o de especialistas mineiros, o mau desempenho de A\u00e9cio no estado dep\u00f4s contra o candidato e o fez perder votos importantes.<\/p>\n<p>Para o professor de Ci\u00eancias Sociais e Pol\u00edticas da Universidade Federal de Vi\u00e7osa, Diogo Tourino de Sousa, Minas foi \u201co fiel da balan\u00e7a, do ponto de vista num\u00e9rico\u201d e tamb\u00e9m do ponto de vista pol\u00edtico, no sentido de converter eleitores de outros estados no momento em que A\u00e9cio passava a ser conhecido no Brasil.<\/p>\n<p>\u201c[Minas] teve uma import\u00e2ncia muito grande na t\u00f4nica da campanha da presidente Dilma no segundo turno. A ideia de que quem conhece A\u00e9cio n\u00e3o vota, e A\u00e9cio perdeu no seu estado, o estado que administra h\u00e1 muitos anos, foi um slogan muito forte que, de alguma forma, pautou o enfrentamento direto entre Dilma e A\u00e9cio no segundo turno. Ent\u00e3o acho que se pode dizer, sim, que Minas teve um papel decisivo, n\u00e3o s\u00f3 pelo seu quantitativo de votos, mas sobretudo por esse elemento substantivo\u201d, disse o professor.<\/p>\n<p><img decoding=\"async\" src=\"http:\/\/aconteceunovale.com.br\/portal\/wp-content\/uploads\/2014\/10\/dilma_reeleita2.jpg\" alt=\"\" \/><em>Presidente reeleita Dilma Roussef (Foto: Fabio Rodrigues Pozzebom \/Ag\u00eancia Brasil)<\/em><br \/>\n<\/br><\/p>\n<p>Ainda na opini\u00e3o de Tourino, a derrota do ex-governador no estado foi provocada por dois fatores decisivos. O primeiro foi o mau desempenho dos governos tucanos na educa\u00e7\u00e3o em Minas. \u201cNa ret\u00f3rica nacional, A\u00e9cio falava que elevou os \u00edndices educacionais no seu estado, que melhorou a educa\u00e7\u00e3o, mas na pr\u00e1tica os professores s\u00e3o pessimamente remunerados, as condi\u00e7\u00f5es de trabalho nas escolas v\u00eam caindo. Ou seja, a despeito da melhora dos \u00edndices, a avalia\u00e7\u00e3o subjetiva da educa\u00e7\u00e3o no estado, sobretudo por seus atores, era muito negativa. E isso tem um impacto forte, porque a classe docente \u00e9 formadora de opini\u00e3o\u201d, avalia.<\/p>\n<p>Associado a isso, o insucesso do candidato tucano ao governo estadual, Pimenta da Veiga, que perdeu para Fernando Pimentel, do PT, no primeiro turno, foi o outro fator que contribuiu para o quadro em Minas. \u201cPimenta da Veiga n\u00e3o foi algu\u00e9m que foi capaz de reverter essa m\u00e1 vontade com a administra\u00e7\u00e3o. \u00c9 uma m\u00e1 vontade que a gente pode ver como natural, ningu\u00e9m que administra por tr\u00eas mandatos consecutivos \u2013 dois com A\u00e9cio e um com Anastasia \u2013 chega ao final de 12 [anos] sem arestas, haja vista que a pr\u00f3pria presidente Dilma enfrentou arestas muito grandes neste processo de reelei\u00e7\u00e3o\u201d, analisa.<\/p>\n<p>Assim como Tourino, a professora de Ci\u00eancia Pol\u00edtica da Universidade Federal de Minas Gerais, Helcimara Telles, tamb\u00e9m avalia que o desempenho dos candidatos em Minas teve peso no resultado nacional, embora considere que talvez n\u00e3o tenha sido decisivo. A professora tamb\u00e9m \u00e9 membro da World Association for Opinion Research (Wapor), organiza\u00e7\u00e3o voltada para a pesquisa de opini\u00e3o p\u00fablica. Para ela, Minas Gerais tem um \u201cpeso simb\u00f3lico\u201d muito grande, por fazer divisa com estados em est\u00e1gios socioecon\u00f4micos diversos, como S\u00e3o Paulo, Goi\u00e1s, Rio de Janeiro e Bahia.<\/p>\n<p>\u201cFoi importante. Eu at\u00e9 conversava com meus alunos que quem ganhasse em Minas ganharia no resto do pa\u00eds. Minas tem um peso simb\u00f3lico porque sintetiza o resto do pa\u00eds\u201d, acredita. Helcimara tamb\u00e9m acredita no peso pol\u00edtico que teve a derrota de A\u00e9cio Neves no estado no primeiro turno. Para ela, o fato de a presidenta Dilma ter ganhado no estado que j\u00e1 foi governado por seu advers\u00e1rio contou para convencer os eleitores dos outros estados.<\/p>\n<p>No entanto, a professora recha\u00e7a a ideia de que foi uma elei\u00e7\u00e3o com resultado divido por regi\u00f5es \u2013 com A\u00e9cio vitorioso no Sul, Sudeste e Centro Oeste, e Dilma no Norte e Nordeste \u2013 ou por classes sociais. \u201cEla ganhou em diversas classes sociais, ainda que ela tenha tido uma vota\u00e7\u00e3o melhor nas classes mais baixas. Estatisticamente isso \u00e9 totalmente justific\u00e1vel, pois existem mais pobres no pa\u00eds do que ricos\u201d, avalia a professora.<\/p>\n<p>Mesmo assim, Helcimara Telles diz que a vit\u00f3ria com margem t\u00e3o apertada deve servir de alerta para a presidenta Dilma, que deve sobretudo melhorar sua comunica\u00e7\u00e3o com a sociedade. Para ela, Dilma perdeu o di\u00e1logo com a sociedade civil, com o setor produtivo e com o Congresso, fechando-se burocraticamente. A tend\u00eancia agora, na opini\u00e3o da professora, \u00e9 a melhora dessa comunica\u00e7\u00e3o para se aproximar da sociedade e unir as pessoas em torno de projetos como a reforma pol\u00edtica. \u201cAcho que vai ser um mandato mais politizado, tem que ser um mandato mais habilidoso, que fa\u00e7a mudan\u00e7as, atendendo aos eleitores dela e do A\u00e9cio\u201d, conclui.<\/p>\n<p>Dilma venceu em Minas com 52,41% dos votos v\u00e1lidos, enquanto A\u00e9cio teve 47,59%. No primeiro turno, a candidata petista tamb\u00e9m venceu no estado, com 43,48%. O tucano fez 39,75% em Minas no primeiro turno.<\/p>\n<p><strong><em>(Ag\u00eancia Brasil)<\/em><\/strong><\/p>\n","protected":false},"excerpt":{"rendered":"<p>A derrota de A\u00e9cio Neves em Minas Gerais, seu domic\u00edlio eleitoral e estado em que governou por oito anos, pode ter sido um fator relevante para a vit\u00f3ria de Dilma Rousseff em sua reelei\u00e7\u00e3o. Na avalia\u00e7\u00e3o de especialistas mineiros, o mau desempenho de A\u00e9cio no estado dep\u00f4s contra o candidato e o fez perder votos [&hellip;]<\/p>\n","protected":false},"author":1,"featured_media":43563,"comment_status":"open","ping_status":"closed","sticky":false,"template":"","format":"standard","meta":{"amp_status":"","footnotes":""},"categories":[123],"tags":[2728,2162,3394,131,20744],"class_list":["post-43562","post","type-post","status-publish","format-standard","has-post-thumbnail","hentry","category-gerais","tag-aecio-neves","tag-dilma-rousseff","tag-eleicoes-2014","tag-minas-gerais","tag-reeleicao"],"_links":{"self":[{"href":"https:\/\/aconteceunovale.com.br\/portal\/index.php?rest_route=\/wp\/v2\/posts\/43562","targetHints":{"allow":["GET"]}}],"collection":[{"href":"https:\/\/aconteceunovale.com.br\/portal\/index.php?rest_route=\/wp\/v2\/posts"}],"about":[{"href":"https:\/\/aconteceunovale.com.br\/portal\/index.php?rest_route=\/wp\/v2\/types\/post"}],"author":[{"embeddable":true,"href":"https:\/\/aconteceunovale.com.br\/portal\/index.php?rest_route=\/wp\/v2\/users\/1"}],"replies":[{"embeddable":true,"href":"https:\/\/aconteceunovale.com.br\/portal\/index.php?rest_route=%2Fwp%2Fv2%2Fcomments&post=43562"}],"version-history":[{"count":0,"href":"https:\/\/aconteceunovale.com.br\/portal\/index.php?rest_route=\/wp\/v2\/posts\/43562\/revisions"}],"wp:featuredmedia":[{"embeddable":true,"href":"https:\/\/aconteceunovale.com.br\/portal\/index.php?rest_route=\/wp\/v2\/media\/43563"}],"wp:attachment":[{"href":"https:\/\/aconteceunovale.com.br\/portal\/index.php?rest_route=%2Fwp%2Fv2%2Fmedia&parent=43562"}],"wp:term":[{"taxonomy":"category","embeddable":true,"href":"https:\/\/aconteceunovale.com.br\/portal\/index.php?rest_route=%2Fwp%2Fv2%2Fcategories&post=43562"},{"taxonomy":"post_tag","embeddable":true,"href":"https:\/\/aconteceunovale.com.br\/portal\/index.php?rest_route=%2Fwp%2Fv2%2Ftags&post=43562"}],"curies":[{"name":"wp","href":"https:\/\/api.w.org\/{rel}","templated":true}]}}