{"id":43558,"date":"2014-10-27T21:23:47","date_gmt":"2014-10-28T00:23:47","guid":{"rendered":"http:\/\/aconteceunovale.com.br\/portal\/?p=43558"},"modified":"2014-10-27T21:24:23","modified_gmt":"2014-10-28T00:24:23","slug":"secretaria-de-saude-descarta-suspeita-de-paciente-infectado-com-ebola-em-vicosa","status":"publish","type":"post","link":"https:\/\/aconteceunovale.com.br\/portal\/?p=43558","title":{"rendered":"Secretaria de Sa\u00fade descarta suspeita de paciente infectado com ebola em Vi\u00e7osa"},"content":{"rendered":"<h4><strong><em>Hospital S\u00e3o Sebasti\u00e3o foi isolado nesta segunda-feira. \u00d3rg\u00e3os de sa\u00fade descartaram a possibilidade de infec\u00e7\u00e3o por ebola e nem chegaram a tratar o caso como suspeito.<\/em><\/strong><\/h4>\n<div id=\"fb-root\"><\/div>\n<p>\t\t\t\t<script>(function(d, s, id) {\n\t\t\t\t  var js, fjs = d.getElementsByTagName(s)[0];\n\t\t\t\t  if (d.getElementById(id)) return;\n\t\t\t\t  js = d.createElement(s); js.id = id;\n\t\t\t\t  js.src = \"\/\/connect.facebook.net\/pt_BR\/sdk.js#xfbml=1&appId=691575364226355&version=v2.0\";\n\t\t\t\t  fjs.parentNode.insertBefore(js, fjs);\n\t\t\t\t}(document, 'script', 'facebook-jssdk'));<\/script><\/p>\n<div class=\"fb-like\" data-href=\"https:\/\/www.facebook.com\/aconteceunovale\" data-layout=\"button_count\" data-action=\"like\" data-show-faces=\"true\" data-share=\"true\"><\/div>\n<p><\/br><\/p>\n<p>O Hospital Municipal S\u00e3o Sebasti\u00e3o, em Vi\u00e7osa, na Zona da Mata de Minas Gerais, foi isolado por quatro horas, nesta segunda-feira, 27 de outubro, ap\u00f3s a suspeita de ebola em um paciente de 24 anos. Pacientes e funcion\u00e1rios chegaram a ficar impedidos de sair da unidade de sa\u00fade at\u00e9 o descarte da doen\u00e7a pela Secret\u00e1ria de de Estado de Sa\u00fade (SES).<\/p>\n<p>Segundo o secret\u00e1rio municipal de sa\u00fade, S\u00e9rgio Norfino, a suspeita caiu sobre um paciente &#8211; um estudante de p\u00f3s-gradua\u00e7\u00e3o da Universidade Federal de Vi\u00e7osa (UFV), que chegou neste domingo (26) dos Estados Unidos. Ele apresentou febre alta ap\u00f3s contato com um grupo do Senegal (\u00c1frica), em uma confer\u00eancia em Nova Iorque. <\/p>\n<p><img decoding=\"async\" src=\"http:\/\/aconteceunovale.com.br\/portal\/wp-content\/uploads\/2014\/10\/suspeita_ebola_vicosa.jpg\" alt=\"\" \/><em>Hospital S\u00e3o Sebasti\u00e3o, em Vi\u00e7osa, registra caso suspeito de Ebola &#8211; Foto: Google Street View<\/em><br \/>\n<\/br><\/p>\n<p>O hospital foi lacrado no in\u00edcio da noite, por orienta\u00e7\u00e3o da dire\u00e7\u00e3o do hospital e da Vigil\u00e2ncia Sanit\u00e1ria Municipal, para evitar uma eventual propaga\u00e7\u00e3o do v\u00edrus, que j\u00e1 matou mais de 4.900 pessoas no mundo, principalmente na Lib\u00e9ria (\u00c1frica). Todos os atendimentos foram suspensos, inclusive de emerg\u00eancia. Quem est\u00e1 na unidade n\u00e3o pode sair e quem buscou atendimento n\u00e3o pode entrar no local. A libera\u00e7\u00e3o do Hospital Municipal S\u00e3o Sebasti\u00e3o s\u00f3 ocorreu por volta das 21h20.<\/p>\n<p>Apesar da confirma\u00e7\u00e3o do isolamento pelo hospital, a Secretaria de Estado da Sa\u00fade (SES) informou que a Vigil\u00e2ncia Sanit\u00e1ria de Minas estava ciente da situa\u00e7\u00e3o, mas descartou a possibilidade de cont\u00e1gio por ebola. A Pasta confirmou que o paciente chegou a ficar em observa\u00e7\u00e3o e isolado. Segundo S\u00e9rgio Norfino, o jovem recebeu alta horas depois, mas ter\u00e1 seu quadro cl\u00ednico monitorado por infectologistas da cidade.<\/p>\n<p>Este foi o primeiro caso suspeito da doen\u00e7a em Minas Gerais. Na semana passada, um hospital em Bras\u00edlia (DF) tamb\u00e9m chegou a ser interditado devido o alerta para o ebola, mas a enfermidade foi descartada. A mesma situa\u00e7\u00e3o se repetiu em uma Unidade de Pronto Atendimento (UPA) no Paran\u00e1, em 16 de outubro. Um outro alerta tamb\u00e9m foi registrado no Rio de Janeiro, com um guineano, mas tamb\u00e9m n\u00e3o confirmado.<\/p>\n<h4>Plano de Conting\u00eancia<\/h4>\n<p>O protocolo mineiro para enfrentar a amea\u00e7a do v\u00edrus ebola foi apresentado em 14 de agosto, ap\u00f3s reuni\u00e3o do Comit\u00ea Estadual de Emerg\u00eancia em Sa\u00fade, formado por representantes do Minist\u00e9rio da Sa\u00fade, governo do Estado e munic\u00edpios, al\u00e9m de institui\u00e7\u00f5es privadas do setor.<\/p>\n<p>O plano de conting\u00eancia em Minas Gerais prev\u00ea a vigil\u00e2ncia da entrada no pa\u00eds de pessoas com febre procedentes da Guin\u00e9, Serra Leoa, Lib\u00e9ria e Nig\u00e9ria. Al\u00e9m disso, se o caso ocorrer em Belo Horizonte, a orienta\u00e7\u00e3o \u00e9 notificar imediatamente o Centro de Informa\u00e7\u00f5es Estrat\u00e9gicas em Vigil\u00e2ncia em Sa\u00fade (Cievs-BH).<\/p>\n<p>Em outros munic\u00edpios, deve ser notificado o Cievs-Minas. O paciente ser\u00e1 transferido para o Hospital Eduardo de Menezes, refer\u00eancia no tratamento de doen\u00e7as infectocontagiosas.<\/p>\n<p>Na regi\u00e3o metropolitana, o transporte do paciente ficar\u00e1 a cargo do Samu. Nas demais cidades, o transporte a\u00e9reo ser\u00e1 feito pelo Corpo de Bombeiros. A log\u00edstica de transfer\u00eancia e interna\u00e7\u00e3o ser\u00e1 operada pelo Cievs.<\/p>\n<p>Devido ao risco de contamina\u00e7\u00e3o, o profissional de sa\u00fade deve utilizar os equipamentos de prote\u00e7\u00e3o individual (EPI). As informa\u00e7\u00f5es s\u00e3o do <strong>Jornal Hoje em Dia<\/strong>.<\/p>\n","protected":false},"excerpt":{"rendered":"<p>Hospital S\u00e3o Sebasti\u00e3o foi isolado nesta segunda-feira. \u00d3rg\u00e3os de sa\u00fade descartaram a possibilidade de infec\u00e7\u00e3o por ebola e nem chegaram a tratar o caso como suspeito. O Hospital Municipal S\u00e3o Sebasti\u00e3o, em Vi\u00e7osa, na Zona da Mata de Minas Gerais, foi isolado por quatro horas, nesta segunda-feira, 27 de outubro, ap\u00f3s a suspeita de ebola [&hellip;]<\/p>\n","protected":false},"author":1,"featured_media":43559,"comment_status":"open","ping_status":"closed","sticky":false,"template":"","format":"standard","meta":{"amp_status":"","footnotes":""},"categories":[123],"tags":[20743,20736,1018,20738,20742,20741,20737,20739,20740,20735],"class_list":["post-43558","post","type-post","status-publish","format-standard","has-post-thumbnail","hentry","category-gerais","tag-caso-de-ebola-em-minas-gerais","tag-caso-de-ebola-em-vicosa","tag-destaque","tag-ebola-em-vicosa","tag-estudante-da-ufv-com-ebola","tag-estudante-da-universidade-federal-de-vicosa-com-ebola","tag-infectado-com-ebola-em-vicosa","tag-paciente-com-ebola-no-hospital-de-vicosa","tag-paciente-com-ebola-no-hospital-municipal-sao-sebastiao-em-vicosa","tag-secretaria-de-saude-descarta-suspeita-de-paciente-infectado-com-ebola-em-vicosa"],"_links":{"self":[{"href":"https:\/\/aconteceunovale.com.br\/portal\/index.php?rest_route=\/wp\/v2\/posts\/43558","targetHints":{"allow":["GET"]}}],"collection":[{"href":"https:\/\/aconteceunovale.com.br\/portal\/index.php?rest_route=\/wp\/v2\/posts"}],"about":[{"href":"https:\/\/aconteceunovale.com.br\/portal\/index.php?rest_route=\/wp\/v2\/types\/post"}],"author":[{"embeddable":true,"href":"https:\/\/aconteceunovale.com.br\/portal\/index.php?rest_route=\/wp\/v2\/users\/1"}],"replies":[{"embeddable":true,"href":"https:\/\/aconteceunovale.com.br\/portal\/index.php?rest_route=%2Fwp%2Fv2%2Fcomments&post=43558"}],"version-history":[{"count":0,"href":"https:\/\/aconteceunovale.com.br\/portal\/index.php?rest_route=\/wp\/v2\/posts\/43558\/revisions"}],"wp:featuredmedia":[{"embeddable":true,"href":"https:\/\/aconteceunovale.com.br\/portal\/index.php?rest_route=\/wp\/v2\/media\/43559"}],"wp:attachment":[{"href":"https:\/\/aconteceunovale.com.br\/portal\/index.php?rest_route=%2Fwp%2Fv2%2Fmedia&parent=43558"}],"wp:term":[{"taxonomy":"category","embeddable":true,"href":"https:\/\/aconteceunovale.com.br\/portal\/index.php?rest_route=%2Fwp%2Fv2%2Fcategories&post=43558"},{"taxonomy":"post_tag","embeddable":true,"href":"https:\/\/aconteceunovale.com.br\/portal\/index.php?rest_route=%2Fwp%2Fv2%2Ftags&post=43558"}],"curies":[{"name":"wp","href":"https:\/\/api.w.org\/{rel}","templated":true}]}}