{"id":43546,"date":"2014-10-27T20:41:04","date_gmt":"2014-10-27T23:41:04","guid":{"rendered":"http:\/\/aconteceunovale.com.br\/portal\/?p=43546"},"modified":"2014-10-27T20:43:49","modified_gmt":"2014-10-27T23:43:49","slug":"rodrigo-faro-fala-sobre-a-emocao-de-estar-no-vale-do-jequitinhonha","status":"publish","type":"post","link":"https:\/\/aconteceunovale.com.br\/portal\/?p=43546","title":{"rendered":"Rodrigo Faro fala sobre a emo\u00e7\u00e3o de estar no vale do Jequitinhonha"},"content":{"rendered":"<h4><em><strong>O apresentador esteve em Francisco Badar\u00f3 e Virgem da Lapa, onde gravou um document\u00e1rio para o Projeto &#8220;\u00c1gua Pura para Crian\u00e7as&#8221;<\/strong><\/em><\/h4>\n<div id=\"fb-root\"><\/div>\n<p>\t\t\t\t<script>(function(d, s, id) {\n\t\t\t\t  var js, fjs = d.getElementsByTagName(s)[0];\n\t\t\t\t  if (d.getElementById(id)) return;\n\t\t\t\t  js = d.createElement(s); js.id = id;\n\t\t\t\t  js.src = \"\/\/connect.facebook.net\/pt_BR\/sdk.js#xfbml=1&appId=691575364226355&version=v2.0\";\n\t\t\t\t  fjs.parentNode.insertBefore(js, fjs);\n\t\t\t\t}(document, 'script', 'facebook-jssdk'));<\/script><\/p>\n<div class=\"fb-like\" data-href=\"https:\/\/www.facebook.com\/aconteceunovale\" data-layout=\"button_count\" data-action=\"like\" data-show-faces=\"true\" data-share=\"true\"><\/div>\n<p><\/br><\/p>\n<p>Durante visita ao Vale do Jequitinhonha nesta segunda-feira, 27 de outubro, o apresentador da TV Record, Rodrigo Faro, falou sobre a emo\u00e7\u00e3o de conhecer de perto a realidade da popula\u00e7\u00e3o da regi\u00e3o. Faro esteve na Comunidade Gerais, no munic\u00edpio de Virgem da Lapa, e na resid\u00eancia de uma fam\u00edlia no munic\u00edpio de Francisco Badar\u00f3, onde gravou um document\u00e1rio para o Projeto &#8220;\u00c1gua Pura para Crian\u00e7as&#8221;.<\/p>\n<p><img decoding=\"async\" src=\"http:\/\/aconteceunovale.com.br\/portal\/wp-content\/uploads\/2014\/10\/rodrigo_faro_jequi_1.jpg\" alt=\"\" \/><em>Rodrigo Faro visita o Vale do Jequitinhonha &#8211; Foto: Dione Cruz\/Reprodu\u00e7\u00e3o<\/em><br \/>\n<\/br><\/p>\n<p>Na Comunidade Gerais, durante conversa com os moradores, o apresentador falou sobre o projeto e da emo\u00e7\u00e3o de sentir na pele o que as pessoas que vivem no Vale passam. &#8220;Eu conhecia a hist\u00f3ria das pessoas do Vale do Jequitinhonha pela televis\u00e3o. S\u00f3 que pela televis\u00e3o a gente v\u00ea uma outra realidade, a gente n\u00e3o sente na pele o que as pessoas que vivem nessa regi\u00e3o passa. E hoje, pelo fato de ser embaixador desse projeto, que \u00e9 um projeto maravilhoso da P&#038;G, chamado \u00c1gua Pura para as Crian\u00e7as, eu estou tendo a oportunidade de pisar nesse ch\u00e3o. E quando a gente pisa nesse ch\u00e3o, a gente entende a necessidade de voc\u00eas.&#8221;<\/p>\n<p><iframe loading=\"lazy\" width=\"640\" height=\"480\" src=\"\/\/www.youtube.com\/embed\/Smrq9FjBgIU\" frameborder=\"0\" allowfullscreen><\/iframe><\/p>\n<h4>Sobre o Projeto<\/h4>\n<p>O projeto \u00c1gua Pura para Crian\u00e7as \u00e9 uma iniciativa da Procter e Gamble, uma multinacional do ramo de limpeza. Desde 2003, a iniciativa forneceu \u00e1gua pot\u00e1vel para 23 na\u00e7\u00f5es, atrav\u00e9s do sach\u00ea purificador de \u00e1gua. De acordo com a P &#038; G, o produto torna pot\u00e1vel at\u00e9 a \u00e1gua mais contaminada, utilizando tecnologia de baixo custo.<\/p>\n<p>De acordo com Rodrigo Faro a iniciativa vai beneficiar 24.250 pessoas de aproximadamente 4.850 fam\u00edlias nos munic\u00edpios de Ara\u00e7ua\u00ed, Berilo, Chapada do Norte, Coronel Murta, Comercinho, Francisco Badar\u00f3, Jenipapo de Minas, Medina e Virgem da Lapa.<\/p>\n<p>Ser\u00e1 distribu\u00eddo para as fam\u00edlias inscritas no projeto, um produto para a purifica\u00e7\u00e3o da \u00e1gua, com a finalidade de reduzir a incid\u00eancia de doen\u00e7as, como c\u00f3lera, hepatite, ameb\u00edase, amarel\u00e3o, esquistossomose, leptospirose e ascarid\u00edase.<\/p>\n<h4>Galeria de Fotos<\/h4>\n<p><img decoding=\"async\" src=\"http:\/\/aconteceunovale.com.br\/portal\/wp-content\/uploads\/2014\/10\/rodrigo_faro_jequi_2.jpg\" alt=\"\" \/><em>Rodrigo Faro visita o Vale do Jequitinhonha &#8211; Foto: Dione Cruz\/Reprodu\u00e7\u00e3o<\/em><br \/>\n<\/br><\/p>\n<p><img decoding=\"async\" src=\"http:\/\/aconteceunovale.com.br\/portal\/wp-content\/uploads\/2014\/10\/rodrigo_faro_jequi_3.jpg\" alt=\"\" \/><em>Rodrigo Faro visita o Vale do Jequitinhonha &#8211; Foto: Dione Cruz\/Reprodu\u00e7\u00e3o<\/em><br \/>\n<\/br><\/p>\n<p><img decoding=\"async\" src=\"http:\/\/aconteceunovale.com.br\/portal\/wp-content\/uploads\/2014\/10\/rodrigo_faro_jequi_4.jpg\" alt=\"\" \/><em>Rodrigo Faro visita o Vale do Jequitinhonha &#8211; Foto: Dione Cruz\/Reprodu\u00e7\u00e3o<\/em><br \/>\n<\/br><\/p>\n<p><img decoding=\"async\" src=\"http:\/\/aconteceunovale.com.br\/portal\/wp-content\/uploads\/2014\/10\/rodrigo_faro_jequi_5.jpg\" alt=\"\" \/><em>Rodrigo Faro visita o Vale do Jequitinhonha &#8211; Foto: Dione Cruz\/Reprodu\u00e7\u00e3o<\/em><br \/>\n<\/br><\/p>\n<p><img decoding=\"async\" src=\"http:\/\/aconteceunovale.com.br\/portal\/wp-content\/uploads\/2014\/10\/rodrigo_faro_jequi_6.jpg\" alt=\"\" \/><em>Rodrigo Faro visita o Vale do Jequitinhonha &#8211; Foto: Dione Cruz\/Reprodu\u00e7\u00e3o<\/em><br \/>\n<\/br><\/p>\n<p><img decoding=\"async\" src=\"http:\/\/aconteceunovale.com.br\/portal\/wp-content\/uploads\/2014\/10\/rodrigo_faro_jequi_7.jpg\" alt=\"\" \/><em>Rodrigo Faro visita o Vale do Jequitinhonha &#8211; Foto: Dione Cruz\/Reprodu\u00e7\u00e3o<\/em><br \/>\n<\/br><\/p>\n<p><img decoding=\"async\" src=\"http:\/\/aconteceunovale.com.br\/portal\/wp-content\/uploads\/2014\/10\/rodrigo_faro_jequi_8.jpg\" alt=\"\" \/><em>Rodrigo Faro visita o Vale do Jequitinhonha &#8211; Foto: Dione Cruz\/Reprodu\u00e7\u00e3o<\/em><br \/>\n<\/br><\/p>\n<p><img decoding=\"async\" src=\"http:\/\/aconteceunovale.com.br\/portal\/wp-content\/uploads\/2014\/10\/rodrigo_faro_jequi_9.jpg\" alt=\"\" \/><em>Rodrigo Faro visita o Vale do Jequitinhonha &#8211; Foto: Dione Cruz\/Reprodu\u00e7\u00e3o<\/em><br \/>\n<\/br><\/p>\n<p><img decoding=\"async\" src=\"http:\/\/aconteceunovale.com.br\/portal\/wp-content\/uploads\/2014\/10\/rodrigo_faro_jequi_10.jpg\" alt=\"\" \/><em>Rodrigo Faro visita o Vale do Jequitinhonha &#8211; Foto: Dione Cruz\/Reprodu\u00e7\u00e3o<\/em><\/p>\n","protected":false},"excerpt":{"rendered":"<p>O apresentador esteve em Francisco Badar\u00f3 e Virgem da Lapa, onde gravou um document\u00e1rio para o Projeto &#8220;\u00c1gua Pura para Crian\u00e7as&#8221; Durante visita ao Vale do Jequitinhonha nesta segunda-feira, 27 de outubro, o apresentador da TV Record, Rodrigo Faro, falou sobre a emo\u00e7\u00e3o de conhecer de perto a realidade da popula\u00e7\u00e3o da regi\u00e3o. Faro esteve [&hellip;]<\/p>\n","protected":false},"author":1,"featured_media":43547,"comment_status":"open","ping_status":"closed","sticky":false,"template":"","format":"standard","meta":{"amp_status":"","footnotes":""},"categories":[120],"tags":[186,841,481,426,483,1018,187,1218,389,20724,20728,20729,20625,20626,20627,20726,20734,20727,20725,482,20731,20732,20733,20730],"class_list":["post-43546","post","type-post","status-publish","format-standard","has-post-thumbnail","hentry","category-jequi","tag-aracuai","tag-berilo","tag-chapada-do-norte","tag-comercinho","tag-coronel-murta","tag-destaque","tag-francisco-badaro","tag-jenipapo-de-minas","tag-medina","tag-procter-e-gamble","tag-projeto-agua-pura-para-as-criancas","tag-projeto-agua-pura-para-as-criancas-da-pg","tag-rodrigo-faro","tag-rodrigo-faro-em-aracuai","tag-rodrigo-faro-em-francisco-badaro","tag-rodrigo-faro-em-virgem-da-lapa","tag-rodrigo-faro-fala-sobre-a-emocao-de-estar-no-vale-do-jequitinhonha","tag-rodrigo-faro-na-comunidade-gerais","tag-rodrigo-faro-no-vale-do-jequitinhonha","tag-virgem-da-lapa","tag-visita-de-rodrigo-faro-a-aracuai","tag-visita-de-rodrigo-faro-a-francisco-badaro","tag-visita-de-rodrigo-faro-a-virgem-da-lapa","tag-visita-de-rodrigo-faro-ao-vale-do-jequitinhonha"],"_links":{"self":[{"href":"https:\/\/aconteceunovale.com.br\/portal\/index.php?rest_route=\/wp\/v2\/posts\/43546","targetHints":{"allow":["GET"]}}],"collection":[{"href":"https:\/\/aconteceunovale.com.br\/portal\/index.php?rest_route=\/wp\/v2\/posts"}],"about":[{"href":"https:\/\/aconteceunovale.com.br\/portal\/index.php?rest_route=\/wp\/v2\/types\/post"}],"author":[{"embeddable":true,"href":"https:\/\/aconteceunovale.com.br\/portal\/index.php?rest_route=\/wp\/v2\/users\/1"}],"replies":[{"embeddable":true,"href":"https:\/\/aconteceunovale.com.br\/portal\/index.php?rest_route=%2Fwp%2Fv2%2Fcomments&post=43546"}],"version-history":[{"count":0,"href":"https:\/\/aconteceunovale.com.br\/portal\/index.php?rest_route=\/wp\/v2\/posts\/43546\/revisions"}],"wp:featuredmedia":[{"embeddable":true,"href":"https:\/\/aconteceunovale.com.br\/portal\/index.php?rest_route=\/wp\/v2\/media\/43547"}],"wp:attachment":[{"href":"https:\/\/aconteceunovale.com.br\/portal\/index.php?rest_route=%2Fwp%2Fv2%2Fmedia&parent=43546"}],"wp:term":[{"taxonomy":"category","embeddable":true,"href":"https:\/\/aconteceunovale.com.br\/portal\/index.php?rest_route=%2Fwp%2Fv2%2Fcategories&post=43546"},{"taxonomy":"post_tag","embeddable":true,"href":"https:\/\/aconteceunovale.com.br\/portal\/index.php?rest_route=%2Fwp%2Fv2%2Ftags&post=43546"}],"curies":[{"name":"wp","href":"https:\/\/api.w.org\/{rel}","templated":true}]}}