{"id":43529,"date":"2014-10-27T19:11:47","date_gmt":"2014-10-27T22:11:47","guid":{"rendered":"http:\/\/aconteceunovale.com.br\/portal\/?p=43529"},"modified":"2014-10-27T19:14:05","modified_gmt":"2014-10-27T22:14:05","slug":"ocorrencias-em-destaque-nos-vales-do-jequitinhonha-rio-doce-e-mucuri-27-de-outubro-de-2014","status":"publish","type":"post","link":"https:\/\/aconteceunovale.com.br\/portal\/?p=43529","title":{"rendered":"Ocorr\u00eancias em destaque nos Vales do Jequitinhonha, Rio Doce e Mucuri \u2013 27 de outubro de 2014"},"content":{"rendered":"<h4><strong>Homem que dormia debaixo de caminh\u00e3o \u00e9 atropelado em Ipatinga<\/strong><\/h4>\n<div id=\"fb-root\"><\/div>\n<p>\t\t\t\t<script>(function(d, s, id) {\n\t\t\t\t  var js, fjs = d.getElementsByTagName(s)[0];\n\t\t\t\t  if (d.getElementById(id)) return;\n\t\t\t\t  js = d.createElement(s); js.id = id;\n\t\t\t\t  js.src = \"\/\/connect.facebook.net\/pt_BR\/sdk.js#xfbml=1&appId=691575364226355&version=v2.0\";\n\t\t\t\t  fjs.parentNode.insertBefore(js, fjs);\n\t\t\t\t}(document, 'script', 'facebook-jssdk'));<\/script><\/p>\n<div class=\"fb-like\" data-href=\"https:\/\/www.facebook.com\/aconteceunovale\" data-layout=\"button_count\" data-action=\"like\" data-show-faces=\"true\" data-share=\"true\"><\/div>\n<p><\/br><\/p>\n<p>Um atropelamento foi registrado na manh\u00e3 deste s\u00e1bado (25) na Avenida Livramento do bairro Veneza II, em Ipatinga. O condutor de um caminh\u00e3o, L.F.N, 46 anos, disse que parou o ve\u00edculo na noite de sexta-feira em um estacionamento privado. <\/p>\n<p>Na manh\u00e3 de s\u00e1bado o motorista disse que manobrou o caminh\u00e3o e ao descer do ve\u00edculo foi surpreendido com um homem morto. Ele deduziu \u00e0 pol\u00edcia a possibilidade de que o homem estaria dormindo debaixo do caminh\u00e3o e que ao manobrar acabou passando por cima da v\u00edtima. <\/p>\n<p>O motorista contou que ligou imediatamente para o Samu que n\u00e3o compareceu. O perito da Pol\u00edcia Civil esteve no local e constatou que a v\u00edtima n\u00e3o possu\u00eda nenhum documento e liberou o corpo ao IML. O local possui circuito interno de filmagem que vai ajudar a pol\u00edcia a entender o que de fato ocorreu.<br \/>\n<\/br><\/p>\n<h4><strong>Visitante \u00e9 presa com droga na vagina dentro do Ceresp de Ipatinga<\/strong><\/h4>\n<div id=\"fb-root\"><\/div>\n<p>\t\t\t\t<script>(function(d, s, id) {\n\t\t\t\t  var js, fjs = d.getElementsByTagName(s)[0];\n\t\t\t\t  if (d.getElementById(id)) return;\n\t\t\t\t  js = d.createElement(s); js.id = id;\n\t\t\t\t  js.src = \"\/\/connect.facebook.net\/pt_BR\/sdk.js#xfbml=1&appId=691575364226355&version=v2.0\";\n\t\t\t\t  fjs.parentNode.insertBefore(js, fjs);\n\t\t\t\t}(document, 'script', 'facebook-jssdk'));<\/script><\/p>\n<div class=\"fb-like\" data-href=\"https:\/\/www.facebook.com\/aconteceunovale\" data-layout=\"button_count\" data-action=\"like\" data-show-faces=\"true\" data-share=\"true\"><\/div>\n<p><\/br><\/p>\n<p>Uma jovem de 19 anos foi presa na tarde de domingo, 26 de outubro, com um pacote de maconha dentro do Ceresp de Ipatinga, no Vale do A\u00e7o. De acordo com a pol\u00edcia a suspeita estava no p\u00e1tio da unidade prisional e mostrava nervosismo. <\/p>\n<p>As agentes penitenci\u00e1rias perceberam que a cal\u00e7a que ela vestia estava com o z\u00edper aberto e foi levada para a portaria do pres\u00eddio para que fosse procedida a busca pessoal. Durante a revista as agentes encontraram dentro da vagina dela um pacote de maconha. Ela contou que a droga seria entregue a um detento que cumpre pena por roubo e que est\u00e1 recolhido na cela 11 do bloco B. <\/p>\n<p>De acordo com as agentes penitenci\u00e1rias a jovem est\u00e1 cadastrada no sistema do pres\u00eddio para fazer visitas a outro sentenciado que tamb\u00e9m cumpre pena por roubo e est\u00e1 recolhido na mesma cela do outro detento. Diante dos fatos autora conduzida juntamente com o material apreendido e entregue na Delegacia.<br \/>\n<\/br><\/p>\n<h4><strong>Motocicleta furtada em Ubatuba \u00e9 recuperada em Catuji<\/strong><\/h4>\n<div id=\"fb-root\"><\/div>\n<p>\t\t\t\t<script>(function(d, s, id) {\n\t\t\t\t  var js, fjs = d.getElementsByTagName(s)[0];\n\t\t\t\t  if (d.getElementById(id)) return;\n\t\t\t\t  js = d.createElement(s); js.id = id;\n\t\t\t\t  js.src = \"\/\/connect.facebook.net\/pt_BR\/sdk.js#xfbml=1&appId=691575364226355&version=v2.0\";\n\t\t\t\t  fjs.parentNode.insertBefore(js, fjs);\n\t\t\t\t}(document, 'script', 'facebook-jssdk'));<\/script><\/p>\n<div class=\"fb-like\" data-href=\"https:\/\/www.facebook.com\/aconteceunovale\" data-layout=\"button_count\" data-action=\"like\" data-show-faces=\"true\" data-share=\"true\"><\/div>\n<p><\/br><\/p>\n<p>A Pol\u00edcia Militar de Catuji recuperou na tarde de domingo, 26 de outubro, uma motocicleta furtada no p\u00e1tio da Pol\u00edcia Rodovi\u00e1ria Federal (PRF) em Ubatuba, no interior de S\u00e3o Paulo. De acordo com a PM, a moto Yamaha Lander XTZ 250, foi enviada para a cidade pelo cidad\u00e3o P.P.G, de 28 anos. A motocicleta foi apreendida e encaminhada para a Delegacia de Pol\u00edcia de Catuji.<br \/>\n<\/br><\/p>\n<h4><strong>Adolescente \u00e9 v\u00edtima de tentativa de homic\u00eddio em Pav\u00e3o<\/strong><\/h4>\n<div id=\"fb-root\"><\/div>\n<p>\t\t\t\t<script>(function(d, s, id) {\n\t\t\t\t  var js, fjs = d.getElementsByTagName(s)[0];\n\t\t\t\t  if (d.getElementById(id)) return;\n\t\t\t\t  js = d.createElement(s); js.id = id;\n\t\t\t\t  js.src = \"\/\/connect.facebook.net\/pt_BR\/sdk.js#xfbml=1&appId=691575364226355&version=v2.0\";\n\t\t\t\t  fjs.parentNode.insertBefore(js, fjs);\n\t\t\t\t}(document, 'script', 'facebook-jssdk'));<\/script><\/p>\n<div class=\"fb-like\" data-href=\"https:\/\/www.facebook.com\/aconteceunovale\" data-layout=\"button_count\" data-action=\"like\" data-show-faces=\"true\" data-share=\"true\"><\/div>\n<p><\/br><\/p>\n<p>Um homem de 28 anos \u00e9 procurado pela pol\u00edcia por tentativa de homic\u00eddio contra um adolescente na madrugada desta segunda-feira, 27 de outubro, em Pav\u00e3o, no Vale do Mucuri. De acordo com informa\u00e7\u00f5es da Pol\u00edcia Militar, a v\u00edtima A.P.N, de 17 anos, relatou que o autor O.B.S, teria lhe esfaqueado por vingan\u00e7a, j\u00e1 que dias antes, ele teria agredido lhe agredido.<\/p>\n<p>O menor foi atingido por cinco facadas e recebeu atendimento m\u00e9dico no Centro Municipal de Sa\u00fade Jos\u00e9 Benedito Santana. De acordo com o m\u00e9dico de Plant\u00e3o, Doutor Neto, a v\u00edtima perdeu muito sangue e estava com suspeita de pneumot\u00f3rax, por isso corre risco de vida.<\/p>\n<p>A Pol\u00edcia Militar realiza rastreamento com objetivo de localizar e prender o autor, por\u00e9m sem \u00eaxito at\u00e9 o momento.<br \/>\n<\/br><\/p>\n<h4><strong>Rapaz de 22 anos \u00e9 morto com sete tiros em Governador Valadares<\/strong><\/h4>\n<div id=\"fb-root\"><\/div>\n<p>\t\t\t\t<script>(function(d, s, id) {\n\t\t\t\t  var js, fjs = d.getElementsByTagName(s)[0];\n\t\t\t\t  if (d.getElementById(id)) return;\n\t\t\t\t  js = d.createElement(s); js.id = id;\n\t\t\t\t  js.src = \"\/\/connect.facebook.net\/pt_BR\/sdk.js#xfbml=1&appId=691575364226355&version=v2.0\";\n\t\t\t\t  fjs.parentNode.insertBefore(js, fjs);\n\t\t\t\t}(document, 'script', 'facebook-jssdk'));<\/script><\/p>\n<div class=\"fb-like\" data-href=\"https:\/\/www.facebook.com\/aconteceunovale\" data-layout=\"button_count\" data-action=\"like\" data-show-faces=\"true\" data-share=\"true\"><\/div>\n<p><\/br><\/p>\n<p>Um rapaz de 22 anos morreu na manh\u00e3 desta segunda-feira (27) no Hospital Municipal de Governador Valadares. Ele foi v\u00edtima de um homic\u00eddio na Rua Barbara Heliodora, no Bairro S\u00e3o Geraldo. A esposa do jovem contou a Pol\u00edcia Militar que dois homens estraram na casa do casal e atiraram na v\u00edtima.<\/p>\n<p>A mulher confirmou para a PM que os autores abriram o port\u00e3o da casa, passaram por ela no corredor, foram em dire\u00e7\u00e3o ao rapaz, ambos armados com armas de fogo, e deram sete tiros nele.<\/p>\n<p>O rapaz foi socorrido pelo Servi\u00e7o de Atendimento de Urg\u00eancia e morreu no Hospital. Segundo a per\u00edcia t\u00e9cnica, a v\u00edtima teve ferimentos nos bra\u00e7os, t\u00f3rax e barriga. De acordo com a pol\u00edcia, ele tinha passagens por porte ilegal de arma de fogo e uso de drogas.<\/p>\n<p>Entre os dois autores do crime, um tem passagens por les\u00e3o corporal, posse irregular de arma de fogo e uso de drogas. A pol\u00edcia realizou um rastreamento, mas at\u00e9 agora ningu\u00e9m foi preso.<br \/>\n<\/br><\/p>\n<h4><strong>Arma de fogo \u00e9 apreendida ap\u00f3s den\u00fancia an\u00f4nima em Almenara<\/strong><\/h4>\n<div id=\"fb-root\"><\/div>\n<p>\t\t\t\t<script>(function(d, s, id) {\n\t\t\t\t  var js, fjs = d.getElementsByTagName(s)[0];\n\t\t\t\t  if (d.getElementById(id)) return;\n\t\t\t\t  js = d.createElement(s); js.id = id;\n\t\t\t\t  js.src = \"\/\/connect.facebook.net\/pt_BR\/sdk.js#xfbml=1&appId=691575364226355&version=v2.0\";\n\t\t\t\t  fjs.parentNode.insertBefore(js, fjs);\n\t\t\t\t}(document, 'script', 'facebook-jssdk'));<\/script><\/p>\n<div class=\"fb-like\" data-href=\"https:\/\/www.facebook.com\/aconteceunovale\" data-layout=\"button_count\" data-action=\"like\" data-show-faces=\"true\" data-share=\"true\"><\/div>\n<p><\/br><\/p>\n<p>Uma arma de fogo foi apreendida na noite de domingo, 26 de outubro, ap\u00f3s uma den\u00fancia an\u00f4nima em Almenara, no Vale do Jequitinhonha. De acordo com a Pol\u00edcia Militar, um denunciante informou que havia um indiv\u00edduo, com uma arma de fogo, transitando pela Rua Padre Manoel Padro. De imediato, uma viatura policial compareceu ao local e ap\u00f3s buscas em uma casa localizou uma espingarda de fabrica\u00e7\u00e3o artesanal. L.M.S, de 21 anos, assumiu a propriedade da arma e foi conduzido para demais provid\u00eancias.<br \/>\n<\/br><\/p>\n<h4><strong>Mulher de 50 anos \u00e9 encontrada sem vida em Itambacuri<\/strong><\/h4>\n<div id=\"fb-root\"><\/div>\n<p>\t\t\t\t<script>(function(d, s, id) {\n\t\t\t\t  var js, fjs = d.getElementsByTagName(s)[0];\n\t\t\t\t  if (d.getElementById(id)) return;\n\t\t\t\t  js = d.createElement(s); js.id = id;\n\t\t\t\t  js.src = \"\/\/connect.facebook.net\/pt_BR\/sdk.js#xfbml=1&appId=691575364226355&version=v2.0\";\n\t\t\t\t  fjs.parentNode.insertBefore(js, fjs);\n\t\t\t\t}(document, 'script', 'facebook-jssdk'));<\/script><\/p>\n<div class=\"fb-like\" data-href=\"https:\/\/www.facebook.com\/aconteceunovale\" data-layout=\"button_count\" data-action=\"like\" data-show-faces=\"true\" data-share=\"true\"><\/div>\n<p><\/br><\/p>\n<p>Uma mulher de 50 anos foi encontrada morta na noite de domingo, 26 de outubro, no bairro V\u00e1rzea, em Itambacuri, no Leste de Minas. De acordo com a Pol\u00edcia Militar, o corpo estava em um lote vago, pr\u00f3ximo a Pra\u00e7a Tr\u00eas Pinheiros. A per\u00edcia t\u00e9cnica da Pol\u00edcia Civil foi acionada e ap\u00f3s os procedimentos de praxe, o corpo foi recolhido e encaminhado para o Instituto M\u00e9dico Legal, em Te\u00f3filo Otoni.<\/p>\n<p>Ainda segundo a PM, um sobrinho da v\u00edtima reconheceu o corpo como sendo de Maria Aparecida da Costa Barreiros, oriunda do C\u00f3rrego Barreiros. O laudo do IML dever\u00e1 apontar a causa da morte.<\/p>\n<p><em>(Fonte: Pol\u00edcia Militar \/ G1 \/ Jornal Vale do A\u00e7o)<\/em><\/p>\n","protected":false},"excerpt":{"rendered":"<p>Homem que dormia debaixo de caminh\u00e3o \u00e9 atropelado em Ipatinga Um atropelamento foi registrado na manh\u00e3 deste s\u00e1bado (25) na Avenida Livramento do bairro Veneza II, em Ipatinga. O condutor de um caminh\u00e3o, L.F.N, 46 anos, disse que parou o ve\u00edculo na noite de sexta-feira em um estacionamento privado. Na manh\u00e3 de s\u00e1bado o motorista [&hellip;]<\/p>\n","protected":false},"author":1,"featured_media":42404,"comment_status":"open","ping_status":"closed","sticky":false,"template":"","format":"standard","meta":{"amp_status":"","footnotes":""},"categories":[121],"tags":[20701,20702,142,20704,660,247,20707,201,188,20706,20698,20697,20705,20710,20703,447,20700,20709,20699,20708],"class_list":["post-43529","post","type-post","status-publish","format-standard","has-post-thumbnail","hentry","category-leste","tag-adolescente-e-vitima-de-tentativa-de-homicidio-em-pavao","tag-alex-prates-nunes","tag-almenara","tag-arma-de-fogo-e-apreendida-apos-denuncia-anonima-em-almenara","tag-catuji","tag-governador-valadares","tag-homem-que-dormia-debaixo-de-caminhao-e-atropelado-em-ipatinga","tag-ipatinga","tag-itambacuri","tag-maria-aparecida-da-costa-barreiros","tag-motocicleta-furtada-no-patio-da-prf-de-ubatuba","tag-motocicleta-furtada-no-patio-da-prf-de-ubatuba-e-recuperada-em-catuji","tag-mulher-de-50-anos-e-encontrada-sem-vida-em-itambacuri","tag-ocorrencias-em-destaque-nos-vales-do-jequitinhonha-rio-doce-e-mucuri-27-de-outubro-de-2014","tag-osvaldo-bento-da-silva","tag-pavao","tag-perivaldo-pereira-gomes","tag-rapaz-de-22-anos-e-morto-com-sete-tiros-em-governador-valadares","tag-ubatuba","tag-visitante-e-presa-com-droga-na-vagina-dentro-do-ceresp-de-ipatinga"],"_links":{"self":[{"href":"https:\/\/aconteceunovale.com.br\/portal\/index.php?rest_route=\/wp\/v2\/posts\/43529","targetHints":{"allow":["GET"]}}],"collection":[{"href":"https:\/\/aconteceunovale.com.br\/portal\/index.php?rest_route=\/wp\/v2\/posts"}],"about":[{"href":"https:\/\/aconteceunovale.com.br\/portal\/index.php?rest_route=\/wp\/v2\/types\/post"}],"author":[{"embeddable":true,"href":"https:\/\/aconteceunovale.com.br\/portal\/index.php?rest_route=\/wp\/v2\/users\/1"}],"replies":[{"embeddable":true,"href":"https:\/\/aconteceunovale.com.br\/portal\/index.php?rest_route=%2Fwp%2Fv2%2Fcomments&post=43529"}],"version-history":[{"count":0,"href":"https:\/\/aconteceunovale.com.br\/portal\/index.php?rest_route=\/wp\/v2\/posts\/43529\/revisions"}],"wp:featuredmedia":[{"embeddable":true,"href":"https:\/\/aconteceunovale.com.br\/portal\/index.php?rest_route=\/wp\/v2\/media\/42404"}],"wp:attachment":[{"href":"https:\/\/aconteceunovale.com.br\/portal\/index.php?rest_route=%2Fwp%2Fv2%2Fmedia&parent=43529"}],"wp:term":[{"taxonomy":"category","embeddable":true,"href":"https:\/\/aconteceunovale.com.br\/portal\/index.php?rest_route=%2Fwp%2Fv2%2Fcategories&post=43529"},{"taxonomy":"post_tag","embeddable":true,"href":"https:\/\/aconteceunovale.com.br\/portal\/index.php?rest_route=%2Fwp%2Fv2%2Ftags&post=43529"}],"curies":[{"name":"wp","href":"https:\/\/api.w.org\/{rel}","templated":true}]}}