{"id":43524,"date":"2014-10-27T17:59:08","date_gmt":"2014-10-27T20:59:08","guid":{"rendered":"http:\/\/aconteceunovale.com.br\/portal\/?p=43524"},"modified":"2014-10-27T17:59:08","modified_gmt":"2014-10-27T20:59:08","slug":"ix-seminario-visoes-do-vale-tera-discussoes-sobre-direitos-humanos-e-cidadania","status":"publish","type":"post","link":"https:\/\/aconteceunovale.com.br\/portal\/?p=43524","title":{"rendered":"IX Semin\u00e1rio Vis\u00f5es do Vale ter\u00e1 discuss\u00f5es sobre direitos humanos e cidadania"},"content":{"rendered":"<h4><strong><em>O semin\u00e1rio ser\u00e1 realizado de 4 a 5 de novembro em Belo Horizonte.<\/em><\/strong><\/h4>\n<div id=\"fb-root\"><\/div>\n<p>\t\t\t\t<script>(function(d, s, id) {\n\t\t\t\t  var js, fjs = d.getElementsByTagName(s)[0];\n\t\t\t\t  if (d.getElementById(id)) return;\n\t\t\t\t  js = d.createElement(s); js.id = id;\n\t\t\t\t  js.src = \"\/\/connect.facebook.net\/pt_BR\/sdk.js#xfbml=1&appId=691575364226355&version=v2.0\";\n\t\t\t\t  fjs.parentNode.insertBefore(js, fjs);\n\t\t\t\t}(document, 'script', 'facebook-jssdk'));<\/script><\/p>\n<div class=\"fb-like\" data-href=\"https:\/\/www.facebook.com\/aconteceunovale\" data-layout=\"button_count\" data-action=\"like\" data-show-faces=\"true\" data-share=\"true\"><\/div>\n<p><\/br><\/p>\n<p>A nona edi\u00e7\u00e3o do Semin\u00e1rio Vis\u00f5es do Vale ser\u00e1 realizada pelo Programa Polo de Integra\u00e7\u00e3o da UFMG no Vale do Jequitinhonha nos dias 04 e 05 de novembro, no Audit\u00f3rio 03 da Faculdade de Ci\u00eancias Econ\u00f4micas (FACE) da UFMG \u2013 Campus Pampulha, em Belo Horizonte.<\/p>\n<p>Neste ano, o Semin\u00e1rio ter\u00e1 como tema \u201cVale do Jequitinhonha: Direitos Humanos e Promo\u00e7\u00e3o da Cidadania\u201d. A programa\u00e7\u00e3o inclui atividades como confer\u00eancias, mesas redondas, apresenta\u00e7\u00f5es culturais e de artigos cient\u00edficos relacionados ao Vale do Jequitinhonha.<\/p>\n<p>No dia 04 de novembro, a abertura do Semin\u00e1rio acontecer\u00e1 \u00e0s 9h e ser\u00e1 seguida da confer\u00eancia que tem como tema \u201cDireitos Humanos no Brasil: efetividade e viola\u00e7\u00e3o\u201d.  A conferencista convidada \u00e9 a Dra. N\u00edvia Monica da Silva, representante da Promotoria Estadual de Minas Gerais \u2013 Coordenadoria de Direitos Humanos.<\/p>\n<p>A confer\u00eancia ter\u00e1 como debatedor o professor M\u00e1rcio Simeone, da Faculdade de Filosofia e Ci\u00eancias Humanas (FAFICH) da UFMG e como coordenadora a professora Benigna Maria de Oliveira, Pr\u00f3-Reitora de Extens\u00e3o da UFMG. \u00c0s 11h15 ser\u00e1 realizado o lan\u00e7amento de livros e \u00e0s 11h30, a apresenta\u00e7\u00e3o cultural do Sarau Kizumba.<\/p>\n<p>Durante a tarde, \u00e0s 14h ser\u00e1 apresentada a mesa redonda: Viol\u00eancia(S) contra a mulher, contando com a participa\u00e7\u00e3o de Aline Senna Carmona, da Secretaria Municipal de Desenvolvimento Social de Ara\u00e7ua\u00ed, Auxiliadora Alves Martins, da Comiss\u00e3o Estadual de Mulheres Trabalhadoras da Federa\u00e7\u00e3o dos Trabalhadores na Agricultura do Estado de Minas Gerais (FETAEMG) de Coronel Murta e da professora Marlise Matos, da FAFICH\/UFMG. A mesa ter\u00e1 como coordenadora a Pr\u00f3-Reitora Adjunta de Extens\u00e3o da UFMG, Cl\u00e1udia Mayorga. \u00c0s 16h30 ser\u00e1 exposto o painel de comunica\u00e7\u00f5es orais.<\/p>\n<p>Durante o segundo dia do semin\u00e1rio, ser\u00e3o realizadas mais tr\u00eas mesas redondas. \u00c0s 08h30, os palestrantes Decanor Nunes, da Caritas de Jequitinhonha, Andrea Zhouri, da FAFICH\/UFMG e Fl\u00e1via Maria Galizone, do Instituto de Ci\u00eancias Agr\u00e1rias (ICA) da UFMG apresentar\u00e3o a mesa: \u201cViol\u00eancia no Campo: acesso \u00e0 terra e \u00e0 \u00e1gua\u201d, coordenada pelo professor Jo\u00e3o Valdir Alves de Souza, da Faculdade de Educa\u00e7\u00e3o (FAE) da UFMG.<\/p>\n<p>A mesa: \u201cViol\u00eancia contra jovens\u201d ser\u00e1 apresentada em seguida pelos palestrantes Rodrigo Corr\u00eaa, da ONG Oficina de Imagens, por Helena Abramo, coordenadora geral de Pol\u00edticas Setoriais da Secretaria Nacional de Juventude da Secretaria Geral da Presid\u00eancia e por Geraldo Le\u00e3o, da FAE\/UFMG. A coordenadora da mesa ser\u00e1 Maria das Dores Pimentel Nogueira, coordenadora do Programa Polo de Integra\u00e7\u00e3o da UFMG no Vale do Jequitinhonha.<\/p>\n<p>\u00c0s 14h, Geralda Luiza de Miranda, da FAFICH\/UFMG, Armando Pereira Ribeiro, do F\u00f3rum Vale Protege e Eduardo Nascimento, assessor de Meio Ambiente da FETAEMG ser\u00e3o membros da mesa redonda: \u201cFrentes de promo\u00e7\u00e3o de direitos e de cidadania: desafios e perspectivas\u201d, coordenada por Gilvander. \u00c0s 16h ser\u00e1 apresentado o Painel de comunica\u00e7\u00f5es orais seguido pelo encerramento do Semin\u00e1rio.<\/p>\n<h4>Sarau Kizumba animar\u00e1 o IX Semin\u00e1rio Vis\u00f5es do Vale<\/h4>\n<p><img decoding=\"async\" src=\"http:\/\/aconteceunovale.com.br\/portal\/wp-content\/uploads\/2014\/10\/sarau_medina.jpg\" alt=\"\" \/><em>O grupo foi fundado em 2013 na cidade de Medina &#8211; Foto: Divulga\u00e7\u00e3o\/UFMG<\/em><br \/>\n<\/br><\/p>\n<p>O Sarau Kizumba realizar\u00e1 uma apresenta\u00e7\u00e3o cultural durante o primeiro dia da nona edi\u00e7\u00e3o do Semin\u00e1rio Vis\u00f5es do Vale que acontece em Belo Horizonte nos dias 4 e 5 de novembro.<\/p>\n<p>O grupo mineiro de Medina \u2013 Vale do Jequitinhonha \u2013 far\u00e1 parte da programa\u00e7\u00e3o do IX Semin\u00e1rio Vis\u00f5es do Vale se apresentando no dia 04 de novembro, \u00e0s 11h30, no Audit\u00f3rio 03 da FACE\/UFMG com um espet\u00e1culo composto por textos e can\u00e7\u00f5es de grande import\u00e2ncia liter\u00e1ria, po\u00e9tica e musical para al\u00e9m da regi\u00e3o do Vale.<\/p>\n<p>O grupo foi fundado pelos jovens Wellington Gomes, Genilson Dias, Aur\u00e9lio Rodrigues, Ricardo Freire, Maxsuel Silva, Aderbal J\u00fanior e Jo\u00e3o Victor em setembro de 2013.<\/p>\n<p>Segundo Wellington Gomes, o Sarau foi criado \u201ccom o intuito de levar ao p\u00fablico a mistura boa da arte circense, a poesia, teatro, a brincadeira, o resgate cultural, a m\u00fasica de qualidade envolvendo a ess\u00eancia da MPB, m\u00fasica regional, cultura local e do Vale do Jequitinhonha\u201d.<\/p>\n<p>Buscando trazer a conscientiza\u00e7\u00e3o por meio da arte, o Sarau Kizumba se renova ao longo do tempo e apresenta nas letras das can\u00e7\u00f5es e nos poemas as mensagens em busca de um mundo melhor. Segundo o componente do grupo Wellington Gomes, o Sarau foi inicialmente chamado de \u201cQuizumba\u201d, que significa bagun\u00e7a, briga e confus\u00e3o. O grupo decidiu trocar o nome por \u201cSarau Kizumba\u201d para que soasse como algo novo, uma bagun\u00e7a boa de ser apreciada.<\/p>\n<p><em><strong>(Fonte: UFMG)<\/strong><\/em><\/p>\n","protected":false},"excerpt":{"rendered":"<p>O semin\u00e1rio ser\u00e1 realizado de 4 a 5 de novembro em Belo Horizonte. A nona edi\u00e7\u00e3o do Semin\u00e1rio Vis\u00f5es do Vale ser\u00e1 realizada pelo Programa Polo de Integra\u00e7\u00e3o da UFMG no Vale do Jequitinhonha nos dias 04 e 05 de novembro, no Audit\u00f3rio 03 da Faculdade de Ci\u00eancias Econ\u00f4micas (FACE) da UFMG \u2013 Campus Pampulha, [&hellip;]<\/p>\n","protected":false},"author":1,"featured_media":43525,"comment_status":"open","ping_status":"closed","sticky":false,"template":"","format":"standard","meta":{"amp_status":"","footnotes":""},"categories":[125],"tags":[20694,20696,389,20695,20693],"class_list":["post-43524","post","type-post","status-publish","format-standard","has-post-thumbnail","hentry","category-noticias","tag-ix-seminario-visoes-do-vale","tag-ix-seminario-visoes-do-vale-tera-discussoes-sobre-direitos-humanos-e-cidadania","tag-medina","tag-sarau-kizumba","tag-sarau-kizumba-animara-o-ix-seminario-visoes-do-vale"],"_links":{"self":[{"href":"https:\/\/aconteceunovale.com.br\/portal\/index.php?rest_route=\/wp\/v2\/posts\/43524","targetHints":{"allow":["GET"]}}],"collection":[{"href":"https:\/\/aconteceunovale.com.br\/portal\/index.php?rest_route=\/wp\/v2\/posts"}],"about":[{"href":"https:\/\/aconteceunovale.com.br\/portal\/index.php?rest_route=\/wp\/v2\/types\/post"}],"author":[{"embeddable":true,"href":"https:\/\/aconteceunovale.com.br\/portal\/index.php?rest_route=\/wp\/v2\/users\/1"}],"replies":[{"embeddable":true,"href":"https:\/\/aconteceunovale.com.br\/portal\/index.php?rest_route=%2Fwp%2Fv2%2Fcomments&post=43524"}],"version-history":[{"count":0,"href":"https:\/\/aconteceunovale.com.br\/portal\/index.php?rest_route=\/wp\/v2\/posts\/43524\/revisions"}],"wp:featuredmedia":[{"embeddable":true,"href":"https:\/\/aconteceunovale.com.br\/portal\/index.php?rest_route=\/wp\/v2\/media\/43525"}],"wp:attachment":[{"href":"https:\/\/aconteceunovale.com.br\/portal\/index.php?rest_route=%2Fwp%2Fv2%2Fmedia&parent=43524"}],"wp:term":[{"taxonomy":"category","embeddable":true,"href":"https:\/\/aconteceunovale.com.br\/portal\/index.php?rest_route=%2Fwp%2Fv2%2Fcategories&post=43524"},{"taxonomy":"post_tag","embeddable":true,"href":"https:\/\/aconteceunovale.com.br\/portal\/index.php?rest_route=%2Fwp%2Fv2%2Ftags&post=43524"}],"curies":[{"name":"wp","href":"https:\/\/api.w.org\/{rel}","templated":true}]}}