{"id":43514,"date":"2014-10-27T17:34:51","date_gmt":"2014-10-27T20:34:51","guid":{"rendered":"http:\/\/aconteceunovale.com.br\/portal\/?p=43514"},"modified":"2014-10-27T17:35:35","modified_gmt":"2014-10-27T20:35:35","slug":"dezessete-casos-suspeitos-de-febre-chikungunya-sao-investigados-em-minas-gerais","status":"publish","type":"post","link":"https:\/\/aconteceunovale.com.br\/portal\/?p=43514","title":{"rendered":"Dezessete casos suspeitos de febre chikungunya s\u00e3o investigados em Minas Gerais"},"content":{"rendered":"<h4><strong><em>Belo Horizonte \u00e9 o munic\u00edpio com maior n\u00famero de pacientes com sintomas da doen\u00e7a. Duas pessoas j\u00e1 foram diagnosticadas no Estado<\/em><\/strong><\/h4>\n<div id=\"fb-root\"><\/div>\n<p>\t\t\t\t<script>(function(d, s, id) {\n\t\t\t\t  var js, fjs = d.getElementsByTagName(s)[0];\n\t\t\t\t  if (d.getElementById(id)) return;\n\t\t\t\t  js = d.createElement(s); js.id = id;\n\t\t\t\t  js.src = \"\/\/connect.facebook.net\/pt_BR\/sdk.js#xfbml=1&appId=691575364226355&version=v2.0\";\n\t\t\t\t  fjs.parentNode.insertBefore(js, fjs);\n\t\t\t\t}(document, 'script', 'facebook-jssdk'));<\/script><\/p>\n<div class=\"fb-like\" data-href=\"https:\/\/www.facebook.com\/aconteceunovale\" data-layout=\"button_count\" data-action=\"like\" data-show-faces=\"true\" data-share=\"true\"><\/div>\n<p><\/br><\/p>\n<p>O n\u00famero de casos suspeitos de febre chikungunya aumenta a cada dia em Minas Gerais. A Secretaria de Estado de Sa\u00fade (SES) investiga 17 pessoas que apresentam sintomas da doen\u00e7a. Dessas, cinco s\u00e3o moradores de Belo Horizonte, que lidera a lista. At\u00e9 esta segunda-feira, duas pessoas, uma moradora de Matozinhos, na Grande BH, e outra de Coronel Fabriciano, no Vale do A\u00e7o, foram infectadas pelo v\u00edrus transmitido pelo mosquito Aedes Aegypti. <\/p>\n<p>A capital mineira j\u00e1 apresentou oito casos suspeitos, mas tr\u00eas deram negativo. S\u00e3o investigados exames feitos em dois pacientes em Po\u00e7os de Caldas, outro em Andradas, Ibirit\u00e9, Ipatinga, Lavras, Nova Serrana, Pitangui, S\u00e3o Francisco de Paula, Sobr\u00e1lia e Varginha. A doen\u00e7a foi descartada em moradores de Alfenas, Contagem, Ita\u00fana, Mato Verde, Montes Claros, Santo Ant\u00f4nio do Monte e Vi\u00e7osa. <\/p>\n<p>Um dos vetores da chikungunya, a f\u00eamea do mosquito Aedes Aegypti, tamb\u00e9m \u00e9 respons\u00e1vel pela transmiss\u00e3o da dengue, que este ano j\u00e1 matou 45 pessoas em Minas. O outro vetor \u00e9 o mosquito Aedes albopictus, comum em \u00e1reas rurais. O mosquito adquire o v\u00edrus ao picar uma pessoa infectada, durante o per\u00edodo de viremia, ou seja, um dia antes do aparecimento da febre at\u00e9 o quinto dia de doen\u00e7a, quando a pessoa ainda tem o v\u00edrus na corrente sangu\u00ednea. <\/p>\n<h4>Casos de Dengue<\/h4>\n<p>Minas Gerais j\u00e1 apresentou 44.860 casos de dengue em 2014. O n\u00famero segue bem abaixo em compara\u00e7\u00e3o com o ano passado, quando o Estado contabilizou 368.387 infectados pela doen\u00e7a. A secretaria de sa\u00fade acende o sinal de alerta, pois no per\u00edodo de novembro a maio ocorre a maior prolifera\u00e7\u00e3o do Aedes Aegypti em fun\u00e7\u00e3o das condi\u00e7\u00f5es clim\u00e1ticas favor\u00e1veis. Por causa disso, reitera o pedido de ajuda a popula\u00e7\u00e3o para combater o mosquito, j\u00e1 que, as pesquisas mostram que 80% dos focos est\u00e3o dentro das casas.<\/p>\n<p><strong><em>(Estado de Minas)<\/em><\/strong><\/p>\n","protected":false},"excerpt":{"rendered":"<p>Belo Horizonte \u00e9 o munic\u00edpio com maior n\u00famero de pacientes com sintomas da doen\u00e7a. Duas pessoas j\u00e1 foram diagnosticadas no Estado O n\u00famero de casos suspeitos de febre chikungunya aumenta a cada dia em Minas Gerais. A Secretaria de Estado de Sa\u00fade (SES) investiga 17 pessoas que apresentam sintomas da doen\u00e7a. Dessas, cinco s\u00e3o moradores [&hellip;]<\/p>\n","protected":false},"author":1,"featured_media":42015,"comment_status":"open","ping_status":"closed","sticky":false,"template":"","format":"standard","meta":{"amp_status":"","footnotes":""},"categories":[123],"tags":[1549,194,20684,1524,20683,1494,201,207,1497,20685,1515,20686,215,1644,328,223],"class_list":["post-43514","post","type-post","status-publish","format-standard","has-post-thumbnail","hentry","category-gerais","tag-andradas","tag-belo-horizonte","tag-casos-suspeitos-de-febre-chikungunya-em-minas-gerais","tag-coronel-fabriciano","tag-dezessete-casos-suspeitos-de-febre-chikungunya-sao-investigados-em-minas-gerais","tag-ibirite","tag-ipatinga","tag-lavras","tag-matozinhos","tag-mosquito-aedes-aegypti","tag-nova-serrana","tag-pitangui","tag-pocos-de-caldas","tag-sao-francisco-de-paula","tag-sobralia","tag-varginha"],"_links":{"self":[{"href":"https:\/\/aconteceunovale.com.br\/portal\/index.php?rest_route=\/wp\/v2\/posts\/43514","targetHints":{"allow":["GET"]}}],"collection":[{"href":"https:\/\/aconteceunovale.com.br\/portal\/index.php?rest_route=\/wp\/v2\/posts"}],"about":[{"href":"https:\/\/aconteceunovale.com.br\/portal\/index.php?rest_route=\/wp\/v2\/types\/post"}],"author":[{"embeddable":true,"href":"https:\/\/aconteceunovale.com.br\/portal\/index.php?rest_route=\/wp\/v2\/users\/1"}],"replies":[{"embeddable":true,"href":"https:\/\/aconteceunovale.com.br\/portal\/index.php?rest_route=%2Fwp%2Fv2%2Fcomments&post=43514"}],"version-history":[{"count":0,"href":"https:\/\/aconteceunovale.com.br\/portal\/index.php?rest_route=\/wp\/v2\/posts\/43514\/revisions"}],"wp:featuredmedia":[{"embeddable":true,"href":"https:\/\/aconteceunovale.com.br\/portal\/index.php?rest_route=\/wp\/v2\/media\/42015"}],"wp:attachment":[{"href":"https:\/\/aconteceunovale.com.br\/portal\/index.php?rest_route=%2Fwp%2Fv2%2Fmedia&parent=43514"}],"wp:term":[{"taxonomy":"category","embeddable":true,"href":"https:\/\/aconteceunovale.com.br\/portal\/index.php?rest_route=%2Fwp%2Fv2%2Fcategories&post=43514"},{"taxonomy":"post_tag","embeddable":true,"href":"https:\/\/aconteceunovale.com.br\/portal\/index.php?rest_route=%2Fwp%2Fv2%2Ftags&post=43514"}],"curies":[{"name":"wp","href":"https:\/\/api.w.org\/{rel}","templated":true}]}}