{"id":43504,"date":"2014-10-27T16:38:23","date_gmt":"2014-10-27T19:38:23","guid":{"rendered":"http:\/\/aconteceunovale.com.br\/portal\/?p=43504"},"modified":"2014-10-27T16:43:55","modified_gmt":"2014-10-27T19:43:55","slug":"redes-sociais-voltam-a-registrar-casos-de-preconceito-contra-a-regiao-norte-e-nordeste","status":"publish","type":"post","link":"https:\/\/aconteceunovale.com.br\/portal\/?p=43504","title":{"rendered":"Redes sociais voltam a registrar casos de preconceito contra a regi\u00e3o Norte e Nordeste"},"content":{"rendered":"<div id=\"fb-root\"><\/div>\n<p>\t\t\t\t<script>(function(d, s, id) {\n\t\t\t\t  var js, fjs = d.getElementsByTagName(s)[0];\n\t\t\t\t  if (d.getElementById(id)) return;\n\t\t\t\t  js = d.createElement(s); js.id = id;\n\t\t\t\t  js.src = \"\/\/connect.facebook.net\/pt_BR\/sdk.js#xfbml=1&appId=691575364226355&version=v2.0\";\n\t\t\t\t  fjs.parentNode.insertBefore(js, fjs);\n\t\t\t\t}(document, 'script', 'facebook-jssdk'));<\/script><\/p>\n<div class=\"fb-like\" data-href=\"https:\/\/www.facebook.com\/aconteceunovale\" data-layout=\"button_count\" data-action=\"like\" data-show-faces=\"true\" data-share=\"true\"><\/div>\n<p><\/br><\/p>\n<p>As redes sociais exibiram, mais uma vez, preconceito contra a regi\u00e3o Nordeste e Norte do Pa\u00eds nessa elei\u00e7\u00e3o presidencial. A agress\u00e3o contra o Nordeste foi motivada pelo fato de a presidente Dilma Rousseff ter vencido o concorrente A\u00e9cio Neves em n\u00famero de votos na regi\u00e3o. &#8220;Nordestino vota na Dilma e depois vem pro Sul vender rede&#8221;, dizia um internauta.<\/p>\n<p>O deputado eleito Coronel Telhada (PSDB-SP) foi mais longe. Sugeria a divis\u00e3o do Pa\u00eds. &#8220;J\u00e1 que o Brasil fez sua escolha pelo PT entendo que o Sul e Sudeste (exceto Minas Gerais e Rio de Janeiro que optaram pelo PT) iniciem o processo de independ\u00eancia de um pa\u00eds que prefere esmola do que o trabalho, preferem a desordem ao inv\u00e9s da ordem, preferem o voto de cabresto do que a liberdade&#8221;, afirmou o hoje vereador em sua p\u00e1gina pessoal. O texto chegou a ter quase 5 mil compartilhamentos.<\/p>\n<p><img decoding=\"async\" src=\"http:\/\/aconteceunovale.com.br\/portal\/wp-content\/uploads\/2014\/10\/mapa_eleicoes.jpg\" alt=\"\" \/><em>Internautas pedem a divis\u00e3o do Brasil (Reprodu\u00e7\u00e3o\/Ag\u00eancia Brasil)<\/em><br \/>\n<\/br><\/p>\n<p>J\u00e1 a intoler\u00e2ncia com o Norte p\u00f4de ser vista em tu\u00edtes que reclamavam de o Acre ter sido o Estado a encerrar a vota\u00e7\u00e3o por registrar tr\u00eas horas a menos que os Estados que adotaram hor\u00e1rio de ver\u00e3o. Postagens do tipo &#8220;Acre atrasando o Brasil&#8221; puderam ser vistas na timeline, inclusive na da apresentadora Luciana Gimenez. &#8220;Ningu\u00e9m merece esperar o Acre&#8221;, mostrava o perfil da pop.<\/p>\n<p>A internet, sobretudo via Twitter e o Facebook, se consolida como palco prof\u00edcuo de den\u00fancias relacionadas a racismo, homofobia e xenofobia.<\/p>\n<p>As elei\u00e7\u00f5es geraram um aumento de 95% das reclama\u00e7\u00f5es. Entre 1.\u00ba de julho e 21 de outubro foram registradas 10.609 ocorr\u00eancias na Central Nacional de Den\u00fancias de Crimes Cibern\u00e9ticos, uma rede de den\u00fancias an\u00f4nimas contra os direitos humanos. As reclama\u00e7\u00f5es foram recebidas pela ONG Safernet.<\/p>\n<p>Segundo o levantamento obtido pelo jornal O Estado de S. Paulo, no mesmo per\u00edodo do ano passado foram feitas 5.416 den\u00fancias. No come\u00e7o da campanha, o humor e a s\u00e1tira dominavam os coment\u00e1rios dos primeiros debates. No primeiro confronto, realizado no dia 26 de agosto na Band, os candidatos derrotados Eduardo Jorge (PV) e Luciana Genro (PSOL) foram os campe\u00f5es de repercuss\u00e3o e coment\u00e1rios.<\/p>\n<p><strong><em>(Ag\u00eancia Estado)<\/em><\/strong><\/p>\n","protected":false},"excerpt":{"rendered":"<p>As redes sociais exibiram, mais uma vez, preconceito contra a regi\u00e3o Nordeste e Norte do Pa\u00eds nessa elei\u00e7\u00e3o presidencial. A agress\u00e3o contra o Nordeste foi motivada pelo fato de a presidente Dilma Rousseff ter vencido o concorrente A\u00e9cio Neves em n\u00famero de votos na regi\u00e3o. &#8220;Nordestino vota na Dilma e depois vem pro Sul vender [&hellip;]<\/p>\n","protected":false},"author":1,"featured_media":43506,"comment_status":"open","ping_status":"closed","sticky":false,"template":"","format":"standard","meta":{"amp_status":"","footnotes":""},"categories":[6],"tags":[20674,20675,20678,20677,2162,20666,20665,20676,20672,20673,20667,20668,20670,20669,19238,20664,20679,20671],"class_list":["post-43504","post","type-post","status-publish","format-standard","has-post-thumbnail","hentry","category-br","tag-acre-atrasando-o-brasil","tag-apresentadora-luciana-gimenez","tag-coronel-telhada","tag-deputado-eleito-coronel-telhada","tag-dilma-rousseff","tag-divisao-do-brasil","tag-internautas-pedem-a-divisao-do-brasil","tag-ninguem-merece-esperar-o-acre","tag-nordestino-vota-na-dilma-e-depois-vem-pro-sul-vender-rede","tag-preconceito-contra-a-regiao-nordeste-e-norte-do-pais","tag-preconceito-contra-nordestinos","tag-preconceito-contra-o-acre","tag-preferem-o-voto-de-cabresto","tag-preferem-o-voto-de-cabresto-do-que-a-liberdade","tag-presidente-dilma-rousseff","tag-redes-sociais-viram-palco-de-preconceito-contra-a-regiao-norte-e-nordeste","tag-redes-sociais-voltam-a-registrar-casos-de-preconceito-contra-a-regiao-norte-e-nordeste","tag-voto-de-cabresto"],"_links":{"self":[{"href":"https:\/\/aconteceunovale.com.br\/portal\/index.php?rest_route=\/wp\/v2\/posts\/43504","targetHints":{"allow":["GET"]}}],"collection":[{"href":"https:\/\/aconteceunovale.com.br\/portal\/index.php?rest_route=\/wp\/v2\/posts"}],"about":[{"href":"https:\/\/aconteceunovale.com.br\/portal\/index.php?rest_route=\/wp\/v2\/types\/post"}],"author":[{"embeddable":true,"href":"https:\/\/aconteceunovale.com.br\/portal\/index.php?rest_route=\/wp\/v2\/users\/1"}],"replies":[{"embeddable":true,"href":"https:\/\/aconteceunovale.com.br\/portal\/index.php?rest_route=%2Fwp%2Fv2%2Fcomments&post=43504"}],"version-history":[{"count":0,"href":"https:\/\/aconteceunovale.com.br\/portal\/index.php?rest_route=\/wp\/v2\/posts\/43504\/revisions"}],"wp:featuredmedia":[{"embeddable":true,"href":"https:\/\/aconteceunovale.com.br\/portal\/index.php?rest_route=\/wp\/v2\/media\/43506"}],"wp:attachment":[{"href":"https:\/\/aconteceunovale.com.br\/portal\/index.php?rest_route=%2Fwp%2Fv2%2Fmedia&parent=43504"}],"wp:term":[{"taxonomy":"category","embeddable":true,"href":"https:\/\/aconteceunovale.com.br\/portal\/index.php?rest_route=%2Fwp%2Fv2%2Fcategories&post=43504"},{"taxonomy":"post_tag","embeddable":true,"href":"https:\/\/aconteceunovale.com.br\/portal\/index.php?rest_route=%2Fwp%2Fv2%2Ftags&post=43504"}],"curies":[{"name":"wp","href":"https:\/\/api.w.org\/{rel}","templated":true}]}}