{"id":43501,"date":"2014-10-27T16:27:25","date_gmt":"2014-10-27T19:27:25","guid":{"rendered":"http:\/\/aconteceunovale.com.br\/portal\/?p=43501"},"modified":"2014-10-27T16:27:25","modified_gmt":"2014-10-27T19:27:25","slug":"dilma-tera-quatro-anos-para-cumprir-diversas-promessas-de-campanha","status":"publish","type":"post","link":"https:\/\/aconteceunovale.com.br\/portal\/?p=43501","title":{"rendered":"Dilma ter\u00e1 quatro anos para cumprir diversas promessas de campanha"},"content":{"rendered":"<div id=\"fb-root\"><\/div>\n<p>\t\t\t\t<script>(function(d, s, id) {\n\t\t\t\t  var js, fjs = d.getElementsByTagName(s)[0];\n\t\t\t\t  if (d.getElementById(id)) return;\n\t\t\t\t  js = d.createElement(s); js.id = id;\n\t\t\t\t  js.src = \"\/\/connect.facebook.net\/pt_BR\/sdk.js#xfbml=1&appId=691575364226355&version=v2.0\";\n\t\t\t\t  fjs.parentNode.insertBefore(js, fjs);\n\t\t\t\t}(document, 'script', 'facebook-jssdk'));<\/script><\/p>\n<div class=\"fb-like\" data-href=\"https:\/\/www.facebook.com\/aconteceunovale\" data-layout=\"button_count\" data-action=\"like\" data-show-faces=\"true\" data-share=\"true\"><\/div>\n<p><\/br><\/p>\n<p>Com a reelei\u00e7\u00e3o da presidente Dilma Rousseff, a ordem no Pal\u00e1cio do Planalto \u00e9 tentar resgatar a confian\u00e7a em torno da economia brasileira, promover um novo ciclo de desenvolvimento e aprofundar conquistas sociais. Ela ter\u00e1 pela frente, por\u00e9m, um cen\u00e1rio de desacerto das contas p\u00fablicas, dificuldade de rela\u00e7\u00e3o com o Congresso Nacional e uma investiga\u00e7\u00e3o que atinge partidos da base aliada e na qual seu pr\u00f3prio nome j\u00e1 foi citado, a Opera\u00e7\u00e3o Lava Jato, que apura corrup\u00e7\u00e3o na Petrobras, maior estatal do Pa\u00eds.<\/p>\n<p><img decoding=\"async\" src=\"http:\/\/aconteceunovale.com.br\/portal\/wp-content\/uploads\/2014\/10\/dilma_promessas.jpg\" alt=\"\" \/><em>Presidente ter\u00e1 muitos desafios pela frente (Foto: Ichiro Guerra)<\/em><br \/>\n<\/br><\/p>\n<p>Dilma pretende se concentrar na parte administrativa e afastar as suspeitas do Pal\u00e1cio do Planalto a partir da imposi\u00e7\u00e3o de sua agenda. Ela quer dedicar o segundo mandato a implantar uma s\u00e9rie de medidas anunciadas no hor\u00e1rio eleitoral como &#8220;ideias novas&#8221;. A maioria delas, no entanto, s\u00e3o ideias repaginadas, que j\u00e1 haviam sido prometidas na primeira elei\u00e7\u00e3o de Dilma, foram anunciadas pelo pr\u00f3prio governo antes da campanha eleitoral, j\u00e1 est\u00e3o em tramita\u00e7\u00e3o no Congresso ou se encontram em fase inicial de implanta\u00e7\u00e3o.<\/p>\n<p>O caso mais emblem\u00e1tico de &#8220;ideia nova&#8221; reciclada \u00e9 a promessa de implantar uma reforma pol\u00edtica no Pa\u00eds, compromisso que j\u00e1 constava no programa de governo lan\u00e7ado na campanha de 2010. Essa bandeira foi retomada pelo Pal\u00e1cio do Planalto como resposta \u00e0s manifesta\u00e7\u00f5es de junho de 2013 e relan\u00e7ada nesta elei\u00e7\u00e3o, ap\u00f3s a resist\u00eancia do Congresso \u00e0 convoca\u00e7\u00e3o de um plebiscito sobre o tema. Para se blindar dos esc\u00e2ndalos de corrup\u00e7\u00e3o, o PT e o governo t\u00eam batido na tecla de acabar com o financiamento empresarial de campanha.<\/p>\n<h4>Promessas<\/h4>\n<p>O &#8220;Banda Larga Para Todos&#8221; \u00e9 outro compromisso repaginado que Dilma tentar\u00e1 implantar no segundo mandato. Em 2010, o programa de governo da petista j\u00e1 previa a &#8220;extens\u00e3o da banda larga para todo o Pa\u00eds&#8221;. A promessa, agora, de acordo com a campanha do PT, \u00e9 promover uma parceria p\u00fablico-privada para levar fibra \u00f3tica a 90% dos munic\u00edpios brasileiros, oferecendo financiamentos baratos ao setor privado.<\/p>\n<p>Na \u00e1rea de educa\u00e7\u00e3o, Dilma apresentou como &#8220;ideais novas&#8221; a amplia\u00e7\u00e3o do Programa Nacional de Acesso ao Ensino T\u00e9cnico e Emprego (Pronatec) e a implanta\u00e7\u00e3o de um eixo focado nos jovens aprendizes, medidas que j\u00e1 haviam sido anunciadas pelo pr\u00f3prio governo meses atr\u00e1s.<\/p>\n<p>A reforma curricular do ensino m\u00e9dio, outro compromisso apresentado durante a campanha, est\u00e1 prevista em resolu\u00e7\u00e3o aprovada pelo Conselho Nacional de Educa\u00e7\u00e3o (CNE) em maio de 2011. Desde 2009, o Minist\u00e9rio da Educa\u00e7\u00e3o (MEC) conta com o programa Ensino M\u00e9dio Inovador, que apoia o desenvolvimento de mudan\u00e7as curriculares. Durante a campanha, Dilma falou em &#8220;dar est\u00edmulos ao professor&#8221;, mas o tema n\u00e3o foi aprofundado.<\/p>\n<h4>Impunidade<\/h4>\n<p>Em meio \u00e0 sucess\u00e3o de esc\u00e2ndalos de corrup\u00e7\u00e3o envolvendo a Petrobras, a presidente reeleita lan\u00e7ou durante a campanha um pacote com cinco iniciativas contra a impunidade, como modificar a Lei das Elei\u00e7\u00f5es e tornar crime a pr\u00e1tica de caixa dois. Ao menos tr\u00eas delas correspondem, integral ou parcialmente, a propostas que j\u00e1 tramitam no Congresso.<\/p>\n<p><em><strong>(Ag\u00eancia Estado)<\/strong><\/em><\/p>\n","protected":false},"excerpt":{"rendered":"<p>Com a reelei\u00e7\u00e3o da presidente Dilma Rousseff, a ordem no Pal\u00e1cio do Planalto \u00e9 tentar resgatar a confian\u00e7a em torno da economia brasileira, promover um novo ciclo de desenvolvimento e aprofundar conquistas sociais. Ela ter\u00e1 pela frente, por\u00e9m, um cen\u00e1rio de desacerto das contas p\u00fablicas, dificuldade de rela\u00e7\u00e3o com o Congresso Nacional e uma investiga\u00e7\u00e3o [&hellip;]<\/p>\n","protected":false},"author":1,"featured_media":43502,"comment_status":"open","ping_status":"closed","sticky":false,"template":"","format":"standard","meta":{"amp_status":"","footnotes":""},"categories":[6],"tags":[2162,20661,20663,20662,758],"class_list":["post-43501","post","type-post","status-publish","format-standard","has-post-thumbnail","hentry","category-br","tag-dilma-rousseff","tag-dilma-tera-quatro-anos-para-cumprir-diversas-promessas-de-campanha","tag-promessas-da-campanha-da-presidente-dilma-rousseff","tag-promessas-da-presidente-dilma-rousseff","tag-pt"],"_links":{"self":[{"href":"https:\/\/aconteceunovale.com.br\/portal\/index.php?rest_route=\/wp\/v2\/posts\/43501","targetHints":{"allow":["GET"]}}],"collection":[{"href":"https:\/\/aconteceunovale.com.br\/portal\/index.php?rest_route=\/wp\/v2\/posts"}],"about":[{"href":"https:\/\/aconteceunovale.com.br\/portal\/index.php?rest_route=\/wp\/v2\/types\/post"}],"author":[{"embeddable":true,"href":"https:\/\/aconteceunovale.com.br\/portal\/index.php?rest_route=\/wp\/v2\/users\/1"}],"replies":[{"embeddable":true,"href":"https:\/\/aconteceunovale.com.br\/portal\/index.php?rest_route=%2Fwp%2Fv2%2Fcomments&post=43501"}],"version-history":[{"count":0,"href":"https:\/\/aconteceunovale.com.br\/portal\/index.php?rest_route=\/wp\/v2\/posts\/43501\/revisions"}],"wp:featuredmedia":[{"embeddable":true,"href":"https:\/\/aconteceunovale.com.br\/portal\/index.php?rest_route=\/wp\/v2\/media\/43502"}],"wp:attachment":[{"href":"https:\/\/aconteceunovale.com.br\/portal\/index.php?rest_route=%2Fwp%2Fv2%2Fmedia&parent=43501"}],"wp:term":[{"taxonomy":"category","embeddable":true,"href":"https:\/\/aconteceunovale.com.br\/portal\/index.php?rest_route=%2Fwp%2Fv2%2Fcategories&post=43501"},{"taxonomy":"post_tag","embeddable":true,"href":"https:\/\/aconteceunovale.com.br\/portal\/index.php?rest_route=%2Fwp%2Fv2%2Ftags&post=43501"}],"curies":[{"name":"wp","href":"https:\/\/api.w.org\/{rel}","templated":true}]}}