{"id":43494,"date":"2014-10-27T16:10:38","date_gmt":"2014-10-27T19:10:38","guid":{"rendered":"http:\/\/aconteceunovale.com.br\/portal\/?p=43494"},"modified":"2014-10-27T16:10:38","modified_gmt":"2014-10-27T19:10:38","slug":"bondinho-do-pao-de-acucar-comemora-102-anos-com-bolo-para-turistas","status":"publish","type":"post","link":"https:\/\/aconteceunovale.com.br\/portal\/?p=43494","title":{"rendered":"Bondinho do P\u00e3o de A\u00e7\u00facar comemora 102 anos com bolo para turistas"},"content":{"rendered":"<div id=\"fb-root\"><\/div>\n<p>\t\t\t\t<script>(function(d, s, id) {\n\t\t\t\t  var js, fjs = d.getElementsByTagName(s)[0];\n\t\t\t\t  if (d.getElementById(id)) return;\n\t\t\t\t  js = d.createElement(s); js.id = id;\n\t\t\t\t  js.src = \"\/\/connect.facebook.net\/pt_BR\/sdk.js#xfbml=1&appId=691575364226355&version=v2.0\";\n\t\t\t\t  fjs.parentNode.insertBefore(js, fjs);\n\t\t\t\t}(document, 'script', 'facebook-jssdk'));<\/script><\/p>\n<div class=\"fb-like\" data-href=\"https:\/\/www.facebook.com\/aconteceunovale\" data-layout=\"button_count\" data-action=\"like\" data-show-faces=\"true\" data-share=\"true\"><\/div>\n<p><\/br><\/p>\n<p>Primeiro telef\u00e9rico do Brasil (terceiro do mundo), o bondinho do P\u00e3o de A\u00e7\u00facar completa 102 anos de atividade nesta segunda-feira (27). Para comemorar a data, a Companhia Caminho A\u00e9reo P\u00e3o de A\u00e7\u00facar, empresa que administra o complexo &#8211; no bairro da Urca, no Rio de Janeiro &#8211; distribui 2 mil peda\u00e7os de bolo para os visitantes de hoje, at\u00e9 o final da tarde.<\/p>\n<p>Coordenadora de Marketing da companhia, Ana Lu\u00edsa de Castro disse que est\u00e3o sendo feitas melhorias nas instala\u00e7\u00f5es do bondinho, e a previs\u00e3o \u00e9 que as obras estejam prontas at\u00e9 o in\u00edcio de 2015. \u201cEstamos fazendo algumas reformas no espa\u00e7o, como troca de pisos, melhoria nos banheiros e nas depend\u00eancias dos funcion\u00e1rios, nova sinaliza\u00e7\u00e3o e restaura\u00e7\u00f5es no anfiteatro e na entrada do parque\u201d, explicou.<\/p>\n<p><img decoding=\"async\" src=\"http:\/\/aconteceunovale.com.br\/portal\/wp-content\/uploads\/2014\/10\/bondinho_pao_de_acucar.jpg\" alt=\"\" \/><em>Bondinho modernizado do P\u00e3o de A\u00e7\u00facar, com vista parcial do bairro da Urca &#8211; Foto: Ag\u00eancia Brasil<\/em><br \/>\n<\/br><\/p>\n<p>O telef\u00e9rico foi fundado em 1912 pelo engenheiro Augusto Ferreira Ramos. Depois de desenvolver o projeto e analisar sua viabilidade, constituiu a Companhia Caminho A\u00e9reo P\u00e3o de A\u00e7\u00facar e procurou parceria com investidores. O empreendimento foi desacreditado por muitos na \u00e9poca, inclusive pelos seus colegas do Clube de Engenharia, que o chamaram de louco e, com sarcasmo, sugeriram que a linha do telef\u00e9rico ligasse o P\u00e3o de A\u00e7\u00facar ao Hosp\u00edcio Nacional, que tamb\u00e9m fica na Urca, zona sul do Rio.<\/p>\n<p>Uma das primeiras a\u00e7\u00f5es dos investidores foi mostrar ao Minist\u00e9rio da Fazenda a import\u00e2ncia da obra para proje\u00e7\u00e3o do Rio de Janeiro no cen\u00e1rio internacional. Para eles, o bondinho era um melhoramento que embelezaria a cidade e, como um dos primeiros telef\u00e9ricos do mundo, seria uma demonstra\u00e7\u00e3o de compet\u00eancia da engenharia brasileira.<\/p>\n<p>A inaugura\u00e7\u00e3o do telef\u00e9rico teve grande repercuss\u00e3o, nacional e internacional, por causa das dificuldades de ent\u00e3o, que implicavam desafio tecnol\u00f3gico, dificuldades de acesso ao local, ineditismo e falta de m\u00e3o de obra qualificada no Brasil. O apelido de \u201cbondinho\u201d foi dado pelos cariocas, que se inspiraram nos bondes que circulavam pela cidade \u00e0 \u00e9poca. Com o tempo, os equipamentos foram modernizados e o bondinho teve sua capacidade de transporte ampliada.<\/p>\n<p>Segundo a companhia, a m\u00e9dia di\u00e1ria de visitantes do bondinho, atualmente, \u00e9 4 mil pessoas na baixa temporada e 8 mil na alta temporada, assim considerada a \u00e9poca que vai de dezembro a fevereiro, bem como nos grandes eventos na cidade. O recorde de visita\u00e7\u00e3o foi registrado em 30 de dezembro de 2012, quando recebeu 10.767 visitantes. De acordo com a companhia, nesses 102 anos de opera\u00e7\u00e3o o telef\u00e9rico foi usado por aproximadamente 40 milh\u00f5es de pessoas, 47% das quais estrangeiras.<\/p>\n<p>A atra\u00e7\u00e3o continua a agradar os visitantes do Rio de Janeiro. O arquiteto Ra\u00fal di Lascio, turista argentino que visita o Brasil pela primeira vez, afirma que ficou \u201cdeslumbrado\u201d com o passeio. \u201cGostei muito do bondinho, ele \u00e9 bem seguro e voc\u00ea praticamente nem sente a subida. E depois que chega aqui, se depara com essa paisagem extraordin\u00e1ria. N\u00e3o d\u00e1 nem vontade de ir embora mais\u201d, relatou.<\/p>\n<p>A professora Carolina Neves da Silva, carioca, conta que nunca havia visitado o ponto tur\u00edstico. \u201c\u00c9 a primeira vez que venho, e fico feliz com a coincid\u00eancia de ser logo num dia t\u00e3o especial, que \u00e9 o anivers\u00e1rio do bondinho. J\u00e1 ganhei at\u00e9 bolo. O passeio est\u00e1 valendo muito a pena, a vista daqui \u00e9 lind\u00edssima e rende fotos \u00f3timas\u201d, disse ela.<\/p>\n<p>O telef\u00e9rico do P\u00e3o de A\u00e7\u00facar j\u00e1 transportou muitas personalidades como Roberto Carlos, Albert Einstein, John Kennedy e Brooke Shields. Al\u00e9m disso, o lugar tamb\u00e9m serviu de cen\u00e1rio para importantes loca\u00e7\u00f5es cinematogr\u00e1ficas como nos filmes 007 contra o Foguete da Morte, em 1979, e o rec\u00e9m-lan\u00e7ado Rio, Eu Te Amo.<\/p>\n<p><em>(Ag\u00eancia Brasil)<\/em><\/p>\n","protected":false},"excerpt":{"rendered":"<p>Primeiro telef\u00e9rico do Brasil (terceiro do mundo), o bondinho do P\u00e3o de A\u00e7\u00facar completa 102 anos de atividade nesta segunda-feira (27). Para comemorar a data, a Companhia Caminho A\u00e9reo P\u00e3o de A\u00e7\u00facar, empresa que administra o complexo &#8211; no bairro da Urca, no Rio de Janeiro &#8211; distribui 2 mil peda\u00e7os de bolo para os [&hellip;]<\/p>\n","protected":false},"author":1,"featured_media":43495,"comment_status":"open","ping_status":"closed","sticky":false,"template":"","format":"standard","meta":{"amp_status":"","footnotes":""},"categories":[6],"tags":[20651,20652,20653,20650,20647,20644,20646,20648,1018,20649,20645,1104,20654],"class_list":["post-43494","post","type-post","status-publish","format-standard","has-post-thumbnail","hentry","category-br","tag-102-anos","tag-aniversario","tag-bolo","tag-bondinho","tag-bondinho-do-pao-de-acucar","tag-bondinho-do-pao-de-acucar-comemora-102-anos-com-bolo-para-turistas","tag-bondinho-do-pao-de-acucar-completa-102-anos","tag-companhia-caminho-aereo-pao-de-acucar","tag-destaque","tag-pao-de-acucar","tag-primeiro-teleferico-do-brasil","tag-rio-de-janeiro","tag-turistas"],"_links":{"self":[{"href":"https:\/\/aconteceunovale.com.br\/portal\/index.php?rest_route=\/wp\/v2\/posts\/43494","targetHints":{"allow":["GET"]}}],"collection":[{"href":"https:\/\/aconteceunovale.com.br\/portal\/index.php?rest_route=\/wp\/v2\/posts"}],"about":[{"href":"https:\/\/aconteceunovale.com.br\/portal\/index.php?rest_route=\/wp\/v2\/types\/post"}],"author":[{"embeddable":true,"href":"https:\/\/aconteceunovale.com.br\/portal\/index.php?rest_route=\/wp\/v2\/users\/1"}],"replies":[{"embeddable":true,"href":"https:\/\/aconteceunovale.com.br\/portal\/index.php?rest_route=%2Fwp%2Fv2%2Fcomments&post=43494"}],"version-history":[{"count":0,"href":"https:\/\/aconteceunovale.com.br\/portal\/index.php?rest_route=\/wp\/v2\/posts\/43494\/revisions"}],"wp:featuredmedia":[{"embeddable":true,"href":"https:\/\/aconteceunovale.com.br\/portal\/index.php?rest_route=\/wp\/v2\/media\/43495"}],"wp:attachment":[{"href":"https:\/\/aconteceunovale.com.br\/portal\/index.php?rest_route=%2Fwp%2Fv2%2Fmedia&parent=43494"}],"wp:term":[{"taxonomy":"category","embeddable":true,"href":"https:\/\/aconteceunovale.com.br\/portal\/index.php?rest_route=%2Fwp%2Fv2%2Fcategories&post=43494"},{"taxonomy":"post_tag","embeddable":true,"href":"https:\/\/aconteceunovale.com.br\/portal\/index.php?rest_route=%2Fwp%2Fv2%2Ftags&post=43494"}],"curies":[{"name":"wp","href":"https:\/\/api.w.org\/{rel}","templated":true}]}}