{"id":43492,"date":"2014-10-27T15:57:34","date_gmt":"2014-10-27T18:57:34","guid":{"rendered":"http:\/\/aconteceunovale.com.br\/portal\/?p=43492"},"modified":"2014-10-27T15:57:34","modified_gmt":"2014-10-27T18:57:34","slug":"fugitivos-da-penitenciaria-de-unai-rendem-funcionario-de-fazenda-e-fogem-no-carro-dele","status":"publish","type":"post","link":"https:\/\/aconteceunovale.com.br\/portal\/?p=43492","title":{"rendered":"Fugitivos da Penitenci\u00e1ria de Una\u00ed rendem funcion\u00e1rio de fazenda e fogem no carro dele"},"content":{"rendered":"<h4><strong><em>Ainda com uniforme do pres\u00eddio, criminosos renderam o homem e levaram o ve\u00edculo. Fuga aconteceu no dia 21, durante o plant\u00e3o noturno.<\/em><\/strong><\/h4>\n<div id=\"fb-root\"><\/div>\n<p>\t\t\t\t<script>(function(d, s, id) {\n\t\t\t\t  var js, fjs = d.getElementsByTagName(s)[0];\n\t\t\t\t  if (d.getElementById(id)) return;\n\t\t\t\t  js = d.createElement(s); js.id = id;\n\t\t\t\t  js.src = \"\/\/connect.facebook.net\/pt_BR\/sdk.js#xfbml=1&appId=691575364226355&version=v2.0\";\n\t\t\t\t  fjs.parentNode.insertBefore(js, fjs);\n\t\t\t\t}(document, 'script', 'facebook-jssdk'));<\/script><\/p>\n<div class=\"fb-like\" data-href=\"https:\/\/www.facebook.com\/aconteceunovale\" data-layout=\"button_count\" data-action=\"like\" data-show-faces=\"true\" data-share=\"true\"><\/div>\n<p><\/br><\/p>\n<p><a href=\"http:\/\/aconteceunovale.com.br\/portal\/?p=42933\" target=\"_blank\">Dois homens que fugiram da Penitenci\u00e1ria Agostinho de Oliveira, em Una\u00ed, na regi\u00e3o Noroeste de Minas Gerais, h\u00e1 uma semana, renderam um homem e fugiram no carro dele, neste domingo (26)<\/a>. Segundo a Pol\u00edcia Militar, eles fazem parte de uma fac\u00e7\u00e3o criminosa presente em v\u00e1rios estados do pa\u00eds.<\/p>\n<p>A Pol\u00edcia Militar foi chamada pelo funcion\u00e1rio de uma fazenda, que disse ter sido abordado por Davidson Alves dos Santos e Isiomar Rosa, quando parou o carro para abrir um porteira. Eles estavam com o uniforme do sistema prisional e disseram estar armados.<\/p>\n<p><img decoding=\"async\" src=\"http:\/\/aconteceunovale.com.br\/portal\/wp-content\/uploads\/2014\/10\/detentos_fogem_unai.jpg\" alt=\"\" \/><em>Detentos fugiram de cadeia de Una\u00ed (Foto: Divulga\u00e7\u00e3o \/ Infopen)<\/em><br \/>\n<\/br><\/p>\n<p>O funcion\u00e1rio da fazenda foi rendido e obrigado a deitar no banco traseiro, com o rosto coberto, enquanto os presidi\u00e1rios assumiram a dire\u00e7\u00e3o do ve\u00edculo. Eles seguiram para a BR-251, no sentido Bras\u00edlia (DF), onde abandonaram o ve\u00edculo com o homem e todos os pertences dele.<\/p>\n<p>Segundo a PM, Isiomar Rosa j\u00e1 liderou fugas no Pres\u00eddio de Itaja\u00ed (SC), foi preso por tr\u00e1fico de drogas e assalto de cargas, bancos e joalherias. Ele trocava joias por drogas, que vinham do exterior. Ele foi condenado a 74 anos de pris\u00e3o.<\/p>\n<p>J\u00e1 Davidson Alves estava cumprindo pena por um homic\u00eddio, praticado em Belo Horizonte (MG), tr\u00e1fico de drogas em Matozinhos (MG), al\u00e9m de outros crimes. Ele ocupava a fun\u00e7\u00e3o de tesoureiro de uma quadrilha de traficantes e de assaltantes. O chefe da organiza\u00e7\u00e3o criminosa est\u00e1 detido na Penitenci\u00e1ria de Francisco S\u00e1, que \u00e9 de seguran\u00e7a m\u00e1xima.<\/p>\n<p>Qualquer informa\u00e7\u00e3o sobre o paradeiro dois dois pode ser repassada pelos telefones 181 ou 190. O anonimato \u00e9 garantido. (G1)<\/p>\n","protected":false},"excerpt":{"rendered":"<p>Ainda com uniforme do pres\u00eddio, criminosos renderam o homem e levaram o ve\u00edculo. Fuga aconteceu no dia 21, durante o plant\u00e3o noturno. Dois homens que fugiram da Penitenci\u00e1ria Agostinho de Oliveira, em Una\u00ed, na regi\u00e3o Noroeste de Minas Gerais, h\u00e1 uma semana, renderam um homem e fugiram no carro dele, neste domingo (26). Segundo a [&hellip;]<\/p>\n","protected":false},"author":1,"featured_media":42934,"comment_status":"open","ping_status":"closed","sticky":false,"template":"","format":"standard","meta":{"amp_status":"","footnotes":""},"categories":[1236],"tags":[194,19951,20640,20642,20639,19950,20643,1497,20641,222],"class_list":["post-43492","post","type-post","status-publish","format-standard","has-post-thumbnail","hentry","category-norte_de_minas","tag-belo-horizonte","tag-davidson-alves-dos-santos","tag-dois-homens-que-fugiram-da-penitenciaria-agostinho-de-oliveira","tag-fugas-no-presidio-de-itajai","tag-fugitivos-da-penitenciaria-de-unai-rendem-homem-e-fogem-no-carro-dele","tag-isiomar-rosa","tag-itajai","tag-matozinhos","tag-penitenciaria-agostinho-de-oliveira","tag-unai"],"_links":{"self":[{"href":"https:\/\/aconteceunovale.com.br\/portal\/index.php?rest_route=\/wp\/v2\/posts\/43492","targetHints":{"allow":["GET"]}}],"collection":[{"href":"https:\/\/aconteceunovale.com.br\/portal\/index.php?rest_route=\/wp\/v2\/posts"}],"about":[{"href":"https:\/\/aconteceunovale.com.br\/portal\/index.php?rest_route=\/wp\/v2\/types\/post"}],"author":[{"embeddable":true,"href":"https:\/\/aconteceunovale.com.br\/portal\/index.php?rest_route=\/wp\/v2\/users\/1"}],"replies":[{"embeddable":true,"href":"https:\/\/aconteceunovale.com.br\/portal\/index.php?rest_route=%2Fwp%2Fv2%2Fcomments&post=43492"}],"version-history":[{"count":0,"href":"https:\/\/aconteceunovale.com.br\/portal\/index.php?rest_route=\/wp\/v2\/posts\/43492\/revisions"}],"wp:featuredmedia":[{"embeddable":true,"href":"https:\/\/aconteceunovale.com.br\/portal\/index.php?rest_route=\/wp\/v2\/media\/42934"}],"wp:attachment":[{"href":"https:\/\/aconteceunovale.com.br\/portal\/index.php?rest_route=%2Fwp%2Fv2%2Fmedia&parent=43492"}],"wp:term":[{"taxonomy":"category","embeddable":true,"href":"https:\/\/aconteceunovale.com.br\/portal\/index.php?rest_route=%2Fwp%2Fv2%2Fcategories&post=43492"},{"taxonomy":"post_tag","embeddable":true,"href":"https:\/\/aconteceunovale.com.br\/portal\/index.php?rest_route=%2Fwp%2Fv2%2Ftags&post=43492"}],"curies":[{"name":"wp","href":"https:\/\/api.w.org\/{rel}","templated":true}]}}