{"id":43487,"date":"2014-10-27T15:26:51","date_gmt":"2014-10-27T18:26:51","guid":{"rendered":"http:\/\/aconteceunovale.com.br\/portal\/?p=43487"},"modified":"2014-10-27T15:26:51","modified_gmt":"2014-10-27T18:26:51","slug":"vitimas-de-acidente-no-leste-de-minas-sao-identificadas","status":"publish","type":"post","link":"https:\/\/aconteceunovale.com.br\/portal\/?p=43487","title":{"rendered":"V\u00edtimas de acidente no Leste de Minas s\u00e3o identificadas"},"content":{"rendered":"<h4><em><strong>O ve\u00edculo em que as v\u00edtimas estavam bateu em uma carreta e caiu em uma lagoa. Acidente aconteceu na BR-381, em Belo Oriente.<\/strong><\/em><\/h4>\n<div id=\"fb-root\"><\/div>\n<p>\t\t\t\t<script>(function(d, s, id) {\n\t\t\t\t  var js, fjs = d.getElementsByTagName(s)[0];\n\t\t\t\t  if (d.getElementById(id)) return;\n\t\t\t\t  js = d.createElement(s); js.id = id;\n\t\t\t\t  js.src = \"\/\/connect.facebook.net\/pt_BR\/sdk.js#xfbml=1&appId=691575364226355&version=v2.0\";\n\t\t\t\t  fjs.parentNode.insertBefore(js, fjs);\n\t\t\t\t}(document, 'script', 'facebook-jssdk'));<\/script><\/p>\n<div class=\"fb-like\" data-href=\"https:\/\/www.facebook.com\/aconteceunovale\" data-layout=\"button_count\" data-action=\"like\" data-show-faces=\"true\" data-share=\"true\"><\/div>\n<p><\/br><\/p>\n<p>O Instituto M\u00e9dico Legal de Ipatinga divulgou nesta segunda-feira, 27 de outubro, a identifica\u00e7\u00e3o e idade das v\u00edtimas de um <a href=\"http:\/\/aconteceunovale.com.br\/portal\/?p=43457\" target=\"_blank\">grave acidente registrado na noite de domingo (26), na altura do quil\u00f4metro 217, da BR-381, em Belo Oriente<\/a>, na regi\u00e3o Leste de Minas Gerais. O casal e duas crian\u00e7as estavam em um carro que bateu e uma carreta e caiu em uma lagoa \u00e0s margens da rodovia.<\/p>\n<p><img decoding=\"async\" src=\"http:\/\/aconteceunovale.com.br\/portal\/wp-content\/uploads\/2014\/10\/acidente_belo_oriente_id.jpg\" alt=\"\" \/><em>Carro bateu de frente com um caminh\u00e3o (Foto: Inter TV dos Vales \/ Reprodu\u00e7\u00e3o: Plant\u00e3o Policial)<\/em><br \/>\n<\/br><\/p>\n<p>Segundo informa\u00e7\u00f5es da Pol\u00edcia Rodovi\u00e1ria Federal, o acidente aconteceu por volta das 21 horas. &#8220;Ainda n\u00e3o sabemos a causa da batida, mas chovia no momento da colis\u00e3o. Ap\u00f3s a batida, os dois ve\u00edculos desceram uma ribanceira e ca\u00edram na lagoa\u201d, explicou o policial Edson Ferreira, da PRF.<\/p>\n<p>Com o impacto do acidente, o motorista Wilson Gon\u00e7alves de Almeida, a esposa dele, Ana Ferreira de Jesus, de 40 anos, a filha do casal, Maissa Ferreira de Almeida, de 10 anos, e uma amiga da fam\u00edlia, J\u00falia Ramos Rodrigues, de 12 anos, n\u00e3o resistiram aos graves ferimentos e morrera. O Corpo de Bombeiros foi acionado para retirar os corpos das ferragens. <\/p>\n<p>O motorista da carreta ficou ferido e foi socorrido para o Hospital M\u00e1rcio Cunha, em Ipatinga. Assim que receber alta m\u00e9dica, ele deve ser encaminhado \u00e0 delegacia para prestar esclarecimentos.<\/p>\n<p>A v\u00edtima Wilson era motorista da Univale. Eles moravam na Rua dos Esportes, em Ipaba, e segundo informa\u00e7\u00f5es retornavam de um passeio \u00e0 cidade de Naque, na mesma regi\u00e3o.<\/p>\n","protected":false},"excerpt":{"rendered":"<p>O ve\u00edculo em que as v\u00edtimas estavam bateu em uma carreta e caiu em uma lagoa. Acidente aconteceu na BR-381, em Belo Oriente. O Instituto M\u00e9dico Legal de Ipatinga divulgou nesta segunda-feira, 27 de outubro, a identifica\u00e7\u00e3o e idade das v\u00edtimas de um grave acidente registrado na noite de domingo (26), na altura do quil\u00f4metro [&hellip;]<\/p>\n","protected":false},"author":1,"featured_media":43490,"comment_status":"open","ping_status":"closed","sticky":false,"template":"","format":"standard","meta":{"amp_status":"","footnotes":""},"categories":[121],"tags":[20638,20636,16176,8237,20633,350,20611,1018,2234,201,20635,20634,20637,1724,20608,20607,20610,20609,20631,20632],"class_list":["post-43487","post","type-post","status-publish","format-standard","has-post-thumbnail","hentry","category-leste","tag-acidente-com-familia-de-ipaba","tag-acidente-com-motorista-da-univale","tag-acidente-em-belo-oriente","tag-acidente-na-br-381","tag-ana-ferreira-de-jesus","tag-belo-oriente","tag-casal-e-duas-criancas-morrem-em-grave-acidente-no-leste-de-minas","tag-destaque","tag-ipaba","tag-ipatinga","tag-julia-ramos-rodrigues","tag-maissa-ferreira-de-almeida","tag-motorista-da-univale-morre-na-br-381","tag-naque","tag-quatro-pessoas-morrem-em-grave-acidente-na-br-381","tag-quatro-pessoas-morrem-em-grave-acidente-no-leste-de-minas","tag-quatro-pessoas-morrem-em-grave-acidente-no-municipio-de-belo-oriente","tag-quatro-pessoas-morrem-em-grave-acidente-no-vale-do-aco","tag-vitimas-de-acidente-no-leste-de-minas-sao-identificadas","tag-wilson-goncalves-de-almeida"],"_links":{"self":[{"href":"https:\/\/aconteceunovale.com.br\/portal\/index.php?rest_route=\/wp\/v2\/posts\/43487","targetHints":{"allow":["GET"]}}],"collection":[{"href":"https:\/\/aconteceunovale.com.br\/portal\/index.php?rest_route=\/wp\/v2\/posts"}],"about":[{"href":"https:\/\/aconteceunovale.com.br\/portal\/index.php?rest_route=\/wp\/v2\/types\/post"}],"author":[{"embeddable":true,"href":"https:\/\/aconteceunovale.com.br\/portal\/index.php?rest_route=\/wp\/v2\/users\/1"}],"replies":[{"embeddable":true,"href":"https:\/\/aconteceunovale.com.br\/portal\/index.php?rest_route=%2Fwp%2Fv2%2Fcomments&post=43487"}],"version-history":[{"count":0,"href":"https:\/\/aconteceunovale.com.br\/portal\/index.php?rest_route=\/wp\/v2\/posts\/43487\/revisions"}],"wp:featuredmedia":[{"embeddable":true,"href":"https:\/\/aconteceunovale.com.br\/portal\/index.php?rest_route=\/wp\/v2\/media\/43490"}],"wp:attachment":[{"href":"https:\/\/aconteceunovale.com.br\/portal\/index.php?rest_route=%2Fwp%2Fv2%2Fmedia&parent=43487"}],"wp:term":[{"taxonomy":"category","embeddable":true,"href":"https:\/\/aconteceunovale.com.br\/portal\/index.php?rest_route=%2Fwp%2Fv2%2Fcategories&post=43487"},{"taxonomy":"post_tag","embeddable":true,"href":"https:\/\/aconteceunovale.com.br\/portal\/index.php?rest_route=%2Fwp%2Fv2%2Ftags&post=43487"}],"curies":[{"name":"wp","href":"https:\/\/api.w.org\/{rel}","templated":true}]}}