{"id":43476,"date":"2014-10-27T14:43:41","date_gmt":"2014-10-27T17:43:41","guid":{"rendered":"http:\/\/aconteceunovale.com.br\/portal\/?p=43476"},"modified":"2014-10-27T14:43:41","modified_gmt":"2014-10-27T17:43:41","slug":"rodrigo-faro-grava-documentario-no-vale-do-jequitinhonha","status":"publish","type":"post","link":"https:\/\/aconteceunovale.com.br\/portal\/?p=43476","title":{"rendered":"Rodrigo Faro grava document\u00e1rio no Vale do Jequitinhonha"},"content":{"rendered":"<h4><strong><em>O apresentador participa do Projeto \u201c\u00c1gua pura para Crian\u00e7as\u201d. Document\u00e1rio ser\u00e1 exibido na TV Record<\/em><\/strong><\/h4>\n<div id=\"fb-root\"><\/div>\n<p>\t\t\t\t<script>(function(d, s, id) {\n\t\t\t\t  var js, fjs = d.getElementsByTagName(s)[0];\n\t\t\t\t  if (d.getElementById(id)) return;\n\t\t\t\t  js = d.createElement(s); js.id = id;\n\t\t\t\t  js.src = \"\/\/connect.facebook.net\/pt_BR\/sdk.js#xfbml=1&appId=691575364226355&version=v2.0\";\n\t\t\t\t  fjs.parentNode.insertBefore(js, fjs);\n\t\t\t\t}(document, 'script', 'facebook-jssdk'));<\/script><\/p>\n<div class=\"fb-like\" data-href=\"https:\/\/www.facebook.com\/aconteceunovale\" data-layout=\"button_count\" data-action=\"like\" data-show-faces=\"true\" data-share=\"true\"><\/div>\n<p><\/br><\/p>\n<p>O apresentador Rodrigo Faro, desembarcou  nesta segunda-feira, 27 de outubro, em Ara\u00e7ua\u00ed, no Vale do Jequitinhonha, para gravar um document\u00e1rio para o Programa \u201c\u00c1gua pura para crian\u00e7as\u201d.<\/p>\n<p>Mesmo com chuva e c\u00e9u nublado, um pequeno grupo de pessoas aguardava o apresentador no aeroporto da cidade. Faro chegou por volta das 11 horas da manh\u00e3 e ficou surpreso com a presen\u00e7a dos f\u00e3s. \u201cComo voc\u00eas sabiam que eu viria?\u201d. <\/p>\n<p>Muito simp\u00e1tico, Faro tirou fotos com todos e atendeu a imprensa. De Ara\u00e7ua\u00ed, ele seguiu de carro at\u00e9 a vizinha cidade de Francisco Badar\u00f3, onde ser\u00e3o gravadas as imagens, na casa de uma fam\u00edlia que ser\u00e1 beneficiada pelo projeto.<\/p>\n<p><img decoding=\"async\" src=\"http:\/\/aconteceunovale.com.br\/portal\/wp-content\/uploads\/2014\/10\/rodrigo_faro_aracuai.jpg\" alt=\"\" \/><em>Faro gravou para o Programa &#8220;\u00c1gua pura para Crian\u00e7as&#8221;, em Francisco Badar\u00f3 &#8211; Foto: GBI\/Gazeta de Ara\u00e7ua\u00ed<\/em><br \/>\n<\/br><\/p>\n<p>O projeto \u00c1gua para Crian\u00e7as \u00e9 uma iniciativa da Procter e Gamble, uma multinacional do ramo de limpeza. Desde 2003, a iniciativa forneceu \u00e1gua pot\u00e1vel para 23 na\u00e7\u00f5es, atrav\u00e9s do sach\u00ea purificador de \u00e1gua. De acordo com a P &#038; G, o produto torna pot\u00e1vel at\u00e9 a \u00e1gua mais contaminada, utilizando tecnologia de baixo custo.<\/p>\n<p>De acordo com Rodrigo Faro a iniciativa vai beneficiar 24.250 pessoas de aproximadamente 4.850 fam\u00edlias nos munic\u00edpios de Ara\u00e7ua\u00ed, Berilo, Chapada do Norte, Coronel Murta, Comercinho, Francisco Badar\u00f3, Jenipapo de Minas, Medina e Virgem da Lapa.<\/p>\n<p>Ser\u00e1 distribu\u00eddo para as fam\u00edlias inscritas no projeto, um produto para a purifica\u00e7\u00e3o da \u00e1gua, com a finalidade de reduzir a incid\u00eancia de doen\u00e7as, como c\u00f3lera, hepatite, ameb\u00edase, amarel\u00e3o, esquistossomose, leptospirose e ascarid\u00edase.<\/p>\n<p>Ap\u00f3s gravar em Francisco Badar\u00f3, o apresentador retorna para Ara\u00e7ua\u00ed, onde embarca de volta para S\u00e3o Paulo. Rodrigo Faro garantiu que o document\u00e1rio ser\u00e1 exibido no seu pr\u00f3ximo programa &#8220;Domingo do Faro&#8221;, pela Rede Record.<\/p>\n<p><strong><em>(Gazeta de Ara\u00e7ua\u00ed)<\/em><\/strong><\/p>\n","protected":false},"excerpt":{"rendered":"<p>O apresentador participa do Projeto \u201c\u00c1gua pura para Crian\u00e7as\u201d. Document\u00e1rio ser\u00e1 exibido na TV Record O apresentador Rodrigo Faro, desembarcou nesta segunda-feira, 27 de outubro, em Ara\u00e7ua\u00ed, no Vale do Jequitinhonha, para gravar um document\u00e1rio para o Programa \u201c\u00c1gua pura para crian\u00e7as\u201d. Mesmo com chuva e c\u00e9u nublado, um pequeno grupo de pessoas aguardava o [&hellip;]<\/p>\n","protected":false},"author":1,"featured_media":43477,"comment_status":"open","ping_status":"closed","sticky":false,"template":"","format":"standard","meta":{"amp_status":"","footnotes":""},"categories":[120],"tags":[20624,186,841,481,426,483,1018,187,1218,389,20623,20625,20626,20627,20629,20628,482],"class_list":["post-43476","post","type-post","status-publish","format-standard","has-post-thumbnail","hentry","category-jequi","tag-agua-pura-para-criancas-em-francisco-badaro","tag-aracuai","tag-berilo","tag-chapada-do-norte","tag-comercinho","tag-coronel-murta","tag-destaque","tag-francisco-badaro","tag-jenipapo-de-minas","tag-medina","tag-programa-agua-pura-para-criancas","tag-rodrigo-faro","tag-rodrigo-faro-em-aracuai","tag-rodrigo-faro-em-francisco-badaro","tag-rodrigo-faro-grava-documentario-em-francisco-badaro","tag-rodrigo-faro-grava-documentario-no-vale-do-jequitinhonha","tag-virgem-da-lapa"],"_links":{"self":[{"href":"https:\/\/aconteceunovale.com.br\/portal\/index.php?rest_route=\/wp\/v2\/posts\/43476","targetHints":{"allow":["GET"]}}],"collection":[{"href":"https:\/\/aconteceunovale.com.br\/portal\/index.php?rest_route=\/wp\/v2\/posts"}],"about":[{"href":"https:\/\/aconteceunovale.com.br\/portal\/index.php?rest_route=\/wp\/v2\/types\/post"}],"author":[{"embeddable":true,"href":"https:\/\/aconteceunovale.com.br\/portal\/index.php?rest_route=\/wp\/v2\/users\/1"}],"replies":[{"embeddable":true,"href":"https:\/\/aconteceunovale.com.br\/portal\/index.php?rest_route=%2Fwp%2Fv2%2Fcomments&post=43476"}],"version-history":[{"count":0,"href":"https:\/\/aconteceunovale.com.br\/portal\/index.php?rest_route=\/wp\/v2\/posts\/43476\/revisions"}],"wp:featuredmedia":[{"embeddable":true,"href":"https:\/\/aconteceunovale.com.br\/portal\/index.php?rest_route=\/wp\/v2\/media\/43477"}],"wp:attachment":[{"href":"https:\/\/aconteceunovale.com.br\/portal\/index.php?rest_route=%2Fwp%2Fv2%2Fmedia&parent=43476"}],"wp:term":[{"taxonomy":"category","embeddable":true,"href":"https:\/\/aconteceunovale.com.br\/portal\/index.php?rest_route=%2Fwp%2Fv2%2Fcategories&post=43476"},{"taxonomy":"post_tag","embeddable":true,"href":"https:\/\/aconteceunovale.com.br\/portal\/index.php?rest_route=%2Fwp%2Fv2%2Ftags&post=43476"}],"curies":[{"name":"wp","href":"https:\/\/api.w.org\/{rel}","templated":true}]}}