{"id":43463,"date":"2014-10-27T09:10:16","date_gmt":"2014-10-27T12:10:16","guid":{"rendered":"http:\/\/aconteceunovale.com.br\/portal\/?p=43463"},"modified":"2014-10-27T09:10:35","modified_gmt":"2014-10-27T12:10:35","slug":"crianca-morre-em-acidente-com-bicicleta-em-ladainha","status":"publish","type":"post","link":"https:\/\/aconteceunovale.com.br\/portal\/?p=43463","title":{"rendered":"Crian\u00e7a morre em acidente com bicicleta em Ladainha"},"content":{"rendered":"<h4><strong><em>Menino de 11 anos foi lan\u00e7ado \u00e0 uma altura de 7m e caiu 18m a frente. M\u00e3e levou o garoto ao hospital de Ladainha, mas ele morreu a caminho.<\/em><\/strong><\/h4>\n<div id=\"fb-root\"><\/div>\n<p>\t\t\t\t<script>(function(d, s, id) {\n\t\t\t\t  var js, fjs = d.getElementsByTagName(s)[0];\n\t\t\t\t  if (d.getElementById(id)) return;\n\t\t\t\t  js = d.createElement(s); js.id = id;\n\t\t\t\t  js.src = \"\/\/connect.facebook.net\/pt_BR\/sdk.js#xfbml=1&appId=691575364226355&version=v2.0\";\n\t\t\t\t  fjs.parentNode.insertBefore(js, fjs);\n\t\t\t\t}(document, 'script', 'facebook-jssdk'));<\/script><\/p>\n<div class=\"fb-like\" data-href=\"https:\/\/www.facebook.com\/aconteceunovale\" data-layout=\"button_count\" data-action=\"like\" data-show-faces=\"true\" data-share=\"true\"><\/div>\n<p><\/br><\/p>\n<p>Uma crian\u00e7a de 11 anos morreu na tarde de domingo, 26 de outubro, em um acidente de bicicleta na Rua Cristal, em Ladainha, no Vale do Mucuri. Testemunhas contaram \u00e0 Pol\u00edcia Militar que o garoto pedalava em um campinho, quando desceu um morro, perdeu o controle e caiu.<\/p>\n<p><img decoding=\"async\" src=\"http:\/\/aconteceunovale.com.br\/portal\/wp-content\/uploads\/2014\/10\/acidente_bike_ladainha.jpg\" alt=\"\" \/><em>Garoto desceu o morro e perdeu o controle da bicicleta (Foto: Reprodu\u00e7\u00e3o\/Pol\u00edcia Militar)<\/em><br \/>\n<\/br><\/p>\n<p>A pol\u00edcia chegou ao local e encontrou a crian\u00e7a, no colo da m\u00e3e, com v\u00e1rias les\u00f5es no corpo, rosto e com os sinais vitais fracos. A mulher levou o filho para o hospital, mas a crian\u00e7a morreu \u00e0 caminho. O garoto teve traumatismo craniano e machucados no pesco\u00e7o.<\/p>\n<p>Testemunhas disseram tamb\u00e9m que o garoto foi descer a Rua Cristal, lugar onde tem um morro \u00edngreme. Ele perdeu o controle da bicicleta, e depois de uma descida de cerca de 150 metros, bateu em um meio fio.<\/p>\n<p>Depois do impacto, ele foi lan\u00e7ado \u00e0 uma altura de sete metros, passou por cima de uma casa, e caiu 18 metros \u00e0 frente. A bicicleta ficou totalmente destru\u00edda. O corpo da crian\u00e7a foi encaminhado ao Instituto M\u00e9dico Legal de Te\u00f3filo Otoni. (G1)<\/p>\n","protected":false},"excerpt":{"rendered":"<p>Menino de 11 anos foi lan\u00e7ado \u00e0 uma altura de 7m e caiu 18m a frente. M\u00e3e levou o garoto ao hospital de Ladainha, mas ele morreu a caminho. Uma crian\u00e7a de 11 anos morreu na tarde de domingo, 26 de outubro, em um acidente de bicicleta na Rua Cristal, em Ladainha, no Vale do [&hellip;]<\/p>\n","protected":false},"author":1,"featured_media":43464,"comment_status":"open","ping_status":"closed","sticky":false,"template":"","format":"standard","meta":{"amp_status":"","footnotes":""},"categories":[122],"tags":[20614,20613,20615,344,164],"class_list":["post-43463","post","type-post","status-publish","format-standard","has-post-thumbnail","hentry","category-mucuri","tag-acidente-com-bicicleta-em-ladainha","tag-crianca-morre-em-acidente-com-bicicleta-em-ladainha","tag-crianca-que-morreu-em-acidente-em-ladainha","tag-ladainha","tag-teofilo-otoni"],"_links":{"self":[{"href":"https:\/\/aconteceunovale.com.br\/portal\/index.php?rest_route=\/wp\/v2\/posts\/43463","targetHints":{"allow":["GET"]}}],"collection":[{"href":"https:\/\/aconteceunovale.com.br\/portal\/index.php?rest_route=\/wp\/v2\/posts"}],"about":[{"href":"https:\/\/aconteceunovale.com.br\/portal\/index.php?rest_route=\/wp\/v2\/types\/post"}],"author":[{"embeddable":true,"href":"https:\/\/aconteceunovale.com.br\/portal\/index.php?rest_route=\/wp\/v2\/users\/1"}],"replies":[{"embeddable":true,"href":"https:\/\/aconteceunovale.com.br\/portal\/index.php?rest_route=%2Fwp%2Fv2%2Fcomments&post=43463"}],"version-history":[{"count":0,"href":"https:\/\/aconteceunovale.com.br\/portal\/index.php?rest_route=\/wp\/v2\/posts\/43463\/revisions"}],"wp:featuredmedia":[{"embeddable":true,"href":"https:\/\/aconteceunovale.com.br\/portal\/index.php?rest_route=\/wp\/v2\/media\/43464"}],"wp:attachment":[{"href":"https:\/\/aconteceunovale.com.br\/portal\/index.php?rest_route=%2Fwp%2Fv2%2Fmedia&parent=43463"}],"wp:term":[{"taxonomy":"category","embeddable":true,"href":"https:\/\/aconteceunovale.com.br\/portal\/index.php?rest_route=%2Fwp%2Fv2%2Fcategories&post=43463"},{"taxonomy":"post_tag","embeddable":true,"href":"https:\/\/aconteceunovale.com.br\/portal\/index.php?rest_route=%2Fwp%2Fv2%2Ftags&post=43463"}],"curies":[{"name":"wp","href":"https:\/\/api.w.org\/{rel}","templated":true}]}}