{"id":43461,"date":"2014-10-27T09:05:28","date_gmt":"2014-10-27T12:05:28","guid":{"rendered":"http:\/\/aconteceunovale.com.br\/portal\/?p=43461"},"modified":"2014-10-27T09:05:28","modified_gmt":"2014-10-27T12:05:28","slug":"tres-pessoas-ficam-feridas-apos-onibus-capotar-em-ponte-na-br-135-em-montes-claros","status":"publish","type":"post","link":"https:\/\/aconteceunovale.com.br\/portal\/?p=43461","title":{"rendered":"Tr\u00eas pessoas ficam feridas ap\u00f3s \u00f4nibus capotar em ponte na BR-135 em Montes Claros"},"content":{"rendered":"<div id=\"fb-root\"><\/div>\n<p>\t\t\t\t<script>(function(d, s, id) {\n\t\t\t\t  var js, fjs = d.getElementsByTagName(s)[0];\n\t\t\t\t  if (d.getElementById(id)) return;\n\t\t\t\t  js = d.createElement(s); js.id = id;\n\t\t\t\t  js.src = \"\/\/connect.facebook.net\/pt_BR\/sdk.js#xfbml=1&appId=691575364226355&version=v2.0\";\n\t\t\t\t  fjs.parentNode.insertBefore(js, fjs);\n\t\t\t\t}(document, 'script', 'facebook-jssdk'));<\/script><\/p>\n<div class=\"fb-like\" data-href=\"https:\/\/www.facebook.com\/aconteceunovale\" data-layout=\"button_count\" data-action=\"like\" data-show-faces=\"true\" data-share=\"true\"><\/div>\n<p><\/br><\/p>\n<p>Tr\u00eas pessoas ficaram feridas depois que um \u00f4nibus capotou na BR-135, em Montes Claros, regi\u00e3o Norte de Minas. O acidente, conforme o Servi\u00e7o de Atendimento M\u00f3vel de Urg\u00eancia (SAMU) Macro Norte, ocorreu na madrugada desta segunda-feira (27), na Ponte Branca.<\/p>\n<p>As v\u00edtimas, duas mulheres, de 66 e 53 anos, e um homem de 57, foram resgatadas pelos socorristas e encaminhadas para o hospital da regi\u00e3o. Eles n\u00e3o se feriram gravemente. Al\u00e9m do trio, outros passageiros apresentaram crise hipertensiva, mas foram atendidos no local da ocorr\u00eancia.<\/p>\n<p>O \u00f4nibus, da empresa Novo Horizonte, seguia de Bras\u00edlia (DF) para Montes Claros. As circunst\u00e2ncias do acidente ainda n\u00e3o foram esclarecidas.<\/p>\n<h4>Outro acidente, MG-308<\/h4>\n<p>Tamb\u00e9m em Montes Claros, desta vez no quil\u00f4metro 2 da MG-308, um \u00f4nibus capotou deixando cinco feridos. O acidente ocorreu no domingo (26). As v\u00edtimas, tr\u00eas mulheres, um homem e uma crian\u00e7a de 4 anos, foram levadas para hospitais da regi\u00e3o.<\/p>\n","protected":false},"excerpt":{"rendered":"<p>Tr\u00eas pessoas ficaram feridas depois que um \u00f4nibus capotou na BR-135, em Montes Claros, regi\u00e3o Norte de Minas. O acidente, conforme o Servi\u00e7o de Atendimento M\u00f3vel de Urg\u00eancia (SAMU) Macro Norte, ocorreu na madrugada desta segunda-feira (27), na Ponte Branca. As v\u00edtimas, duas mulheres, de 66 e 53 anos, e um homem de 57, foram [&hellip;]<\/p>\n","protected":false},"author":1,"featured_media":32816,"comment_status":"open","ping_status":"closed","sticky":false,"template":"","format":"standard","meta":{"amp_status":"","footnotes":""},"categories":[1236],"tags":[16673,210,20612],"class_list":["post-43461","post","type-post","status-publish","format-standard","has-post-thumbnail","hentry","category-norte_de_minas","tag-acidente-em-montes-claros","tag-montes-claros","tag-tres-pessoas-ficam-feridas-apos-onibus-capotar-em-ponte-na-br-135-em-montes-claros"],"_links":{"self":[{"href":"https:\/\/aconteceunovale.com.br\/portal\/index.php?rest_route=\/wp\/v2\/posts\/43461","targetHints":{"allow":["GET"]}}],"collection":[{"href":"https:\/\/aconteceunovale.com.br\/portal\/index.php?rest_route=\/wp\/v2\/posts"}],"about":[{"href":"https:\/\/aconteceunovale.com.br\/portal\/index.php?rest_route=\/wp\/v2\/types\/post"}],"author":[{"embeddable":true,"href":"https:\/\/aconteceunovale.com.br\/portal\/index.php?rest_route=\/wp\/v2\/users\/1"}],"replies":[{"embeddable":true,"href":"https:\/\/aconteceunovale.com.br\/portal\/index.php?rest_route=%2Fwp%2Fv2%2Fcomments&post=43461"}],"version-history":[{"count":0,"href":"https:\/\/aconteceunovale.com.br\/portal\/index.php?rest_route=\/wp\/v2\/posts\/43461\/revisions"}],"wp:featuredmedia":[{"embeddable":true,"href":"https:\/\/aconteceunovale.com.br\/portal\/index.php?rest_route=\/wp\/v2\/media\/32816"}],"wp:attachment":[{"href":"https:\/\/aconteceunovale.com.br\/portal\/index.php?rest_route=%2Fwp%2Fv2%2Fmedia&parent=43461"}],"wp:term":[{"taxonomy":"category","embeddable":true,"href":"https:\/\/aconteceunovale.com.br\/portal\/index.php?rest_route=%2Fwp%2Fv2%2Fcategories&post=43461"},{"taxonomy":"post_tag","embeddable":true,"href":"https:\/\/aconteceunovale.com.br\/portal\/index.php?rest_route=%2Fwp%2Fv2%2Ftags&post=43461"}],"curies":[{"name":"wp","href":"https:\/\/api.w.org\/{rel}","templated":true}]}}