{"id":43454,"date":"2014-10-27T08:38:51","date_gmt":"2014-10-27T11:38:51","guid":{"rendered":"http:\/\/aconteceunovale.com.br\/portal\/?p=43454"},"modified":"2014-10-27T08:39:43","modified_gmt":"2014-10-27T11:39:43","slug":"plantao-do-samu-no-norte-de-minas-gerais-25-e-26-outubro-de-2014","status":"publish","type":"post","link":"https:\/\/aconteceunovale.com.br\/portal\/?p=43454","title":{"rendered":"Plant\u00e3o do Samu no Norte de Minas Gerais &#8211; 25 e 26 outubro de 2014"},"content":{"rendered":"<h4><em><strong>Fim de semana, 25 e 26 de outubro de 2014<\/strong><\/em><\/h4>\n<div id=\"fb-root\"><\/div>\n<p>\t\t\t\t<script>(function(d, s, id) {\n\t\t\t\t  var js, fjs = d.getElementsByTagName(s)[0];\n\t\t\t\t  if (d.getElementById(id)) return;\n\t\t\t\t  js = d.createElement(s); js.id = id;\n\t\t\t\t  js.src = \"\/\/connect.facebook.net\/pt_BR\/sdk.js#xfbml=1&appId=691575364226355&version=v2.0\";\n\t\t\t\t  fjs.parentNode.insertBefore(js, fjs);\n\t\t\t\t}(document, 'script', 'facebook-jssdk'));<\/script><\/p>\n<div class=\"fb-like\" data-href=\"https:\/\/www.facebook.com\/aconteceunovale\" data-layout=\"button_count\" data-action=\"like\" data-show-faces=\"true\" data-share=\"true\"><\/div>\n<p><\/br><\/p>\n<p>A unidade do SAMU de Montes Claros realizou no final de semana, 25 e 26 de outubro, 88 atendimentos, sendo 55 casos cl\u00ednicos, 28 atendimentos em decorr\u00eancia de acidente de tr\u00e2nsito e 02 por queda de cavalo, 01 ferimento por arma branca, 01 agress\u00e3o f\u00edsica e 01 intoxica\u00e7\u00e3o ex\u00f3gena.<\/p>\n<p>E na madrugada desta segunda-feira, 27\/10, um \u00f4nibus capotou na BR-135, na Ponte Branca, na entrada de Montes Claros. Tr\u00eas pessoas feridas, sendo uma mulher de 66 anos, uma de 53 anos e um homem de 57 anos, e precisaram ser encaminhados ao hospital. Outros apresentaram crise hipertensiva e receberam atendimento no pr\u00f3prio local. O \u00f4nibus \u00e9 da empresa Novo Horizonte, que seguia de Bras\u00edlia\/DF para Montes Claros.<\/p>\n<p>No domingo, 26\/10, um \u00f4nibus capotou na MG-308, km 02, sentido Montes Claros\/Juramento, e cinco pessoas ficaram feridas, sendo tr\u00eas mulheres, de 52, 26 e 28 anos, um homem de 25 anos, e um menino de 4 anos. <\/p>\n<p>No domingo, tamb\u00e9m foram registrados 8 acidentes envolvendo motocicleta na \u00e1rea urbana de Montes Claros, um colis\u00e3o entre moto e uma viatura da Pol\u00edcia Militar na MG-122, a cinco quil\u00f4metros de Jana\u00faba, onde dois homens de 46 anos, que estava na moto, sofreram fraturas e foram encaminhados pelo Samu para o hospital regional de Jana\u00faba.<\/p>\n<p>Uma crian\u00e7a de 2 anos caiu e bateu com a cabe\u00e7a, ficando gravemente ferida, com corte contuso no couro cabeludo. Um menino de 11 anos caiu do cavalo na Vila Mauriceia e apresentava hematoma e corte contuso no couro cabeludo, deformidade na regi\u00e3o tor\u00e1cica e escoria\u00e7\u00f5es no cotovelo, bra\u00e7os e pernas, sem sinais de fratura. E um adolescente de 13 anos caiu da pr\u00f3pria altura na rua L\u00edrio Brant, bairro Melo, e se queixava de dor no joelho esquerdo, apresentando edema local.<\/p>\n<p>Um homem de 32 anos relata ter sofrido agress\u00e3o f\u00edsica na Avenida Geraldo Athayde, bairro Alto S\u00e3o Jo\u00e3o e apresentava afundamento de cr\u00e2nio e sangramento em couro cabeludo. Relata ter feito uso de bebida alco\u00f3lica e coca\u00edna.<\/p>\n<p>Um homem de 45 anos caiu do cavalo no bairro santo Ant\u00f4nio e apresentava escoria\u00e7\u00f5es e corte contuso no bra\u00e7o direito.<\/p>\n<p>E na Vila Tiradentes, uma mulher de 26 anos, sofre ferimentos com arma branca e apresentava corte no pulso de aproximadamente 5 cm, com sangramento ativo.<\/p>\n<p>No s\u00e1bado, 25\/10, foram registrados 10 atendimentos a v\u00edtimas de acidente de tr\u00e2nsito, todos envolvendo motocicleta.<\/p>\n<p>Em todas as ocorr\u00eancias os feridos receberam os primeiros atendimentos no local e foram encaminhados ao hospital para avalia\u00e7\u00e3o.<\/p>\n","protected":false},"excerpt":{"rendered":"<p>Fim de semana, 25 e 26 de outubro de 2014 A unidade do SAMU de Montes Claros realizou no final de semana, 25 e 26 de outubro, 88 atendimentos, sendo 55 casos cl\u00ednicos, 28 atendimentos em decorr\u00eancia de acidente de tr\u00e2nsito e 02 por queda de cavalo, 01 ferimento por arma branca, 01 agress\u00e3o f\u00edsica [&hellip;]<\/p>\n","protected":false},"author":1,"featured_media":37592,"comment_status":"open","ping_status":"closed","sticky":false,"template":"","format":"standard","meta":{"amp_status":"","footnotes":""},"categories":[1236],"tags":[13996,18516,210,19864,20605,20606],"class_list":["post-43454","post","type-post","status-publish","format-standard","has-post-thumbnail","hentry","category-norte_de_minas","tag-atendimentos-do-samu-em-montes-claros","tag-atendimentos-do-samu-no-norte-de-minas","tag-montes-claros","tag-plantao-do-samu-em-montes-claros","tag-plantao-do-samu-no-norte-de-minas","tag-plantao-do-samu-no-norte-de-minas-gerais-25-e-26-outubro-de-2014"],"_links":{"self":[{"href":"https:\/\/aconteceunovale.com.br\/portal\/index.php?rest_route=\/wp\/v2\/posts\/43454","targetHints":{"allow":["GET"]}}],"collection":[{"href":"https:\/\/aconteceunovale.com.br\/portal\/index.php?rest_route=\/wp\/v2\/posts"}],"about":[{"href":"https:\/\/aconteceunovale.com.br\/portal\/index.php?rest_route=\/wp\/v2\/types\/post"}],"author":[{"embeddable":true,"href":"https:\/\/aconteceunovale.com.br\/portal\/index.php?rest_route=\/wp\/v2\/users\/1"}],"replies":[{"embeddable":true,"href":"https:\/\/aconteceunovale.com.br\/portal\/index.php?rest_route=%2Fwp%2Fv2%2Fcomments&post=43454"}],"version-history":[{"count":0,"href":"https:\/\/aconteceunovale.com.br\/portal\/index.php?rest_route=\/wp\/v2\/posts\/43454\/revisions"}],"wp:featuredmedia":[{"embeddable":true,"href":"https:\/\/aconteceunovale.com.br\/portal\/index.php?rest_route=\/wp\/v2\/media\/37592"}],"wp:attachment":[{"href":"https:\/\/aconteceunovale.com.br\/portal\/index.php?rest_route=%2Fwp%2Fv2%2Fmedia&parent=43454"}],"wp:term":[{"taxonomy":"category","embeddable":true,"href":"https:\/\/aconteceunovale.com.br\/portal\/index.php?rest_route=%2Fwp%2Fv2%2Fcategories&post=43454"},{"taxonomy":"post_tag","embeddable":true,"href":"https:\/\/aconteceunovale.com.br\/portal\/index.php?rest_route=%2Fwp%2Fv2%2Ftags&post=43454"}],"curies":[{"name":"wp","href":"https:\/\/api.w.org\/{rel}","templated":true}]}}