{"id":43429,"date":"2014-10-26T21:13:00","date_gmt":"2014-10-27T00:13:00","guid":{"rendered":"http:\/\/aconteceunovale.com.br\/portal\/?p=43429"},"modified":"2014-10-26T21:52:13","modified_gmt":"2014-10-27T00:52:13","slug":"tiao-viana-do-pt-e-reeleito-governador-do-acre","status":"publish","type":"post","link":"https:\/\/aconteceunovale.com.br\/portal\/?p=43429","title":{"rendered":"Ti\u00e3o Viana do PT \u00e9 reeleito governador do Acre"},"content":{"rendered":"<div id=\"fb-root\"><\/div>\n<p>\t\t\t\t<script>(function(d, s, id) {\n\t\t\t\t  var js, fjs = d.getElementsByTagName(s)[0];\n\t\t\t\t  if (d.getElementById(id)) return;\n\t\t\t\t  js = d.createElement(s); js.id = id;\n\t\t\t\t  js.src = \"\/\/connect.facebook.net\/pt_BR\/sdk.js#xfbml=1&appId=691575364226355&version=v2.0\";\n\t\t\t\t  fjs.parentNode.insertBefore(js, fjs);\n\t\t\t\t}(document, 'script', 'facebook-jssdk'));<\/script><\/p>\n<div class=\"fb-like\" data-href=\"https:\/\/www.facebook.com\/aconteceunovale\" data-layout=\"button_count\" data-action=\"like\" data-show-faces=\"true\" data-share=\"true\"><\/div>\n<p><\/br><\/p>\n<p>Com 100% dos votos apurados, o candidato Ti\u00e3o Viana (PT) venceu a disputa para o governo do Acre e foi reeleito com 51,29% dos votos v\u00e1lidos. M\u00e1rcio Bittar (PSDB) ficou em segundo lugar, com 48,71%. A diferen\u00e7a entre os dois candidatos ficou em 9.851 votos.  Os votos brancos somam 0,64% e os nulos, 2,15%. A absten\u00e7\u00e3o ficou em 22,17%.<\/p>\n<p>M\u00e9dico, Ti\u00e3o Viana nasceu em Rio Branco, em 1961. Come\u00e7ou sua trajet\u00f3ria pol\u00edtica participando de movimentos estudantis. Em 1994, entrou em uma disputa eleitoral pela primeira vez quando disputou o cargo de governador, mas perdeu as elei\u00e7\u00f5es.<\/p>\n<p>Foi eleito senador, em 1998, e reeleito para um novo mandato em 2006. No Congresso, ocupou a presid\u00eancia interina do Senado em 2007 e comandou a comiss\u00e3o parlamentar de inqu\u00e9rito (CPI) criada para apurar o apag\u00e3o a\u00e9reo.<\/p>\n<p>Ti\u00e3o Viana foi eleito governador do Acre em 2010. <strong><a href=\"http:\/\/aconteceunovale.com.br\/apuracao\/\" target=\"_blank\">Acompanhe a apura\u00e7\u00e3o da vota\u00e7\u00e3o do segundo turno em tempo real<\/a><\/strong>.<\/p>\n<p><img decoding=\"async\" src=\"http:\/\/aconteceunovale.com.br\/portal\/wp-content\/uploads\/2014\/10\/tiao_viana_acre.jpg\" alt=\"\" \/><em>Ti\u00e3o Viana do PT \u00e9 reeleito governador do Acre &#8211; Foto: Ag\u00eancia Brasil\/Divulga\u00e7\u00e3o<\/em><\/p>\n","protected":false},"excerpt":{"rendered":"<p>Com 100% dos votos apurados, o candidato Ti\u00e3o Viana (PT) venceu a disputa para o governo do Acre e foi reeleito com 51,29% dos votos v\u00e1lidos. M\u00e1rcio Bittar (PSDB) ficou em segundo lugar, com 48,71%. A diferen\u00e7a entre os dois candidatos ficou em 9.851 votos. Os votos brancos somam 0,64% e os nulos, 2,15%. A [&hellip;]<\/p>\n","protected":false},"author":1,"featured_media":43430,"comment_status":"open","ping_status":"closed","sticky":false,"template":"","format":"standard","meta":{"amp_status":"","footnotes":""},"categories":[6],"tags":[20597,20480,20600,20599,20411,20323,3394,20324,20455,17165,20598,20469,20601,18448,20596,20595,267,20325,20320,20479],"class_list":["post-43429","post","type-post","status-publish","format-standard","has-post-thumbnail","hentry","category-br","tag-acre","tag-apuracao","tag-apuracao-das-eleicoes-2014-no-ac","tag-apuracao-das-eleicoes-2014-no-acre","tag-apuracao-do-segundo-turno-no-acre","tag-eleicao","tag-eleicoes-2014","tag-eleitores","tag-governador-eleito-no-acre","tag-justica-eleitoral","tag-marcio-bittar","tag-novo-governador-do-acre","tag-resultado-das-eleicoes-no-acre","tag-segundo-turno","tag-tiao-viana","tag-tiao-viana-do-pt-e-reeleito-governador-do-acre","tag-tse","tag-urnas","tag-votacao","tag-votos"],"_links":{"self":[{"href":"https:\/\/aconteceunovale.com.br\/portal\/index.php?rest_route=\/wp\/v2\/posts\/43429","targetHints":{"allow":["GET"]}}],"collection":[{"href":"https:\/\/aconteceunovale.com.br\/portal\/index.php?rest_route=\/wp\/v2\/posts"}],"about":[{"href":"https:\/\/aconteceunovale.com.br\/portal\/index.php?rest_route=\/wp\/v2\/types\/post"}],"author":[{"embeddable":true,"href":"https:\/\/aconteceunovale.com.br\/portal\/index.php?rest_route=\/wp\/v2\/users\/1"}],"replies":[{"embeddable":true,"href":"https:\/\/aconteceunovale.com.br\/portal\/index.php?rest_route=%2Fwp%2Fv2%2Fcomments&post=43429"}],"version-history":[{"count":0,"href":"https:\/\/aconteceunovale.com.br\/portal\/index.php?rest_route=\/wp\/v2\/posts\/43429\/revisions"}],"wp:featuredmedia":[{"embeddable":true,"href":"https:\/\/aconteceunovale.com.br\/portal\/index.php?rest_route=\/wp\/v2\/media\/43430"}],"wp:attachment":[{"href":"https:\/\/aconteceunovale.com.br\/portal\/index.php?rest_route=%2Fwp%2Fv2%2Fmedia&parent=43429"}],"wp:term":[{"taxonomy":"category","embeddable":true,"href":"https:\/\/aconteceunovale.com.br\/portal\/index.php?rest_route=%2Fwp%2Fv2%2Fcategories&post=43429"},{"taxonomy":"post_tag","embeddable":true,"href":"https:\/\/aconteceunovale.com.br\/portal\/index.php?rest_route=%2Fwp%2Fv2%2Ftags&post=43429"}],"curies":[{"name":"wp","href":"https:\/\/api.w.org\/{rel}","templated":true}]}}