{"id":43419,"date":"2014-10-26T19:53:00","date_gmt":"2014-10-26T22:53:00","guid":{"rendered":"http:\/\/aconteceunovale.com.br\/portal\/?p=43419"},"modified":"2014-10-26T23:13:19","modified_gmt":"2014-10-27T02:13:19","slug":"simao-jatene-e-reeleito-governador-do-para","status":"publish","type":"post","link":"https:\/\/aconteceunovale.com.br\/portal\/?p=43419","title":{"rendered":"Sim\u00e3o Jatene \u00e9 reeleito governador do Par\u00e1"},"content":{"rendered":"<div id=\"fb-root\"><\/div>\n<p>\t\t\t\t<script>(function(d, s, id) {\n\t\t\t\t  var js, fjs = d.getElementsByTagName(s)[0];\n\t\t\t\t  if (d.getElementById(id)) return;\n\t\t\t\t  js = d.createElement(s); js.id = id;\n\t\t\t\t  js.src = \"\/\/connect.facebook.net\/pt_BR\/sdk.js#xfbml=1&appId=691575364226355&version=v2.0\";\n\t\t\t\t  fjs.parentNode.insertBefore(js, fjs);\n\t\t\t\t}(document, 'script', 'facebook-jssdk'));<\/script><\/p>\n<div class=\"fb-like\" data-href=\"https:\/\/www.facebook.com\/aconteceunovale\" data-layout=\"button_count\" data-action=\"like\" data-show-faces=\"true\" data-share=\"true\"><\/div>\n<p><\/br><\/p>\n<p>O governador do Par\u00e1, Sim\u00e3o Jatene (PSDB), foi reeleito hoje (26), em segundo turno, para mais um mandato de quatro anos \u00e0 frente do governo do Par\u00e1. Com 100% das urnas apuradas, Jatene recebeu 51,92% dos votos, enquanto Helder Barbalho (PMDB) obteve 48,08% dos votos.<\/p>\n<p>Sim\u00e3o Jatene nasceu em abril de 1949, em Bel\u00e9m. Economista, ex-diretor musical e ex-servidor p\u00fablico do estado, participou da funda\u00e7\u00e3o do PSDB, em 1988, e foi secret\u00e1rio de estado de Planejamento no governo de Jader Barbalho.<\/p>\n<p>\u00c9 a terceira vez que Jatene candidata-se ao governo do estado e, este ano, integrou a maior coliga\u00e7\u00e3o j\u00e1 formada no Par\u00e1 &#8211; Juntos com o Povo -, que reuniu 15 partidos, entre eles, PSDB, PSC, PSD, PP, PSB, PPS, SDD e PTB.<\/p>\n<p>Em 2002, Jatene foi eleito governador com pouco mais de 51% dos votos em segundo turno. Depois de quatro anos de mandato, ele decidiu n\u00e3o disputar a reelei\u00e7\u00e3o. Jatene voltou a se candidatar em 2010 quando foi novamente escolhido pela maioria dos paraenses. <strong><a href=\"http:\/\/aconteceunovale.com.br\/apuracao\/\" target=\"_blank\">Acompanhe a apura\u00e7\u00e3o da vota\u00e7\u00e3o do segundo turno em tempo real<\/a><\/strong>.<\/p>\n<p><em>(Ag\u00eancia Brasil)<\/em><\/p>\n","protected":false},"excerpt":{"rendered":"<p>O governador do Par\u00e1, Sim\u00e3o Jatene (PSDB), foi reeleito hoje (26), em segundo turno, para mais um mandato de quatro anos \u00e0 frente do governo do Par\u00e1. Com 100% das urnas apuradas, Jatene recebeu 51,92% dos votos, enquanto Helder Barbalho (PMDB) obteve 48,08% dos votos. Sim\u00e3o Jatene nasceu em abril de 1949, em Bel\u00e9m. Economista, [&hellip;]<\/p>\n","protected":false},"author":1,"featured_media":43420,"comment_status":"open","ping_status":"closed","sticky":false,"template":"","format":"standard","meta":{"amp_status":"","footnotes":""},"categories":[6],"tags":[20480,20577,20576,20413,20580,20323,3394,20324,20461,20579,17165,20475,15362,20578,18448,20575,267,20325,20320,20479],"class_list":["post-43419","post","type-post","status-publish","format-standard","has-post-thumbnail","hentry","category-br","tag-apuracao","tag-apuracao-das-eleicoes-2014-no-pa","tag-apuracao-das-eleicoes-2014-no-para","tag-apuracao-do-segundo-turno-no-para","tag-barbalho","tag-eleicao","tag-eleicoes-2014","tag-eleitores","tag-governador-eleito-no-para","tag-jatene","tag-justica-eleitoral","tag-novo-governador-do-para","tag-para","tag-resultado-das-eleicoes-no-para","tag-segundo-turno","tag-simao-jatene-e-reeleito-governador-do-para","tag-tse","tag-urnas","tag-votacao","tag-votos"],"_links":{"self":[{"href":"https:\/\/aconteceunovale.com.br\/portal\/index.php?rest_route=\/wp\/v2\/posts\/43419","targetHints":{"allow":["GET"]}}],"collection":[{"href":"https:\/\/aconteceunovale.com.br\/portal\/index.php?rest_route=\/wp\/v2\/posts"}],"about":[{"href":"https:\/\/aconteceunovale.com.br\/portal\/index.php?rest_route=\/wp\/v2\/types\/post"}],"author":[{"embeddable":true,"href":"https:\/\/aconteceunovale.com.br\/portal\/index.php?rest_route=\/wp\/v2\/users\/1"}],"replies":[{"embeddable":true,"href":"https:\/\/aconteceunovale.com.br\/portal\/index.php?rest_route=%2Fwp%2Fv2%2Fcomments&post=43419"}],"version-history":[{"count":0,"href":"https:\/\/aconteceunovale.com.br\/portal\/index.php?rest_route=\/wp\/v2\/posts\/43419\/revisions"}],"wp:featuredmedia":[{"embeddable":true,"href":"https:\/\/aconteceunovale.com.br\/portal\/index.php?rest_route=\/wp\/v2\/media\/43420"}],"wp:attachment":[{"href":"https:\/\/aconteceunovale.com.br\/portal\/index.php?rest_route=%2Fwp%2Fv2%2Fmedia&parent=43419"}],"wp:term":[{"taxonomy":"category","embeddable":true,"href":"https:\/\/aconteceunovale.com.br\/portal\/index.php?rest_route=%2Fwp%2Fv2%2Fcategories&post=43419"},{"taxonomy":"post_tag","embeddable":true,"href":"https:\/\/aconteceunovale.com.br\/portal\/index.php?rest_route=%2Fwp%2Fv2%2Ftags&post=43419"}],"curies":[{"name":"wp","href":"https:\/\/api.w.org\/{rel}","templated":true}]}}