{"id":43412,"date":"2014-10-26T19:44:31","date_gmt":"2014-10-26T22:44:31","guid":{"rendered":"http:\/\/aconteceunovale.com.br\/portal\/?p=43412"},"modified":"2014-10-26T23:08:21","modified_gmt":"2014-10-27T02:08:21","slug":"camilo-santana-sera-o-governador-do-ceara-a-partir-de-1o-de-janeiro-de-2015","status":"publish","type":"post","link":"https:\/\/aconteceunovale.com.br\/portal\/?p=43412","title":{"rendered":"Camilo Santana ser\u00e1 o governador do Cear\u00e1 a partir de 1\u00ba de janeiro de 2015"},"content":{"rendered":"<div id=\"fb-root\"><\/div>\n<p>\t\t\t\t<script>(function(d, s, id) {\n\t\t\t\t  var js, fjs = d.getElementsByTagName(s)[0];\n\t\t\t\t  if (d.getElementById(id)) return;\n\t\t\t\t  js = d.createElement(s); js.id = id;\n\t\t\t\t  js.src = \"\/\/connect.facebook.net\/pt_BR\/sdk.js#xfbml=1&appId=691575364226355&version=v2.0\";\n\t\t\t\t  fjs.parentNode.insertBefore(js, fjs);\n\t\t\t\t}(document, 'script', 'facebook-jssdk'));<\/script><\/p>\n<div class=\"fb-like\" data-href=\"https:\/\/www.facebook.com\/aconteceunovale\" data-layout=\"button_count\" data-action=\"like\" data-show-faces=\"true\" data-share=\"true\"><\/div>\n<p><\/br><\/p>\n<p>Com 100% das urnas apuradas, o candidato do PT, Camilo Santana, foi eleito governador do Cear\u00e1, com 53,35% dos votos v\u00e1lidos j\u00e1 apurados. Eun\u00edcio Oliveira, do PMDB, recebeu 46,65% dos votos v\u00e1lidos.<\/p>\n<p>Natural de Creto (CE), Camilo Santana tem 46 anos. Servidor p\u00fablico federal, come\u00e7ou a carreira pol\u00edtica atuando junto ao movimento estudantil.<\/p>\n<p>Nas \u00faltimas elei\u00e7\u00f5es, Santana foi o candidato \u00e0 Assembleia Legislativa Estadual mais votado. J\u00e1 contava, na \u00e9poca, com o apoio do atual governador, Cid Gomes. Al\u00e9m da Secretaria Estadual de Cidades, Santana comandou tamb\u00e9m a Secretaria de Desenvolvimento Agr\u00e1rio.<\/p>\n<p>A candidata a vice \u00e9 a professora Izolda Cela (PROS). <strong><a href=\"http:\/\/aconteceunovale.com.br\/apuracao\/\" target=\"_blank\">Acompanhe a apura\u00e7\u00e3o da vota\u00e7\u00e3o do segundo turno em tempo real<\/a><\/strong>.<\/p>\n","protected":false},"excerpt":{"rendered":"<p>Com 100% das urnas apuradas, o candidato do PT, Camilo Santana, foi eleito governador do Cear\u00e1, com 53,35% dos votos v\u00e1lidos j\u00e1 apurados. Eun\u00edcio Oliveira, do PMDB, recebeu 46,65% dos votos v\u00e1lidos. Natural de Creto (CE), Camilo Santana tem 46 anos. Servidor p\u00fablico federal, come\u00e7ou a carreira pol\u00edtica atuando junto ao movimento estudantil. Nas \u00faltimas [&hellip;]<\/p>\n","protected":false},"author":1,"featured_media":43413,"comment_status":"open","ping_status":"closed","sticky":false,"template":"","format":"standard","meta":{"amp_status":"","footnotes":""},"categories":[6],"tags":[20480,20568,20567,20407,20566,20565,11469,20323,718,3394,20324,20507,20457,17165,20471,20569,18448,267,20325,20320,20479],"class_list":["post-43412","post","type-post","status-publish","format-standard","has-post-thumbnail","hentry","category-br","tag-apuracao","tag-apuracao-das-eleicoes-2014-no-ce","tag-apuracao-das-eleicoes-2014-no-ceara","tag-apuracao-do-segundo-turno-no-ceara","tag-camilo-santana","tag-camilo-santana-sera-o-governador-do-ceara-a-partir-de-1o-de-janeiro-de-2015","tag-ceara","tag-eleicao","tag-eleicoes","tag-eleicoes-2014","tag-eleitores","tag-governador","tag-governador-eleito-no-ceara","tag-justica-eleitoral","tag-novo-governador-no-ceara","tag-resultado-das-eleicoes-no-ceara","tag-segundo-turno","tag-tse","tag-urnas","tag-votacao","tag-votos"],"_links":{"self":[{"href":"https:\/\/aconteceunovale.com.br\/portal\/index.php?rest_route=\/wp\/v2\/posts\/43412","targetHints":{"allow":["GET"]}}],"collection":[{"href":"https:\/\/aconteceunovale.com.br\/portal\/index.php?rest_route=\/wp\/v2\/posts"}],"about":[{"href":"https:\/\/aconteceunovale.com.br\/portal\/index.php?rest_route=\/wp\/v2\/types\/post"}],"author":[{"embeddable":true,"href":"https:\/\/aconteceunovale.com.br\/portal\/index.php?rest_route=\/wp\/v2\/users\/1"}],"replies":[{"embeddable":true,"href":"https:\/\/aconteceunovale.com.br\/portal\/index.php?rest_route=%2Fwp%2Fv2%2Fcomments&post=43412"}],"version-history":[{"count":0,"href":"https:\/\/aconteceunovale.com.br\/portal\/index.php?rest_route=\/wp\/v2\/posts\/43412\/revisions"}],"wp:featuredmedia":[{"embeddable":true,"href":"https:\/\/aconteceunovale.com.br\/portal\/index.php?rest_route=\/wp\/v2\/media\/43413"}],"wp:attachment":[{"href":"https:\/\/aconteceunovale.com.br\/portal\/index.php?rest_route=%2Fwp%2Fv2%2Fmedia&parent=43412"}],"wp:term":[{"taxonomy":"category","embeddable":true,"href":"https:\/\/aconteceunovale.com.br\/portal\/index.php?rest_route=%2Fwp%2Fv2%2Fcategories&post=43412"},{"taxonomy":"post_tag","embeddable":true,"href":"https:\/\/aconteceunovale.com.br\/portal\/index.php?rest_route=%2Fwp%2Fv2%2Ftags&post=43412"}],"curies":[{"name":"wp","href":"https:\/\/api.w.org\/{rel}","templated":true}]}}