{"id":43405,"date":"2014-10-26T19:25:47","date_gmt":"2014-10-26T22:25:47","guid":{"rendered":"http:\/\/aconteceunovale.com.br\/portal\/?p=43405"},"modified":"2014-10-26T19:30:15","modified_gmt":"2014-10-26T22:30:15","slug":"com-mais-de-97-das-urnas-apuradas-dilma-segue-na-frente-de-aecio","status":"publish","type":"post","link":"https:\/\/aconteceunovale.com.br\/portal\/?p=43405","title":{"rendered":"Dilma Rousseff \u00e9 reeleita presidente do Brasil"},"content":{"rendered":"<div id=\"fb-root\"><\/div>\n<p>\t\t\t\t<script>(function(d, s, id) {\n\t\t\t\t  var js, fjs = d.getElementsByTagName(s)[0];\n\t\t\t\t  if (d.getElementById(id)) return;\n\t\t\t\t  js = d.createElement(s); js.id = id;\n\t\t\t\t  js.src = \"\/\/connect.facebook.net\/pt_BR\/sdk.js#xfbml=1&appId=691575364226355&version=v2.0\";\n\t\t\t\t  fjs.parentNode.insertBefore(js, fjs);\n\t\t\t\t}(document, 'script', 'facebook-jssdk'));<\/script><\/p>\n<div class=\"fb-like\" data-href=\"https:\/\/www.facebook.com\/aconteceunovale\" data-layout=\"button_count\" data-action=\"like\" data-show-faces=\"true\" data-share=\"true\"><\/div>\n<p><\/br><\/p>\n<p>Com 97,62% das urnas apuradas, a atual presidenta da Rep\u00fablica, Dilma Rousseff (PT), tem 51,38% dos votos v\u00e1lidos e est\u00e1 reeleita para o cargo. O candidato A\u00e9cio Neves (PSDB) tem 48,62% dos votos v\u00e1lidos at\u00e9 o momento.<\/p>\n<p>Mineira de Belo Horizonte, Dilma Rousseff, tem 66 anos, \u00e9 economista formada pela Universidade Federal do Rio Grande do Sul (UFRGS), tem uma filha e um neto. Foi reeleita hoje (26), junto com o vice-presidente Michel Temer (PMDB), com o apoio da coliga\u00e7\u00e3o formada por PT, PMDB, PDT, PCdoB, PR, PP, PRB, PROS e PSD. No primeiro turno, Dilma ficou em primeiro lugar, com 43.267.668 votos (41,59% dos votos v\u00e1lidos).<\/p>\n<p>Filha de um imigrante b\u00falgaro e de uma professora do interior do Rio de Janeiro, Dilma viveu em Belo Horizonte, capital mineira, at\u00e9 1970, onde integrou organiza\u00e7\u00f5es de esquerda, como o Comando de Liberta\u00e7\u00e3o Nacional (Colina) e a Vanguarda Armada Revolucion\u00e1ria Palmares (VAR-Palmares). Foi presa em 1970 pela ditadura militar e passou quase tr\u00eas anos no Pres\u00eddio Tiradentes, na capital paulista, onde foi torturada.<\/p>\n<p>Em 1973, mudou-se para Porto Alegre, onde construiu sua carreira pol\u00edtica. Na capital ga\u00facha, Dilma dedicou-se \u00e0 campanha pela anistia, no fim do regime militar, e ajudou a fundar o PDT no estado. Em 1986, assumiu seu primeiro cargo pol\u00edtico, o comando da Secretaria da Fazenda de Porto Alegre, convidada pelo ent\u00e3o prefeito Alceu Collares.<\/p>\n<p>Com a redemocratiza\u00e7\u00e3o, Dilma participou da campanha de Leonel Brizola \u00e0 Presid\u00eancia da Rep\u00fablica em 1989. No segundo turno, apoiou o ent\u00e3o candidato Luiz In\u00e1cio Lula da Silva (PT). Em 1993, Dilma assumiu a Secretaria de Energia, Minas e Comunica\u00e7\u00e3o do Rio Grande do Sul, cargo que ocupou nos governos de Alceu Collares (PDT) e Ol\u00edvio Dutra (PT).<\/p>\n<p>Em 2000, Dilma filiou-se ao PT e, em 2002, foi convidada a compor a equipe de transi\u00e7\u00e3o entre os governos Fernando Henrique Cardoso e Luiz In\u00e1cio Lula da Silva. Quando Lula assumiu, em janeiro de 2003, Dilma foi nomeada ministra de Minas e Energia, onde comandou a reformula\u00e7\u00e3o do marco regulat\u00f3rio do setor. Em 2005, ainda no primeiro governo Lula, Dilma assumiu a chefia da Casa Civil, respons\u00e1vel at\u00e9 ent\u00e3o por projetos como o Programa de Acelera\u00e7\u00e3o do Crescimento (PAC) e o Minha Casa, Minha Vida.<\/p>\n<p>Dilma deixou a Casa Civil em abril de 2010 e, em junho do mesmo ano, teve sua candidatura \u00e0 Presid\u00eancia da Rep\u00fablica oficializada. Venceu sua primeira elei\u00e7\u00e3o no segundo turno, contra o candidato do PSDB, Jos\u00e9 Serra, com mais de 56 milh\u00f5es de votos.<\/p>\n<p>Em um governo de continuidade, Dilma manteve e ampliou programas sociais da gest\u00e3o Lula e implantou iniciativas que levaram \u00e0 redu\u00e7\u00e3o da pobreza, da fome e da desigualdade. Criou o Programa Nacional de Acesso ao Ensino T\u00e9cnico e Emprego (Pronatec) e ampliou programas de empreendedorismo. Tamb\u00e9m implantou um programa de concess\u00f5es para obras de infraestrutura e log\u00edstica, muitas ligadas \u00e0 realiza\u00e7\u00e3o da Copa do Mundo. Em um governo marcado por epis\u00f3dios de corrup\u00e7\u00e3o, Dilma chegou a demitir seis ministros em dez meses, em 2011. A presidenta reeleita tamb\u00e9m enfrentou problemas com a economia, com queda no ritmo do crescimento do pa\u00eds e avan\u00e7o da infla\u00e7\u00e3o.<\/p>\n<p><em>(Ag\u00eancia Brasil)<\/em><\/p>\n","protected":false},"excerpt":{"rendered":"<p>Com 97,62% das urnas apuradas, a atual presidenta da Rep\u00fablica, Dilma Rousseff (PT), tem 51,38% dos votos v\u00e1lidos e est\u00e1 reeleita para o cargo. O candidato A\u00e9cio Neves (PSDB) tem 48,62% dos votos v\u00e1lidos at\u00e9 o momento. Mineira de Belo Horizonte, Dilma Rousseff, tem 66 anos, \u00e9 economista formada pela Universidade Federal do Rio Grande [&hellip;]<\/p>\n","protected":false},"author":1,"featured_media":43242,"comment_status":"open","ping_status":"closed","sticky":false,"template":"","format":"standard","meta":{"amp_status":"","footnotes":""},"categories":[6],"tags":[2728,20553,20556,20555,20557,20558,20554,2162,20550,20559,20560,3394,20552,20561,7882,758,20325,20320],"class_list":["post-43405","post","type-post","status-publish","format-standard","has-post-thumbnail","hentry","category-br","tag-aecio-neves","tag-com-mais-de-97-das-urnas-apuradas-dilma-segue-na-frente-de-aecio","tag-dilma-e-reeleita-presidente","tag-dilma-e-reeleita-presidente-do-brasil","tag-dilma-reeleita","tag-dilma-reeleita-presidente","tag-dilma-roussef","tag-dilma-rousseff","tag-dilma-rousseff-e-reeleita-presidente-do-brasil","tag-dilma-rousseff-reeleita","tag-dilma-rousseff-reeleita-presidente","tag-eleicoes-2014","tag-novo-presidente-do-brasil","tag-presidencia-da-republica","tag-psdb","tag-pt","tag-urnas","tag-votacao"],"_links":{"self":[{"href":"https:\/\/aconteceunovale.com.br\/portal\/index.php?rest_route=\/wp\/v2\/posts\/43405","targetHints":{"allow":["GET"]}}],"collection":[{"href":"https:\/\/aconteceunovale.com.br\/portal\/index.php?rest_route=\/wp\/v2\/posts"}],"about":[{"href":"https:\/\/aconteceunovale.com.br\/portal\/index.php?rest_route=\/wp\/v2\/types\/post"}],"author":[{"embeddable":true,"href":"https:\/\/aconteceunovale.com.br\/portal\/index.php?rest_route=\/wp\/v2\/users\/1"}],"replies":[{"embeddable":true,"href":"https:\/\/aconteceunovale.com.br\/portal\/index.php?rest_route=%2Fwp%2Fv2%2Fcomments&post=43405"}],"version-history":[{"count":0,"href":"https:\/\/aconteceunovale.com.br\/portal\/index.php?rest_route=\/wp\/v2\/posts\/43405\/revisions"}],"wp:featuredmedia":[{"embeddable":true,"href":"https:\/\/aconteceunovale.com.br\/portal\/index.php?rest_route=\/wp\/v2\/media\/43242"}],"wp:attachment":[{"href":"https:\/\/aconteceunovale.com.br\/portal\/index.php?rest_route=%2Fwp%2Fv2%2Fmedia&parent=43405"}],"wp:term":[{"taxonomy":"category","embeddable":true,"href":"https:\/\/aconteceunovale.com.br\/portal\/index.php?rest_route=%2Fwp%2Fv2%2Fcategories&post=43405"},{"taxonomy":"post_tag","embeddable":true,"href":"https:\/\/aconteceunovale.com.br\/portal\/index.php?rest_route=%2Fwp%2Fv2%2Ftags&post=43405"}],"curies":[{"name":"wp","href":"https:\/\/api.w.org\/{rel}","templated":true}]}}