{"id":43362,"date":"2014-10-26T18:17:23","date_gmt":"2014-10-26T21:17:23","guid":{"rendered":"http:\/\/aconteceunovale.com.br\/portal\/?p=43362"},"modified":"2014-10-26T23:14:46","modified_gmt":"2014-10-27T02:14:46","slug":"waldez-de-goes-e-eleito-governador-do-amapa-com-608-dos-votos-validos","status":"publish","type":"post","link":"https:\/\/aconteceunovale.com.br\/portal\/?p=43362","title":{"rendered":"Waldez de Go\u00e9s \u00e9 eleito governador do Amap\u00e1"},"content":{"rendered":"<div id=\"fb-root\"><\/div>\n<p>\t\t\t\t<script>(function(d, s, id) {\n\t\t\t\t  var js, fjs = d.getElementsByTagName(s)[0];\n\t\t\t\t  if (d.getElementById(id)) return;\n\t\t\t\t  js = d.createElement(s); js.id = id;\n\t\t\t\t  js.src = \"\/\/connect.facebook.net\/pt_BR\/sdk.js#xfbml=1&appId=691575364226355&version=v2.0\";\n\t\t\t\t  fjs.parentNode.insertBefore(js, fjs);\n\t\t\t\t}(document, 'script', 'facebook-jssdk'));<\/script><\/p>\n<div class=\"fb-like\" data-href=\"https:\/\/www.facebook.com\/aconteceunovale\" data-layout=\"button_count\" data-action=\"like\" data-show-faces=\"true\" data-share=\"true\"><\/div>\n<p><\/br><\/p>\n<p>O candidato do PDT, Waldez Go\u00e9s, venceu a disputa para o governo do Amap\u00e1, com 60,58% dos votos v\u00e1lidos. Camilo Capiberibe, do PSB, ficou com 39,42% dos votos v\u00e1lidos.<\/p>\n<p>Natural de Gurup\u00e1 (PA), Waldez G\u00f3es, 53 anos, j\u00e1 governou o estado do Amap\u00e1 entre 2003 e 2010. Renunciou no fim do segundo mandato para concorrer ao Senado, mas n\u00e3o conquistou a vaga. G\u00f3es tamb\u00e9m j\u00e1 foi deputado estadual, entre 1995 e 1999. A coliga\u00e7\u00e3o que ap\u00f3ia o candidato \u00e9 formada pelo PDT, PMDB e PP, partido do candidato a vice-governador, Papaleo Paes.<\/p>\n<p>No primeiro turno, Waldez teve 42,1% e Camilo Capiberibe teve 27,5% dos votos v\u00e1lidos. <strong><a href=\"http:\/\/aconteceunovale.com.br\/apuracao\/\" target=\"_blank\">Acompanhe a vota\u00e7\u00e3o do segundo turno em tempo real<\/a><\/strong>.<\/p>\n<p><em>(Ag\u00eancia Brasil)<\/em><\/p>\n","protected":false},"excerpt":{"rendered":"<p>O candidato do PDT, Waldez Go\u00e9s, venceu a disputa para o governo do Amap\u00e1, com 60,58% dos votos v\u00e1lidos. Camilo Capiberibe, do PSB, ficou com 39,42% dos votos v\u00e1lidos. Natural de Gurup\u00e1 (PA), Waldez G\u00f3es, 53 anos, j\u00e1 governou o estado do Amap\u00e1 entre 2003 e 2010. Renunciou no fim do segundo mandato para concorrer [&hellip;]<\/p>\n","protected":false},"author":1,"featured_media":43365,"comment_status":"open","ping_status":"closed","sticky":false,"template":"","format":"standard","meta":{"amp_status":"","footnotes":""},"categories":[6],"tags":[18742,20480,20509,20510,20414,20323,3394,20324,20507,20456,17165,20470,20508,20511,18448,267,20325,20320,20479,20506,20512,20505],"class_list":["post-43362","post","type-post","status-publish","format-standard","has-post-thumbnail","hentry","category-br","tag-amapa","tag-apuracao","tag-apuracao-das-eleicoes-2014-no-amapa","tag-apuracao-das-eleicoes-2014-no-ap","tag-apuracao-do-segundo-turno-no-amapa","tag-eleicao","tag-eleicoes-2014","tag-eleitores","tag-governador","tag-governador-eleito-no-amapa","tag-justica-eleitoral","tag-novo-governador-do-amapa","tag-resultado","tag-resultado-das-eleicoes-no-amapa","tag-segundo-turno","tag-tse","tag-urnas","tag-votacao","tag-votos","tag-waldez","tag-waldez-de-goes-e-eleito-governador-do-amapa","tag-waldez-de-goes-e-eleito-governador-do-amapa-com-60-8-dos-votos-validos"],"_links":{"self":[{"href":"https:\/\/aconteceunovale.com.br\/portal\/index.php?rest_route=\/wp\/v2\/posts\/43362","targetHints":{"allow":["GET"]}}],"collection":[{"href":"https:\/\/aconteceunovale.com.br\/portal\/index.php?rest_route=\/wp\/v2\/posts"}],"about":[{"href":"https:\/\/aconteceunovale.com.br\/portal\/index.php?rest_route=\/wp\/v2\/types\/post"}],"author":[{"embeddable":true,"href":"https:\/\/aconteceunovale.com.br\/portal\/index.php?rest_route=\/wp\/v2\/users\/1"}],"replies":[{"embeddable":true,"href":"https:\/\/aconteceunovale.com.br\/portal\/index.php?rest_route=%2Fwp%2Fv2%2Fcomments&post=43362"}],"version-history":[{"count":0,"href":"https:\/\/aconteceunovale.com.br\/portal\/index.php?rest_route=\/wp\/v2\/posts\/43362\/revisions"}],"wp:featuredmedia":[{"embeddable":true,"href":"https:\/\/aconteceunovale.com.br\/portal\/index.php?rest_route=\/wp\/v2\/media\/43365"}],"wp:attachment":[{"href":"https:\/\/aconteceunovale.com.br\/portal\/index.php?rest_route=%2Fwp%2Fv2%2Fmedia&parent=43362"}],"wp:term":[{"taxonomy":"category","embeddable":true,"href":"https:\/\/aconteceunovale.com.br\/portal\/index.php?rest_route=%2Fwp%2Fv2%2Fcategories&post=43362"},{"taxonomy":"post_tag","embeddable":true,"href":"https:\/\/aconteceunovale.com.br\/portal\/index.php?rest_route=%2Fwp%2Fv2%2Ftags&post=43362"}],"curies":[{"name":"wp","href":"https:\/\/api.w.org\/{rel}","templated":true}]}}