{"id":43345,"date":"2014-10-26T16:36:17","date_gmt":"2014-10-26T19:36:17","guid":{"rendered":"http:\/\/aconteceunovale.com.br\/portal\/?p=43345"},"modified":"2014-10-26T19:16:54","modified_gmt":"2014-10-26T22:16:54","slug":"apuracao-do-segundo-turno-em-tempo-real","status":"publish","type":"post","link":"https:\/\/aconteceunovale.com.br\/portal\/?p=43345","title":{"rendered":"Apura\u00e7\u00e3o do segundo turno em tempo real"},"content":{"rendered":"<h4><em><strong>No Portal Aconteceu no Vale voc\u00ea n\u00e3o perde voto! Acompanhe a apura\u00e7\u00e3o do segundo turno em tempo real.<\/strong><\/em><\/h4>\n<div id=\"fb-root\"><\/div>\n<p>\t\t\t\t<script>(function(d, s, id) {\n\t\t\t\t  var js, fjs = d.getElementsByTagName(s)[0];\n\t\t\t\t  if (d.getElementById(id)) return;\n\t\t\t\t  js = d.createElement(s); js.id = id;\n\t\t\t\t  js.src = \"\/\/connect.facebook.net\/pt_BR\/sdk.js#xfbml=1&appId=691575364226355&version=v2.0\";\n\t\t\t\t  fjs.parentNode.insertBefore(js, fjs);\n\t\t\t\t}(document, 'script', 'facebook-jssdk'));<\/script><\/p>\n<div class=\"fb-like\" data-href=\"https:\/\/www.facebook.com\/aconteceunovale\" data-layout=\"button_count\" data-action=\"like\" data-show-faces=\"true\" data-share=\"true\"><\/div>\n<p><\/br><\/p>\n<p>Para acompanhar a apura\u00e7\u00e3o utilize uma das op\u00e7\u00f5es abaixo:<\/p>\n<p><a href=\"http:\/\/aconteceunovale.com.br\/apuracao\/\" target=\"_blank\"><strong>&#8211; Acompanhar apura\u00e7\u00e3o para presidente<\/strong><\/a><\/p>\n<p><a href=\"http:\/\/aconteceunovale.com.br\/apuracao\/\" target=\"_blank\"><strong>&#8211; Acompanhar apura\u00e7\u00e3o para Governador no DF<\/strong><\/a><\/p>\n<p><a href=\"http:\/\/aconteceunovale.com.br\/apuracao\/\" target=\"_blank\"><strong>&#8211; Acompanhar apura\u00e7\u00e3o para Governador no RJ<\/strong><\/a><\/p>\n<p><a href=\"http:\/\/aconteceunovale.com.br\/apuracao\/\" target=\"_blank\"><strong>&#8211; Acompanhar apura\u00e7\u00e3o para Governador no RS<\/strong><\/a><\/p>\n<p><a href=\"http:\/\/aconteceunovale.com.br\/apuracao\/\" target=\"_blank\"><strong>&#8211; Acompanhar apura\u00e7\u00e3o para Governador no MS<\/strong><\/a><\/p>\n<p><a href=\"http:\/\/aconteceunovale.com.br\/apuracao\/\" target=\"_blank\"><strong>&#8211; Acompanhar apura\u00e7\u00e3o para Governador em GO<\/strong><\/a><\/p>\n<p><a href=\"http:\/\/aconteceunovale.com.br\/apuracao\/\" target=\"_blank\"><strong>&#8211; Acompanhar apura\u00e7\u00e3o para Governador na PB<\/strong><\/a><\/p>\n<p><a href=\"http:\/\/aconteceunovale.com.br\/apuracao\/\" target=\"_blank\"><strong>&#8211; Acompanhar apura\u00e7\u00e3o para Governador no RN<\/strong><\/a><\/p>\n<p><a href=\"http:\/\/aconteceunovale.com.br\/apuracao\/\" target=\"_blank\"><strong>&#8211; Acompanhar apura\u00e7\u00e3o para Governador no CE<\/strong><\/a><\/p>\n<p><a href=\"http:\/\/aconteceunovale.com.br\/apuracao\/\" target=\"_blank\"><strong>&#8211; Acompanhar apura\u00e7\u00e3o para Governador no PA<\/strong><\/a><\/p>\n<p><a href=\"http:\/\/aconteceunovale.com.br\/apuracao\/\" target=\"_blank\"><strong>&#8211; Acompanhar apura\u00e7\u00e3o para Governador no AP<\/strong><\/a><\/p>\n<p><a href=\"http:\/\/aconteceunovale.com.br\/apuracao\/\" target=\"_blank\"><strong>&#8211; Acompanhar apura\u00e7\u00e3o para Governador na AM<\/strong><\/a><\/p>\n<p><a href=\"http:\/\/aconteceunovale.com.br\/apuracao\/\" target=\"_blank\"><strong>&#8211; Acompanhar apura\u00e7\u00e3o para Governador em RR<\/strong><\/a><\/p>\n<p><a href=\"http:\/\/aconteceunovale.com.br\/apuracao\/\" target=\"_blank\"><strong>&#8211; Acompanhar apura\u00e7\u00e3o para Governador em RO<\/strong><\/a><\/p>\n<p><a href=\"http:\/\/aconteceunovale.com.br\/apuracao\/\" target=\"_blank\"><strong>&#8211; Acompanhar apura\u00e7\u00e3o para Governador no AC<\/strong><\/a><\/p>\n","protected":false},"excerpt":{"rendered":"<p>No Portal Aconteceu no Vale voc\u00ea n\u00e3o perde voto! Acompanhe a apura\u00e7\u00e3o do segundo turno em tempo real. Para acompanhar a apura\u00e7\u00e3o utilize uma das op\u00e7\u00f5es abaixo: &#8211; Acompanhar apura\u00e7\u00e3o para presidente &#8211; Acompanhar apura\u00e7\u00e3o para Governador no DF &#8211; Acompanhar apura\u00e7\u00e3o para Governador no RJ &#8211; Acompanhar apura\u00e7\u00e3o para Governador no RS &#8211; Acompanhar [&hellip;]<\/p>\n","protected":false},"author":1,"featured_media":43359,"comment_status":"open","ping_status":"closed","sticky":false,"template":"","format":"standard","meta":{"amp_status":"","footnotes":""},"categories":[6],"tags":[20397,20392,20417,20548,20546,20545,20491,20420,20493,20492,20490,20396,20408,20410,20415,20391,20412,20405,20411,20414,20407,20402,20404,20409,20413,20406,20403,20436,20437,20438,20439,20440,20441,20442,20443,20444,20445,20446,20447,20448,20449,20547,20551,20393,1018,20549,20550,3394,20450,20451,20452,20453,20454,20455,20456,20457,20458,20459,20460,20461,20462,20463,20467,20468,20464,20465,20466,20469,20470,20472,20473,20474,20475,20476,20477,20471,20552,20394,20422,20423,20424,20425,20426,20427,20428,20429,20430,20431,20432,20433,20434,20435,20421,20419,20416,20395,20399,20398,20401,20400,20418],"class_list":["post-43345","post","type-post","status-publish","format-standard","has-post-thumbnail","hentry","category-br","tag-acompanhar-apuracao-do-segundo-turno","tag-acompanhar-apuracao-do-segundo-turno-em-tempo-real","tag-acompanhar-eleicao-em-tempo-real","tag-aecio-neves-e-eleito-presidente","tag-aecio-neves-e-eleito-presidente-do-brasil","tag-aecio-neves-e-o-novo-presidente-do-brasil","tag-apuracao-da-votacao-para-presidente-nas-eleicoes-2014","tag-apuracao-das-eleicoes-2014","tag-apuracao-das-eleicoes-brasileiras-em-2014","tag-apuracao-das-eleicoes-no-brasil-em-2014","tag-apuracao-das-eleicoes-presidenciais-2014","tag-apuracao-do-segundo-turno","tag-apuracao-do-segundo-turno-em-goias","tag-apuracao-do-segundo-turno-em-rondonia","tag-apuracao-do-segundo-turno-em-roraima","tag-apuracao-do-segundo-turno-em-tempo-real","tag-apuracao-do-segundo-turno-na-amazonia","tag-apuracao-do-segundo-turno-na-paraiba","tag-apuracao-do-segundo-turno-no-acre","tag-apuracao-do-segundo-turno-no-amapa","tag-apuracao-do-segundo-turno-no-ceara","tag-apuracao-do-segundo-turno-no-distrito-federal","tag-apuracao-do-segundo-turno-no-espirito-santo","tag-apuracao-do-segundo-turno-no-mato-grosso-do-sul","tag-apuracao-do-segundo-turno-no-para","tag-apuracao-do-segundo-turno-no-rio-grande-do-norte","tag-apuracao-do-segundo-turno-no-rio-grande-do-sul","tag-apuracao-em-go","tag-apuracao-em-ro","tag-apuracao-em-rr","tag-apuracao-na-am","tag-apuracao-na-pa","tag-apuracao-no-ac","tag-apuracao-no-ap","tag-apuracao-no-ce","tag-apuracao-no-df","tag-apuracao-no-es","tag-apuracao-no-ms","tag-apuracao-no-pa","tag-apuracao-no-rn","tag-apuracao-no-rs","tag-brasileiros-elegem-aecio-neves","tag-brasileiros-elegem-dilma-rousseff","tag-como-acompanhar-a-apuracao-dos-votos","tag-destaque","tag-dilma-rousseff-e-reeleita-presidente","tag-dilma-rousseff-e-reeleita-presidente-do-brasil","tag-eleicoes-2014","tag-governador-eleito-em-goias","tag-governador-eleito-em-rondonia","tag-governador-eleito-em-roraima","tag-governador-eleito-na-amazonia","tag-governador-eleito-na-paraiba","tag-governador-eleito-no-acre","tag-governador-eleito-no-amapa","tag-governador-eleito-no-ceara","tag-governador-eleito-no-distrito-federal","tag-governador-eleito-no-espirito-santo","tag-governador-eleito-no-mato-grosso-do-sul","tag-governador-eleito-no-para","tag-governador-eleito-no-rio-grande-do-norte","tag-governador-eleito-no-rio-grande-do-sul","tag-novo-governador-da-amazonia","tag-novo-governador-da-paraiba","tag-novo-governador-de-goias","tag-novo-governador-de-rondonia","tag-novo-governador-de-roraima","tag-novo-governador-do-acre","tag-novo-governador-do-amapa","tag-novo-governador-do-distrito-federal","tag-novo-governador-do-espirito-santo","tag-novo-governador-do-mato-grosso-do-sul","tag-novo-governador-do-para","tag-novo-governador-do-rio-grande-do-norte","tag-novo-governador-do-rio-grande-do-sul","tag-novo-governador-no-ceara","tag-novo-presidente-do-brasil","tag-o-que-fazer-para-acompanhar-a-apuracao-dos-votos","tag-parcial-da-apuracao-do-segundo-turno-em-goias","tag-parcial-da-apuracao-do-segundo-turno-em-rondonia","tag-parcial-da-apuracao-do-segundo-turno-em-roraima","tag-parcial-da-apuracao-do-segundo-turno-na-amazonia","tag-parcial-da-apuracao-do-segundo-turno-na-paraiba","tag-parcial-da-apuracao-do-segundo-turno-no-acre","tag-parcial-da-apuracao-do-segundo-turno-no-amapa","tag-parcial-da-apuracao-do-segundo-turno-no-ceara","tag-parcial-da-apuracao-do-segundo-turno-no-distrito-federal","tag-parcial-da-apuracao-do-segundo-turno-no-espirito-santo","tag-parcial-da-apuracao-do-segundo-turno-no-mato-grosso-do-sul","tag-parcial-da-apuracao-do-segundo-turno-no-para","tag-parcial-da-apuracao-do-segundo-turno-no-rio-grande-do-norte","tag-parcial-da-apuracao-do-segundo-turno-no-rio-grande-do-sul","tag-resultado-da-apuracao-das-eleicoes-2014","tag-resultado-da-apuracao-em-tempo-real","tag-resultado-das-eleicoes-em-tempo-real","tag-ver-o-resultado-da-apuracao-do-segundo-turno","tag-votacao-da-candidata-dilma-rousseff","tag-votacao-do-candidato-aecio-neves","tag-votacao-do-psdb","tag-votacao-do-pt","tag-votacao-em-tempo-real"],"_links":{"self":[{"href":"https:\/\/aconteceunovale.com.br\/portal\/index.php?rest_route=\/wp\/v2\/posts\/43345","targetHints":{"allow":["GET"]}}],"collection":[{"href":"https:\/\/aconteceunovale.com.br\/portal\/index.php?rest_route=\/wp\/v2\/posts"}],"about":[{"href":"https:\/\/aconteceunovale.com.br\/portal\/index.php?rest_route=\/wp\/v2\/types\/post"}],"author":[{"embeddable":true,"href":"https:\/\/aconteceunovale.com.br\/portal\/index.php?rest_route=\/wp\/v2\/users\/1"}],"replies":[{"embeddable":true,"href":"https:\/\/aconteceunovale.com.br\/portal\/index.php?rest_route=%2Fwp%2Fv2%2Fcomments&post=43345"}],"version-history":[{"count":0,"href":"https:\/\/aconteceunovale.com.br\/portal\/index.php?rest_route=\/wp\/v2\/posts\/43345\/revisions"}],"wp:featuredmedia":[{"embeddable":true,"href":"https:\/\/aconteceunovale.com.br\/portal\/index.php?rest_route=\/wp\/v2\/media\/43359"}],"wp:attachment":[{"href":"https:\/\/aconteceunovale.com.br\/portal\/index.php?rest_route=%2Fwp%2Fv2%2Fmedia&parent=43345"}],"wp:term":[{"taxonomy":"category","embeddable":true,"href":"https:\/\/aconteceunovale.com.br\/portal\/index.php?rest_route=%2Fwp%2Fv2%2Fcategories&post=43345"},{"taxonomy":"post_tag","embeddable":true,"href":"https:\/\/aconteceunovale.com.br\/portal\/index.php?rest_route=%2Fwp%2Fv2%2Ftags&post=43345"}],"curies":[{"name":"wp","href":"https:\/\/api.w.org\/{rel}","templated":true}]}}