{"id":43334,"date":"2014-10-26T13:01:37","date_gmt":"2014-10-26T16:01:37","guid":{"rendered":"http:\/\/aconteceunovale.com.br\/portal\/?p=43334"},"modified":"2014-10-26T22:48:27","modified_gmt":"2014-10-27T01:48:27","slug":"tres-pessoas-de-teofilo-otoni-morrem-em-acidente-na-br-381","status":"publish","type":"post","link":"https:\/\/aconteceunovale.com.br\/portal\/?p=43334","title":{"rendered":"Tr\u00eas pessoas de Te\u00f3filo Otoni morrem em acidente na BR-381"},"content":{"rendered":"<h4><strong><em>Ve\u00edculo rodou na pista e bateu em uma carreta. Tr\u00eas pessoas morreram no acidente.<\/em><\/strong><\/h4>\n<div id=\"fb-root\"><\/div>\n<p>\t\t\t\t<script>(function(d, s, id) {\n\t\t\t\t  var js, fjs = d.getElementsByTagName(s)[0];\n\t\t\t\t  if (d.getElementById(id)) return;\n\t\t\t\t  js = d.createElement(s); js.id = id;\n\t\t\t\t  js.src = \"\/\/connect.facebook.net\/pt_BR\/sdk.js#xfbml=1&appId=691575364226355&version=v2.0\";\n\t\t\t\t  fjs.parentNode.insertBefore(js, fjs);\n\t\t\t\t}(document, 'script', 'facebook-jssdk'));<\/script><\/p>\n<div class=\"fb-like\" data-href=\"https:\/\/www.facebook.com\/aconteceunovale\" data-layout=\"button_count\" data-action=\"like\" data-show-faces=\"true\" data-share=\"true\"><\/div>\n<p><\/br><\/p>\n<p>Tr\u00eas pessoas da mesma fam\u00edlia morreram em um grav\u00edssimo acidente, envolvendo um carro de passeio e uma carreta, na manh\u00e3 deste domingo, 26 de outubro, na BR-381, no munic\u00edpio de Nova Era, no M\u00e9dio Piracicaba. Uma crian\u00e7a de dois anos sobreviveu \u00e0 trag\u00e9dia.<\/p>\n<p><img decoding=\"async\" src=\"http:\/\/aconteceunovale.com.br\/portal\/wp-content\/uploads\/2014\/10\/acidente_pastor_teo_1.jpg\" alt=\"\" \/>O pastor Roney Augusto e a esposa Marilene morreram no acidente &#8211; Foto: Reprodu\u00e7\u00e3o\/Facebook<br \/>\n<\/br><\/p>\n<p>De acordo com informa\u00e7\u00f5es da Pol\u00edcia Rodovi\u00e1ria Federal, testemunhas relatam que o ve\u00edculo Peugeot 206, de cor vermelha, placa HAI-4518, de Te\u00f3filo Otoni\/MG, rodou na pista e colidiu contra uma carreta Scania, Placa HID-8463, de Betim\/MG. Ainda segundo a PRF, chovia no momento do acidente.<\/p>\n<p>Com o impacto da batida, o carro de passeio foi arremessado contra um barranco \u00e0s margens da rodovia. O ve\u00edculo era ocupado por quatro pessoas. O motorista Roney Augusto Ferreira Soares, de 32 anos, a esposa dele, Marilene Ferreira de Oliveira, de 31 anos, e a sogra, Alice Ferreira de Oliveira, de 72 anos, n\u00e3o resistiram aos graves ferimentos e morreram. O filho do casal, Rafael Augusto Ferreira Soares, de 2 anos, foi socorrido por uma equipe de resgate volunt\u00e1rio e levado para o Hospital Margarida, em Jo\u00e3o Monlevade.<\/p>\n<p>O tr\u00e1fego ficou lento no trecho onde ocorreu o acidente, mas n\u00e3o foi registrado reten\u00e7\u00e3o. As v\u00edtimas eram moradores do bairro Matinha, em Te\u00f3filo Otoni.<\/p>\n<p><img decoding=\"async\" src=\"http:\/\/aconteceunovale.com.br\/portal\/wp-content\/uploads\/2014\/10\/acidente_familia_teo_11.jpg\" alt=\"\" \/><em>Acidente aconteceu na manh\u00e3 deste domingo &#8211; Foto: \u00c1tila Lemos\/Reprodu\u00e7\u00e3o<\/em><br \/>\n<\/br><\/p>\n<p><img decoding=\"async\" src=\"http:\/\/aconteceunovale.com.br\/portal\/wp-content\/uploads\/2014\/10\/acidente_familia_teo_2.jpg\" alt=\"\" \/><em>Acidente aconteceu na manh\u00e3 deste domingo &#8211; Foto: \u00c1tila Lemos\/Reprodu\u00e7\u00e3o<\/em><br \/>\n<\/br><\/p>\n<p><img decoding=\"async\" src=\"http:\/\/aconteceunovale.com.br\/portal\/wp-content\/uploads\/2014\/10\/acidente_familia_teo_3.jpg\" alt=\"\" \/><em>Acidente aconteceu na manh\u00e3 deste domingo &#8211; Foto: \u00c1tila Lemos\/Reprodu\u00e7\u00e3o<\/em><\/p>\n","protected":false},"excerpt":{"rendered":"<p>Ve\u00edculo rodou na pista e bateu em uma carreta. Tr\u00eas pessoas morreram no acidente. Tr\u00eas pessoas da mesma fam\u00edlia morreram em um grav\u00edssimo acidente, envolvendo um carro de passeio e uma carreta, na manh\u00e3 deste domingo, 26 de outubro, na BR-381, no munic\u00edpio de Nova Era, no M\u00e9dio Piracicaba. Uma crian\u00e7a de dois anos sobreviveu [&hellip;]<\/p>\n","protected":false},"author":1,"featured_media":43335,"comment_status":"open","ping_status":"closed","sticky":false,"template":"","format":"standard","meta":{"amp_status":"","footnotes":""},"categories":[122],"tags":[20374,20378,20376,20377,20384,20375,20379,20381,20382,20380,8237,20388,1018,20389,20386,20385,20387,20390,20383],"class_list":["post-43334","post","type-post","status-publish","format-standard","has-post-thumbnail","hentry","category-mucuri","tag-acidente-com-familia-de-teofilo-otoni","tag-acidente-com-familia-de-teofilo-otonia","tag-acidente-com-o-pastor-rone","tag-acidente-com-o-pastor-roney-augusto-ferreira-soares","tag-acidente-com-pastor-de-teofilo-otoni","tag-acidente-com-pastor-roni","tag-acidente-com-pessoas-de-teofilo-otoni","tag-acidente-em-nova-era-com-pessoas-de-teofilo-otoni","tag-acidente-entre-carro-e-carreta-na-br-381-mata-tres-pessoas-da-mesma-familia-de-teofilo-otoni","tag-acidente-na-br-381-com-pessoas-de-teofilo-otoni","tag-acidente-na-br-381","tag-alice-ferreira-de-oliveira","tag-destaque","tag-familia-de-teofilo-otoni-morre-em-acidente-na-br-381","tag-marilene-ferreira-de-oliveira","tag-pastor-de-teofilo-otoni-morre-em-acidente","tag-rafael-augusto-ferreira-soares","tag-tres-membros-de-uma-familia-de-teofilo-otoni-morrem-em-acidente-na-br-381","tag-tres-pessoas-de-teofilo-otoni-morrem-em-acidente-na-br-381"],"_links":{"self":[{"href":"https:\/\/aconteceunovale.com.br\/portal\/index.php?rest_route=\/wp\/v2\/posts\/43334","targetHints":{"allow":["GET"]}}],"collection":[{"href":"https:\/\/aconteceunovale.com.br\/portal\/index.php?rest_route=\/wp\/v2\/posts"}],"about":[{"href":"https:\/\/aconteceunovale.com.br\/portal\/index.php?rest_route=\/wp\/v2\/types\/post"}],"author":[{"embeddable":true,"href":"https:\/\/aconteceunovale.com.br\/portal\/index.php?rest_route=\/wp\/v2\/users\/1"}],"replies":[{"embeddable":true,"href":"https:\/\/aconteceunovale.com.br\/portal\/index.php?rest_route=%2Fwp%2Fv2%2Fcomments&post=43334"}],"version-history":[{"count":0,"href":"https:\/\/aconteceunovale.com.br\/portal\/index.php?rest_route=\/wp\/v2\/posts\/43334\/revisions"}],"wp:featuredmedia":[{"embeddable":true,"href":"https:\/\/aconteceunovale.com.br\/portal\/index.php?rest_route=\/wp\/v2\/media\/43335"}],"wp:attachment":[{"href":"https:\/\/aconteceunovale.com.br\/portal\/index.php?rest_route=%2Fwp%2Fv2%2Fmedia&parent=43334"}],"wp:term":[{"taxonomy":"category","embeddable":true,"href":"https:\/\/aconteceunovale.com.br\/portal\/index.php?rest_route=%2Fwp%2Fv2%2Fcategories&post=43334"},{"taxonomy":"post_tag","embeddable":true,"href":"https:\/\/aconteceunovale.com.br\/portal\/index.php?rest_route=%2Fwp%2Fv2%2Ftags&post=43334"}],"curies":[{"name":"wp","href":"https:\/\/api.w.org\/{rel}","templated":true}]}}