{"id":43325,"date":"2014-10-26T11:55:48","date_gmt":"2014-10-26T14:55:48","guid":{"rendered":"http:\/\/aconteceunovale.com.br\/portal\/?p=43325"},"modified":"2014-10-26T18:39:46","modified_gmt":"2014-10-26T21:39:46","slug":"eleitor-coloca-fogo-em-urna-eletronica-no-norte-de-minas","status":"publish","type":"post","link":"https:\/\/aconteceunovale.com.br\/portal\/?p=43325","title":{"rendered":"Eleitor coloca fogo em urna eletr\u00f4nica no Norte de Minas"},"content":{"rendered":"<h4><em><strong>A urna foi substitu\u00edda e nenhum voto foi perdido. Jo\u00e3o Milton Pereira, de 42 anos, justificou o atentado como revolta pelo atraso em seu processo de aposentadoria.<\/strong><\/em><\/h4>\n<div id=\"fb-root\"><\/div>\n<p>\t\t\t\t<script>(function(d, s, id) {\n\t\t\t\t  var js, fjs = d.getElementsByTagName(s)[0];\n\t\t\t\t  if (d.getElementById(id)) return;\n\t\t\t\t  js = d.createElement(s); js.id = id;\n\t\t\t\t  js.src = \"\/\/connect.facebook.net\/pt_BR\/sdk.js#xfbml=1&appId=691575364226355&version=v2.0\";\n\t\t\t\t  fjs.parentNode.insertBefore(js, fjs);\n\t\t\t\t}(document, 'script', 'facebook-jssdk'));<\/script><\/p>\n<div class=\"fb-like\" data-href=\"https:\/\/www.facebook.com\/aconteceunovale\" data-layout=\"button_count\" data-action=\"like\" data-show-faces=\"true\" data-share=\"true\"><\/div>\n<p><\/br><\/p>\n<p>Um homem de 42 anos foi preso por volta das 9h30 da manh\u00e3 deste domingo, 26 de outubro, ap\u00f3s colocar fogo em uma urna eletr\u00f4nica, na se\u00e7\u00e3o eleitoral em que vota, na Escola Estadual Miguel Jos\u00e9 da Cunha, na regi\u00e3o central de Porteirinha, no Norte de Minas Gerais.<\/p>\n<p><img decoding=\"async\" src=\"http:\/\/aconteceunovale.com.br\/portal\/wp-content\/uploads\/2014\/10\/urna_eletronica_queimada.jpg\" alt=\"\" \/><em>Urna foi incendiada em Porteirinha (Foto: Divulga\u00e7\u00e3o\/Pol\u00edcia Militar)<\/em><br \/>\n<\/br><\/p>\n<p>Segundo informa\u00e7\u00f5es da Pol\u00edcia Militar, o pedreiro Jo\u00e3o Milton Pereira, de 42 anos, entrou na se\u00e7\u00e3o com uma garrafinha de refrigerante, contendo gasolina, e ateou fogo na urna. Ainda segundo a pol\u00edcia, ele j\u00e1 havia colocado fogo na sala de espera da ag\u00eancia da delegacia do INSS de Porteirinha, em 2013. O autor justificou o atentado como revolta pelo atraso em seu processo de aposentadoria.<\/p>\n<p>De acordo om informa\u00e7\u00f5es da assessoria de comunica\u00e7\u00e3o do Tribunal Regional Eleitoral de Minas Gerais, 67 pessoas j\u00e1 haviam votada na urna. A m\u00eddia onde os dados ficam armazenados n\u00e3o sofreram danos, foi retirada e imediatamente colocada em outra urna. A vota\u00e7\u00e3o continua normalmente.<\/p>\n<p>Ainda segundo o TRE, o homem que ateou fogo na urna pode responder pelo crime de &#8220;promover desordem que prejudique trabalhos eleitorais&#8221;, com deten\u00e7\u00e3o de at\u00e9 dois meses e pagamento de multa. Ele foi preso em flagrante.<\/p>\n<p><strong><a href=\"http:\/\/aconteceunovale.com.br\/apuracao\/\" target=\"_blank\">Acompanhe a apura\u00e7\u00e3o da vota\u00e7\u00e3o do segundo turno em tempo real<\/a><\/strong>.<\/p>\n<p><img decoding=\"async\" src=\"http:\/\/aconteceunovale.com.br\/portal\/wp-content\/uploads\/2014\/10\/urna_eletronica_porteirinha_1.jpg\" alt=\"\" \/>Urna foi incendiada em Porteirinha (Foto: Porteirinha Not\u00edcias\/Reprodu\u00e7\u00e3o)<\/em><br \/>\n<\/br><\/p>\n<p><img decoding=\"async\" src=\"http:\/\/aconteceunovale.com.br\/portal\/wp-content\/uploads\/2014\/10\/urna_eletronica_porteirinha_2.jpg\" alt=\"\" \/>Urna foi incendiada em Porteirinha (Foto: Porteirinha Not\u00edcias\/Reprodu\u00e7\u00e3o)<\/em><br \/>\n<\/br><\/p>\n<p><img decoding=\"async\" src=\"http:\/\/aconteceunovale.com.br\/portal\/wp-content\/uploads\/2014\/10\/urna_eletronica_porteirinha_3.jpg\" alt=\"\" \/>Autor do atentado foi preso em flagrante (Foto: Porteirinha Not\u00edcias\/Reprodu\u00e7\u00e3o)<\/em><\/p>\n","protected":false},"excerpt":{"rendered":"<p>A urna foi substitu\u00edda e nenhum voto foi perdido. Jo\u00e3o Milton Pereira, de 42 anos, justificou o atentado como revolta pelo atraso em seu processo de aposentadoria. Um homem de 42 anos foi preso por volta das 9h30 da manh\u00e3 deste domingo, 26 de outubro, ap\u00f3s colocar fogo em uma urna eletr\u00f4nica, na se\u00e7\u00e3o eleitoral [&hellip;]<\/p>\n","protected":false},"author":1,"featured_media":43326,"comment_status":"open","ping_status":"closed","sticky":false,"template":"","format":"standard","meta":{"amp_status":"","footnotes":""},"categories":[1236],"tags":[1018,3394,20368,20367,20369,1194,20371,20372,20373,20370],"class_list":["post-43325","post","type-post","status-publish","format-standard","has-post-thumbnail","hentry","category-norte_de_minas","tag-destaque","tag-eleicoes-2014","tag-eleitor-coloca-fogo-em-urna-eletronica-em-porteirinha","tag-eleitor-coloca-fogo-em-urna-eletronica-no-norte-de-minas","tag-joao-milton-pereira","tag-porteirinha","tag-urna-eletronica-queimada-em-minas-gerais","tag-urna-eletronica-queimada-em-porteirinha","tag-urna-eletronica-queimada-no-norte-de-minas-gerais","tag-urna-foi-incendiada-em-porteirinha"],"_links":{"self":[{"href":"https:\/\/aconteceunovale.com.br\/portal\/index.php?rest_route=\/wp\/v2\/posts\/43325","targetHints":{"allow":["GET"]}}],"collection":[{"href":"https:\/\/aconteceunovale.com.br\/portal\/index.php?rest_route=\/wp\/v2\/posts"}],"about":[{"href":"https:\/\/aconteceunovale.com.br\/portal\/index.php?rest_route=\/wp\/v2\/types\/post"}],"author":[{"embeddable":true,"href":"https:\/\/aconteceunovale.com.br\/portal\/index.php?rest_route=\/wp\/v2\/users\/1"}],"replies":[{"embeddable":true,"href":"https:\/\/aconteceunovale.com.br\/portal\/index.php?rest_route=%2Fwp%2Fv2%2Fcomments&post=43325"}],"version-history":[{"count":0,"href":"https:\/\/aconteceunovale.com.br\/portal\/index.php?rest_route=\/wp\/v2\/posts\/43325\/revisions"}],"wp:featuredmedia":[{"embeddable":true,"href":"https:\/\/aconteceunovale.com.br\/portal\/index.php?rest_route=\/wp\/v2\/media\/43326"}],"wp:attachment":[{"href":"https:\/\/aconteceunovale.com.br\/portal\/index.php?rest_route=%2Fwp%2Fv2%2Fmedia&parent=43325"}],"wp:term":[{"taxonomy":"category","embeddable":true,"href":"https:\/\/aconteceunovale.com.br\/portal\/index.php?rest_route=%2Fwp%2Fv2%2Fcategories&post=43325"},{"taxonomy":"post_tag","embeddable":true,"href":"https:\/\/aconteceunovale.com.br\/portal\/index.php?rest_route=%2Fwp%2Fv2%2Ftags&post=43325"}],"curies":[{"name":"wp","href":"https:\/\/api.w.org\/{rel}","templated":true}]}}