{"id":43323,"date":"2014-10-26T11:33:08","date_gmt":"2014-10-26T14:33:08","guid":{"rendered":"http:\/\/aconteceunovale.com.br\/portal\/?p=43323"},"modified":"2014-10-26T22:21:50","modified_gmt":"2014-10-27T01:21:50","slug":"ocorrencias-em-destaque-nos-vales-do-jequitinhonha-rio-doce-e-mucuri-26-de-outubro-de-2014","status":"publish","type":"post","link":"https:\/\/aconteceunovale.com.br\/portal\/?p=43323","title":{"rendered":"Ocorr\u00eancias em destaque nos Vales do Jequitinhonha, Rio Doce e Mucuri \u2013 26 de outubro de 2014"},"content":{"rendered":"<h4><strong>Homem \u00e9 executado com nove tiros em Te\u00f3filo Otoni<\/strong><\/h4>\n<div id=\"fb-root\"><\/div>\n<p>\t\t\t\t<script>(function(d, s, id) {\n\t\t\t\t  var js, fjs = d.getElementsByTagName(s)[0];\n\t\t\t\t  if (d.getElementById(id)) return;\n\t\t\t\t  js = d.createElement(s); js.id = id;\n\t\t\t\t  js.src = \"\/\/connect.facebook.net\/pt_BR\/sdk.js#xfbml=1&appId=691575364226355&version=v2.0\";\n\t\t\t\t  fjs.parentNode.insertBefore(js, fjs);\n\t\t\t\t}(document, 'script', 'facebook-jssdk'));<\/script><\/p>\n<div class=\"fb-like\" data-href=\"https:\/\/www.facebook.com\/aconteceunovale\" data-layout=\"button_count\" data-action=\"like\" data-show-faces=\"true\" data-share=\"true\"><\/div>\n<p><\/br><\/p>\n<p>Um homem de 35 anos foi assassinado a tiros no in\u00edcio da madrugada deste domingo, 26 de outubro, no bairro S\u00e3o Crist\u00f3v\u00e3o, em Te\u00f3filo Otoni, no Vale do Mucuri. <\/p>\n<p>De acordo com a Pol\u00edcia Militar, uma testemunha relatou que estava com a v\u00edtima Alzemar Coelho Fernandes em frente a um trailer localizado na Rua Quinze de Novembro, quando dois indiv\u00edduos chegaram ao local em um carro, sendo que o passageiro perguntou a v\u00edtima se ele tinha p\u00f3 para vender.<\/p>\n<p>Ap\u00f3s responder que n\u00e3o tinha, o passageiro desceu do ve\u00edculo, com uma pistola na m\u00e3o, e efetuou v\u00e1rios disparos contra Alzemar, que caiu ao solo e veio a \u00f3bito.<\/p>\n<p>A per\u00edcia t\u00e9cnica da Pol\u00edcia Civil compareceu ao local e constatou nove perfura\u00e7\u00f5es no corpo da v\u00edtima, sendo sete nas costas, um na n\u00e1dega e outra no bra\u00e7o direito.<\/p>\n<p>O corpo foi recolhido e encaminhado ao Instituto M\u00e9dico Legal para os procedimentos de praxe. A Pol\u00edcia Militar realizou rastreamentos, por\u00e9m, os autores n\u00e3o foram localizados.<br \/>\n<\/br><\/p>\n<p>Taxista fica ferido durante tentativa de assalto em Te\u00f3filo Otoni<\/p>\n<p>Um homem de 49 anos foi alvo de uma tentativa de assalto nessa sexta-feira (24), na Pra\u00e7a Germ\u00e2nica em Te\u00f3filo Otoni, no Vale do Mucuri. Segundo a Pol\u00edcia Militar, a v\u00edtima  \u00e9 um taxista que foi surpreendida por dois homens durante uma corrida.<\/p>\n<p>De acordo com a PM, o taxista foi abordado por uma jovem de 16 anos que pediu para ser levada at\u00e9 o bairro de F\u00e1tima. Ao passarem pr\u00f3ximo a Pra\u00e7a Germ\u00e2nica, a jovem pediu para que ele parasse. Assim que parou o carro surgiram dois homens que tentaram roub\u00e1-lo. Ele foi agredido com socos e chutes.<\/p>\n<p>Durante a agress\u00e3o, j\u00e1 com hematomas e sangramento o taxista gritou por socorro e os suspeitos fugiram sem levar nada. A pol\u00edcia continua \u00e0 procura dos suspeitos, mas at\u00e9 o momento ningu\u00e9m foi preso.<br \/>\n<\/br><\/p>\n<h4><strong>Indiv\u00edduos assaltam casal no Gr\u00e3o Par\u00e1 em Te\u00f3filo Otoni<\/strong><\/h4>\n<p>Dois jovens de 17 e 20 anos foram v\u00edtimas de assaltantes na tarde de s\u00e1bado, 25 de outubro, no Bairro Gr\u00e3o Par\u00e1, em Te\u00f3filo Otoni, no Vale do Mucuri. De acordo com a Pol\u00edcia Militar, as v\u00edtimas relataram que transitavam pela Rua Ant\u00f4nio Mendes de Souza, quando foram abordadas por dois indiv\u00edduos em uma motocicleta, sendo que o passageiro desceu do ve\u00edculo portando uma arma de fogo e anunciou o assalto. <\/p>\n<p>As v\u00edtimas foram obrigas a entregar os celulares. Ap\u00f3s o roubo, os autores evadiram sentido a Rua Teodolino Pereira. A Pol\u00edcia Militar realizou rastreamentos, por\u00e9m os bandidos n\u00e3o foram localizados.<br \/>\n<\/br><\/p>\n<h4><strong>Cidad\u00e3o tem motocicleta roubada na porta de casa em Te\u00f3filo Otoni<\/strong><\/h4>\n<p>Uma motocicleta foi roubada na manh\u00e3 de s\u00e1bado, 25 de outubro, no bairro Te\u00f3filo Rocha, em Te\u00f3filo Otoni, no Vale do Mucuri. De acordo com a Pol\u00edcia Militar, a v\u00edtima relatou que ao chegar \u00e0 porta de sua resid\u00eancia com sua motocicleta Yamaha Faser YS 250, placa EOY-6099, de cor preta, foi abordada por um indiv\u00edduo, que de posse de um rev\u00f3lver, anunciou o assalto e subtraiu o seu ve\u00edculo e um capacete.<\/p>\n<p>Ap\u00f3s o crime, o autor ainda efetuou um disparo, que atingiu o telhado da resid\u00eancia, e deixou o local, tomando rumo ignorado. A Pol\u00edcia Militar realizou rastreamento com intuito de localizar e prender o autor, por\u00e9m sem \u00eaxito at\u00e9 o momento.<br \/>\n<\/br><\/p>\n<h4><strong>Jovem \u00e9 preso por tr\u00e1fico de drogas e porte ilegal de arma de fogo no Jardim Serra Verde em Te\u00f3filo Otoni<\/strong><\/h4>\n<p>Um rapaz de 20 anos foi preso na madrugada deste domingo, 26 de outubro, por tr\u00e1fico de drogas e porte ilegal de arma de fogo. De acordo com a Pol\u00edcia Militar, por volta de 1h da manh\u00e3, durante patrulhamento na Rua das Gard\u00eanias, uma guarni\u00e7\u00e3o do T\u00e1tico M\u00f3vel abordou o autor P.H.N.C, com o qual foi localizado um rev\u00f3lver calibre 38, carregado com seis muni\u00e7\u00f5es, quinze pinos de coca\u00edna, uma bucha de maconha, um aparelho celular e a quantia de R$ 85,00 em dinheiro. <\/p>\n<p>O autor foi preso em flagrante e encaminhado, juntamente com o material apreendido, \u00e0 Delegacia de Plant\u00e3o para demais provid\u00eancias.<br \/>\n<\/br><\/p>\n<h4><strong>Mulher \u00e9 assaltada no bairro S\u00e3o Jos\u00e9 em Tim\u00f3teo<\/strong><\/h4>\n<p>Uma mulher de 56 anos foi assaltada na madrugada deste domingo, 26 de outubro, no Bairro S\u00e3o Jos\u00e9, em Tim\u00f3teo, no Vale do A\u00e7o. De acordo com a Pol\u00edcia Militar, a v\u00edtima relatou que voltava do servi\u00e7o e ao chegar no port\u00e3o de sua resid\u00eancia foi abordada por dois indiv\u00edduos, sendo que um deles estava armado com uma arma de fogo e anunciou o assalto com os seguintes dizeres: &#8220;Passa a bolsa, passa a bolsa.&#8221;<\/p>\n<p>Ainda segundo a PM, a v\u00edtima disse que ap\u00f3s tomarem sua pochete, contendo uma quantia em dinheiro, os autores fugiram a p\u00e9 no sentido Avenida S\u00e3o Jo\u00e3o. Rastreamento foi realizado com intuito de localizar os assaltantes, por\u00e9m sem \u00eaxito at\u00e9 o momento.<br \/>\n<\/br><\/p>\n<h4><strong>Crian\u00e7a de seis anos \u00e9 estuprada em Caratinga<\/strong><\/h4>\n<p>Uma menina de seis anos de idade foi v\u00edtima de estupro na madrugada deste domingo, 26 de outubro, no bairro Salatiel, em Caratinga, no Leste de Minas. De acordo com a Pol\u00edcia Militar, a m\u00e3e da v\u00edtima relatou que teria sa\u00eddo de casa para ir a uma festa e deixado \u00e0 filha em companhia de amigos.<\/p>\n<p>Durante a noite, aproveitando que todos estavam dormindo, o autor M.G.S, de 31 anos, entrou no quarto onde estava a v\u00edtima, a beijou na boca e a for\u00e7ou a pegar em seu \u00f3rg\u00e3o genital.<\/p>\n<p>Diante do fato, o autor tentou evadir da resid\u00eancia, por\u00e9m foi preso por familiares. A Pol\u00edcia Militar foi acionada e conduziu o autor \u00e0 Delegacia de plant\u00e3o para demais provid\u00eancias.<br \/>\n<\/br><\/p>\n<h4><strong>Homem \u00e9 preso com arma de fogo em Rio do Prado<\/strong><\/h4>\n<p>Um homem de 32 anos foi preso por porte ilegal de arma de fogo no in\u00edcio da noite de s\u00e1bado, 25 de outubro, em Rio do Prado, no Vale do Jequitinhonha. De acordo com a Pol\u00edcia Militar, R.P.B foi abordado na entrada da cidade, onde foi realizada a busca pessoal, sendo localizada em seus pertences um rev\u00f3lver calibre 32 com sete cartuchos intactos.<\/p>\n<p>Diante dos fatos, o cidad\u00e3o foi preso em flagrante deligo e encaminhado \u00e0 Delegacia de Plant\u00e3o para demais provid\u00eancias.<br \/>\n<\/br><\/p>\n<h4><strong>Indiv\u00edduo embriagado atropela crian\u00e7a de cinco anos em Rubim<\/strong><\/h4>\n<p>Uma crian\u00e7a de cinco anos foi atropelada por uma motocicleta no final da tarde de s\u00e1bado, 25 de outubro, em Rubim, no Vale do Jequitinhonha. De acordo com a Pol\u00edcia Militar, o condutor V.P.S, de 28 anos, relatou que estava trafegando na Rua Miguel Hon\u00f3rio e durante uma convers\u00e3o veio a atropelar o garoto A.N.C.S, que se encontrava no meio da rua, e bater em um carrinho de m\u00e3o pertencente a uma mercearia. <\/p>\n<p>A v\u00edtima sofreu hematomas na cabe\u00e7a, no bra\u00e7o esquerdo e nas costas. Ele foi socorrido e encaminhado para atendimento m\u00e9dico. Ainda segundo a PM, o motociclista apresentava sintomas de embriaguez, como fala desconexa, andar cambaleante e olhos avermelhados. Ele foi conduzido a Delegacia de Pol\u00edcia em Almenara, para demais provid\u00eancias.<br \/>\n<\/br><\/p>\n<h4><strong>Idoso \u00e9 atropelado em distrito de \u00c1guas Formosas<\/strong><\/h4>\n<p>Um idoso de 82 anos foi atropelado na manh\u00e3 de s\u00e1bado, 25 de outubro, no distrito de \u00c1gua Quente, no munic\u00edpio de \u00c1guas Formosas, no Vale do Mucuri. De acordo com a Pol\u00edcia Militar, a v\u00edtima foi atropelada por uma motocicleta que era conduzida por uma adolescente de 15 anos.<\/p>\n<p>A.D.F foi encaminhado ao Hospital S\u00e3o Vicente de Paulo com escoria\u00e7\u00f5es na face, no bra\u00e7o direito e na perna direita. A Pol\u00edcia Militar compareceu ao local do acidente e localizou o propriet\u00e1rio do veiculo, que disse aos militares que ficou sabendo do fato por terceiros e que n\u00e3o teria autorizado a adolescente a conduzir o ve\u00edculo.<\/p>\n<p>Diante do exposto, os militares orientaram as partes e os respons\u00e1veis da menor a comparecerem a Delegacia de \u00c1guas Formosas para maiores esclarecimentos e\/ou representa\u00e7\u00e3o do ocorrido.<br \/>\n<\/br><\/p>\n<h4><strong>Homem \u00e9 morto com golpes de machado em Belo Oriente<\/strong><\/h4>\n<p>Um homem de 36 anos foi morto na noite dessa sexta-feira (24) em Sebasti\u00e3o de Bra\u00fanas, distrito de Belo Oriente (MG). A v\u00edtima morreu com golpes de machado.<\/p>\n<p>Segundo a Pol\u00edcia Militar, o homem trabalhava em um sal\u00e3o de beleza quando foi surpreendido pelo autor do crime, que tinha nas m\u00e3os um machado e deu v\u00e1rios golpes na v\u00edtima, que morreu na hora.<\/p>\n<p>O suspeito foi preso minutos depois pela PM. Ele confessou o crime e disse que a v\u00edtima tinha desrespeitado a filha dele, e esse seria o motivo. O autor de 38 anos foi encaminhado a Delegacia de Pol\u00edcia Civil de Ipatinga.<br \/>\n<\/br><\/p>\n<h4><strong>Rapaz de 19 anos morre em acidente envolvendo cavalo na MG-425<\/strong><\/h4>\n<p>Um jovem de 19 anos morreu em um acidente de moto nessa sexta-feira (24) na MG-425, pr\u00f3ximo \u00e0 Caratinga (MG). Segundo a Pol\u00edcia Rodovi\u00e1ria Federal, a v\u00edtima estava na garupa de uma moto, quando o ve\u00edculo atropelou um cavalo que atravessava a pista.<\/p>\n<p>Ele foi socorrido e encaminhado para o Pronto Atendimento Municipal de Caratinga, mas morreu durante a cirurgia. O condutor da moto ficou gravemente ferido e est\u00e1 internado.<\/p>\n<p>A PRF afirma que o cavalo seria de um produtor rural, que mora pr\u00f3ximo ao local do acidente. Os policiais chegaram a procur\u00e1-lo, mas ele n\u00e3o foi encontrado. O corpo da v\u00edtima foi encaminhado para o Instituto M\u00e9dico Legal de Caratinga.<\/p>\n","protected":false},"excerpt":{"rendered":"<p>Homem \u00e9 executado com nove tiros em Te\u00f3filo Otoni Um homem de 35 anos foi assassinado a tiros no in\u00edcio da madrugada deste domingo, 26 de outubro, no bairro S\u00e3o Crist\u00f3v\u00e3o, em Te\u00f3filo Otoni, no Vale do Mucuri. De acordo com a Pol\u00edcia Militar, uma testemunha relatou que estava com a v\u00edtima Alzemar Coelho Fernandes [&hellip;]<\/p>\n","protected":false},"author":1,"featured_media":42404,"comment_status":"open","ping_status":"closed","sticky":false,"template":"","format":"standard","meta":{"amp_status":"","footnotes":""},"categories":[122],"tags":[20360,20356,1536,20350,13058,350,20359,237,20361,20346,20348,20349,20603,20354,20352,19571,20358,20355,20343,20344,20347,20351,20345,20366,20363,20364,20365,20362,20604,20353,3928,407,20602,164,1105,20357],"class_list":["post-43323","post","type-post","status-publish","format-standard","has-post-thumbnail","hentry","category-mucuri","tag-agenor-duarte-ferreira","tag-agenor-neto-costa-santos","tag-aguas-formosas","tag-alzemar-coelho-fernandes","tag-assalto-em-teofilo-otoni","tag-belo-oriente","tag-brenda-alves-pereira","tag-caratinga","tag-cidadao-tem-motocicleta-roubada-na-porta-de-casa-em-teofilo-otoni","tag-crianca-de-seis-anos-e-estuprada-em-caratinga","tag-estupro-em-caratinga","tag-homem-e-executado-com-nove-tiros-em-teofilo-otoni","tag-homem-e-morto-com-golpes-de-machado-em-belo-oriente","tag-homem-e-preso-com-arma-de-fogo-em-rio-do-prado","tag-homicidio-de-alzemar-coelho-fernandes","tag-homicidio-em-teofilo-otoni","tag-idoso-e-atropelado-em-distrito-de-aguas-formosas","tag-individuo-embriagado-atropela-crianca-de-cinco-anos-em-rubim","tag-individuos-assaltam-casal-no-grao-para-em-teofilo-otoni","tag-jovem-e-preso-por-trafico-de-drogas-e-porte-ilegal-de-arma-de-fogo-no-jardim-serra-verde-em-teofilo-otoni","tag-marcelo-gomes-da-silva","tag-morte-de-alzemar-coelho-fernandes-em-teofilo-otoni","tag-mulher-e-assaltada-no-bairro-sao-jose-em-timoteo","tag-ocorrencias-da-policia-militar-no-leste-de-minas","tag-ocorrencias-da-policia-militar-no-vale-do-jequitinhonha","tag-ocorrencias-da-policia-militar-no-vale-do-mucuri","tag-ocorrencias-da-policia-militar-no-vale-do-rio-doce","tag-ocorrencias-em-destaque-nos-vales-do-jequitinhonha-rio-doce-e-mucuri-26-de-outubro-de-2014","tag-rapaz-de-19-anos-morre-em-acidente-envolvendo-cavalo-na-mg-425","tag-renato-pereira-botelho","tag-rio-do-prado","tag-rubim","tag-taxista-fica-ferido-durante-tentativa-de-assalto-em-teofilo-otoni","tag-teofilo-otoni","tag-timoteo","tag-vilmar-pereira-dos-santos"],"_links":{"self":[{"href":"https:\/\/aconteceunovale.com.br\/portal\/index.php?rest_route=\/wp\/v2\/posts\/43323","targetHints":{"allow":["GET"]}}],"collection":[{"href":"https:\/\/aconteceunovale.com.br\/portal\/index.php?rest_route=\/wp\/v2\/posts"}],"about":[{"href":"https:\/\/aconteceunovale.com.br\/portal\/index.php?rest_route=\/wp\/v2\/types\/post"}],"author":[{"embeddable":true,"href":"https:\/\/aconteceunovale.com.br\/portal\/index.php?rest_route=\/wp\/v2\/users\/1"}],"replies":[{"embeddable":true,"href":"https:\/\/aconteceunovale.com.br\/portal\/index.php?rest_route=%2Fwp%2Fv2%2Fcomments&post=43323"}],"version-history":[{"count":0,"href":"https:\/\/aconteceunovale.com.br\/portal\/index.php?rest_route=\/wp\/v2\/posts\/43323\/revisions"}],"wp:featuredmedia":[{"embeddable":true,"href":"https:\/\/aconteceunovale.com.br\/portal\/index.php?rest_route=\/wp\/v2\/media\/42404"}],"wp:attachment":[{"href":"https:\/\/aconteceunovale.com.br\/portal\/index.php?rest_route=%2Fwp%2Fv2%2Fmedia&parent=43323"}],"wp:term":[{"taxonomy":"category","embeddable":true,"href":"https:\/\/aconteceunovale.com.br\/portal\/index.php?rest_route=%2Fwp%2Fv2%2Fcategories&post=43323"},{"taxonomy":"post_tag","embeddable":true,"href":"https:\/\/aconteceunovale.com.br\/portal\/index.php?rest_route=%2Fwp%2Fv2%2Ftags&post=43323"}],"curies":[{"name":"wp","href":"https:\/\/api.w.org\/{rel}","templated":true}]}}