{"id":43256,"date":"2014-10-25T10:46:36","date_gmt":"2014-10-25T13:46:36","guid":{"rendered":"http:\/\/aconteceunovale.com.br\/portal\/?p=43256"},"modified":"2014-10-25T10:46:36","modified_gmt":"2014-10-25T13:46:36","slug":"perdas-na-agricultura-podem-chegar-a-90-no-norte-de-minas-e-nos-vales-do-jequitinhonha-e-mucuri","status":"publish","type":"post","link":"https:\/\/aconteceunovale.com.br\/portal\/?p=43256","title":{"rendered":"Perdas na agricultura podem chegar a 90% no Norte de Minas e nos Vales do Jequitinhonha e Mucuri"},"content":{"rendered":"<h4><strong><em>Produ\u00e7\u00e3o no Norte de Minas, que j\u00e1 chegou a 400 mil toneladas de alimento, n\u00e3o vai passar de 40 mil<\/em><\/strong><\/h4>\n<p>Em Minas Gerais, 164 munic\u00edpios j\u00e1 decretaram situa\u00e7\u00e3o de emerg\u00eancia neste ano em fun\u00e7\u00e3o de seca ou estiagem, n\u00famero registrado at\u00e9 nesta sexta. Destes, 131 est\u00e3o nas regi\u00f5es Norte, Jequitinhonha e Mucuri. Das 89 cidades que formam o Norte do Estado, 86 est\u00e3o em emerg\u00eancia. Nas regi\u00f5es do Jequitinhonha e do Mucuri, que re\u00fanem 74 munic\u00edpios, est\u00e3o os 45 restantes.<\/p>\n<p>\u201cEstamos enfrentando a seca h\u00e1 tr\u00eas anos. As perdas em 2012 e 2013 j\u00e1 tinham sido de cerca de 70% na agricultura, mas, em 2014, a situa\u00e7\u00e3o piorou. Em 2010, eram 220 mil hectares produzindo at\u00e9 400 mil toneladas de alimentos como feij\u00e3o, milho, mandioca. A produ\u00e7\u00e3o n\u00e3o vai passar de 10% disso nesse ano\u201d, afirma o engenheiro agr\u00f4nomo e coordenador t\u00e9cnico da Empresa de Assist\u00eancia T\u00e9cnica e Extens\u00e3o Rural do Estado de Minas Gerais (Emater\/MG), Reinaldo Oliveira.<\/p>\n<p><img decoding=\"async\" src=\"http:\/\/aconteceunovale.com.br\/portal\/wp-content\/uploads\/2014\/10\/plantacao_de_milho_perdida.jpg\" alt=\"\" \/><em>Planta\u00e7\u00e3o de milho perdida com a seca \u00e9 usada para alimentar o gado &#8211; Foto: Reprodu\u00e7\u00e3o<\/em><br \/>\n<\/br><\/p>\n<p>Segundo o agr\u00f4nomo, a regi\u00e3o Norte produzia 600 mil litros de leite por dia h\u00e1 tr\u00eas anos, e isso caiu para 240 mil. \u201cSe calcular o litro do leite a R$ 1, \u00e9 um preju\u00edzo de R$ 360 mil por dia. O pior preju\u00edzo dessa situa\u00e7\u00e3o \u00e9 social. Os jovens da regi\u00e3o est\u00e3o indo embora\u201d, lamenta Oliveira.<\/p>\n<p>O secret\u00e1rio de Agropecu\u00e1ria, Meio Ambiente e Desenvolvimento Econ\u00f4mico de Malacacheta, Rodinei Aparecido Vieira Costa, descreve um cen\u00e1rio desolador na cidade do Vale do Mucuri. \u201cTemos produtores que percorrem 3 quil\u00f4metros para buscar \u00e1gua para o gado. Muitos fizeram financiamento para comprar essas cabe\u00e7as, que est\u00e3o emagrecendo. A produ\u00e7\u00e3o de leite caiu, no m\u00ednimo, 40% comparando-se ao ano passado\u201d, diz.<\/p>\n<p>Em Malacacheta, a Copasa e a Copanor, nos distritos, j\u00e1 est\u00e3o fazendo rod\u00edzio e distribuindo \u00e1gua em regi\u00f5es diferentes a cada dia. \u201cNossa preocupa\u00e7\u00e3o \u00e9 que estamos perfurando po\u00e7os, mas n\u00e3o est\u00e1 saindo \u00e1gua\u201d, declara o secret\u00e1rio.<\/p>\n<p>Setubinha \u00e9 outro exemplo da regi\u00e3o, onde a grande preocupa\u00e7\u00e3o \u00e9 com a \u00e1rea rural. \u201cJ\u00e1 tivemos perdas de R$ 1,34 milh\u00e3o na agricultura e pecu\u00e1ria\u201d, declara Walter Alves da Silva, secret\u00e1rio de Administra\u00e7\u00e3o.<\/p>\n<h4>Ajuda<\/h4>\n<p>Atualmente, toda a a\u00e7\u00e3o da Defesa Civil do Estado relacionada \u00e0 seca est\u00e1 dirigida para munic\u00edpios das regi\u00f5es Norte, Jequitinhonha e Mucuri. O \u00f3rg\u00e3o est\u00e1 abastecendo 35 munic\u00edpios das regi\u00f5es com caminh\u00f5es-pipa e o Ex\u00e9rcito atende outras 44 cidades. Tamb\u00e9m j\u00e1 foram distribu\u00eddas 23 mil cestas b\u00e1sicas. \u201cJ\u00e1 liberamos hoje (24) a compra de mais 10 mil cestas b\u00e1sicas e, se for necess\u00e1rio, poderemos adquirir mais 20 mil\u201d, declara o coordenador estadual da Defesa Civil e chefe do Gabinete Militar do governo, coronel Alex de Melo.<\/p>\n<p>Ele informa que a maioria desses caminh\u00f5es \u00e9 enviada para a zona rural dos munic\u00edpios, mas que, at\u00e9 o momento, nenhuma cidade do Estado \u00e9 abastecida exclusivamente pela \u00e1gua dos caminh\u00f5es-pipa.<\/p>\n<h4>Barragem<\/h4>\n<p>Segundo Reinaldo Oliveira, da Emater local, Montes Claros n\u00e3o est\u00e1 sofrendo com a falta de \u00e1gua em fun\u00e7\u00e3o da barragem de Juramento, constru\u00edda no ano passado pela Copasa.<\/p>\n<p><strong><em>(O Tempo)<\/em><\/strong><\/p>\n","protected":false},"excerpt":{"rendered":"<p>Produ\u00e7\u00e3o no Norte de Minas, que j\u00e1 chegou a 400 mil toneladas de alimento, n\u00e3o vai passar de 40 mil Em Minas Gerais, 164 munic\u00edpios j\u00e1 decretaram situa\u00e7\u00e3o de emerg\u00eancia neste ano em fun\u00e7\u00e3o de seca ou estiagem, n\u00famero registrado at\u00e9 nesta sexta. Destes, 131 est\u00e3o nas regi\u00f5es Norte, Jequitinhonha e Mucuri. Das 89 cidades [&hellip;]<\/p>\n","protected":false},"author":1,"featured_media":43257,"comment_status":"open","ping_status":"closed","sticky":false,"template":"","format":"standard","meta":{"amp_status":"","footnotes":""},"categories":[123],"tags":[20265,1018,734,1697,226,210,20268,20264,20266,168,20267],"class_list":["post-43256","post","type-post","status-publish","format-standard","has-post-thumbnail","hentry","category-gerais","tag-coordenador-tecnico-da-empresa-de-assistencia-tecnica-e-extensao-rural-do-estado-de-minas-gerai","tag-destaque","tag-emater","tag-juramento","tag-malacacheta","tag-montes-claros","tag-perdas-na-agricultura-podem-chegar-a-90-no-norte-de-minas-e-nos-vales-do-jequitinhonha-e-mucuri","tag-reinaldo-oliveira","tag-rodinei-aparecido-vieira-costa","tag-setubinha","tag-walter-alves-da-silva"],"_links":{"self":[{"href":"https:\/\/aconteceunovale.com.br\/portal\/index.php?rest_route=\/wp\/v2\/posts\/43256","targetHints":{"allow":["GET"]}}],"collection":[{"href":"https:\/\/aconteceunovale.com.br\/portal\/index.php?rest_route=\/wp\/v2\/posts"}],"about":[{"href":"https:\/\/aconteceunovale.com.br\/portal\/index.php?rest_route=\/wp\/v2\/types\/post"}],"author":[{"embeddable":true,"href":"https:\/\/aconteceunovale.com.br\/portal\/index.php?rest_route=\/wp\/v2\/users\/1"}],"replies":[{"embeddable":true,"href":"https:\/\/aconteceunovale.com.br\/portal\/index.php?rest_route=%2Fwp%2Fv2%2Fcomments&post=43256"}],"version-history":[{"count":0,"href":"https:\/\/aconteceunovale.com.br\/portal\/index.php?rest_route=\/wp\/v2\/posts\/43256\/revisions"}],"wp:featuredmedia":[{"embeddable":true,"href":"https:\/\/aconteceunovale.com.br\/portal\/index.php?rest_route=\/wp\/v2\/media\/43257"}],"wp:attachment":[{"href":"https:\/\/aconteceunovale.com.br\/portal\/index.php?rest_route=%2Fwp%2Fv2%2Fmedia&parent=43256"}],"wp:term":[{"taxonomy":"category","embeddable":true,"href":"https:\/\/aconteceunovale.com.br\/portal\/index.php?rest_route=%2Fwp%2Fv2%2Fcategories&post=43256"},{"taxonomy":"post_tag","embeddable":true,"href":"https:\/\/aconteceunovale.com.br\/portal\/index.php?rest_route=%2Fwp%2Fv2%2Ftags&post=43256"}],"curies":[{"name":"wp","href":"https:\/\/api.w.org\/{rel}","templated":true}]}}