{"id":43251,"date":"2014-10-25T09:12:45","date_gmt":"2014-10-25T12:12:45","guid":{"rendered":"http:\/\/aconteceunovale.com.br\/portal\/?p=43251"},"modified":"2014-10-25T09:12:45","modified_gmt":"2014-10-25T12:12:45","slug":"ministerio-publico-pede-prisao-de-envolvidos-em-venda-de-gabarito-do-enem","status":"publish","type":"post","link":"https:\/\/aconteceunovale.com.br\/portal\/?p=43251","title":{"rendered":"Minist\u00e9rio P\u00fablico pede pris\u00e3o de envolvidos em venda de gabarito do Enem"},"content":{"rendered":"<h4><strong><em>Com base em inqu\u00e9rito da Pol\u00edcia Civil de Minas, promotor quer que cinco suspeitos de fraudar acesso a universidades voltem para a cadeia. Entre eles est\u00e3o acusados de golpe contra o Enem<\/em><\/strong><\/h4>\n<p>Est\u00e1 nas m\u00e3os do Tribunal de Justi\u00e7a de Minas Gerais (TJMG) h\u00e1 oito dias um pedido que pode colocar na cadeia dois dos 17 acusados pela Pol\u00edcia Federal de fraude no Exame Nacional do Ensino M\u00e9dio (Enem) de 2013. A solicita\u00e7\u00e3o foi feita pelo Minist\u00e9rio P\u00fablico estadual, no curso de processo que corre no Judici\u00e1rio mineiro relativo a golpes em vestibulares de faculdades de medicina de Minas e do Rio de Janeiro. A a\u00e7\u00e3o penal teve origem em investiga\u00e7\u00e3o da Pol\u00edcia Civil de Caratinga, no Vale do Rio Doce, revelada em dezembro do ano passado. Jos\u00e9 Cl\u00e1udio de Oliveira, de 42 anos, e Quintino Ribeiro Neto, de 67, aparecem como envolvidos em ambos os casos. Apesar de o inqu\u00e9rito da PF estar praticamente pronto, a corpora\u00e7\u00e3o n\u00e3o informou qual ser\u00e1 a provid\u00eancia em rela\u00e7\u00e3o a cada um dos r\u00e9us envolvidos nos crimes contra o exame nacional, sendo 14 alunos que podem ter se beneficiado do esquema e tr\u00eas acusados de venda de gabaritos e fornecimento de respostas via celular e ponto eletr\u00f4nico. <\/p>\n<p><img decoding=\"async\" src=\"http:\/\/aconteceunovale.com.br\/portal\/wp-content\/uploads\/2014\/10\/fraude_enem_presos.jpg\" alt=\"\" \/><em>Em a\u00e7\u00e3o ocorrida em dezembro do ano passado, 20 pessoas foram acusadas de envolvimento com a quadrilha. Cinco chegaram a ser presas, mas foram libertadas e promotoria teme que voltem a atuar &#8211; Foto: Beto Novaes\/Estado de Minas<\/em><br \/>\n<\/br><\/p>\n<p>No caso das faculdades particulares mineiras e fluminenses, o inqu\u00e9rito policial conduzido pela Pol\u00edcia Civil de Minas j\u00e1 virou processo e o titular da a\u00e7\u00e3o penal \u00e9 o promotor de Justi\u00e7a Igor Augusto de Medeiros Provinciali, da 5\u00aa Promotoria de Caratinga. Dos 20 r\u00e9us envolvidos nesse tipo de golpe, cinco passaram seis meses presos, entre eles Jos\u00e9 Cl\u00e1udio e Quintino. Em maio, a Justi\u00e7a de Caratinga entendeu que os cinco deveriam ser soltos, o que motivou recurso do MP ao Tribunal de Justi\u00e7a, preocupado com novas investidas do bando. Devido \u00e0 tramita\u00e7\u00e3o jur\u00eddica, o pedido chegou ao TJ, em Belo Horizonte, apenas em 17 de outubro, quase cinco meses depois. \u201cRecorri da decis\u00e3o, para evitar que a rede dos acusados se reorganizasse e eles voltassem a fraudar provas\u201d, disse o promotor. As provas do Enem de 2014 devem ocorrer em duas semanas, em 8 e 9 de novembro. <\/p>\n<p>\u201cExiste a possibilidade de eles agirem de novo, porque s\u00e3o fatos cuja comprova\u00e7\u00e3o na Justi\u00e7a \u00e9 dif\u00edcil\u201d, afirma o promotor. Segundo Provinciali, os cinco r\u00e9us representam o cerne do grupo que agia nas institui\u00e7\u00f5es particulares. Com a ajuda de outros 15 integrantes do esquema, eles garantiam a entrada de futuros m\u00e9dicos no ensino superior privado de tr\u00eas formas fraudulentas, de acordo com o trabalho desenvolvido pela Pol\u00edcia Civil. O processo aguarda conclus\u00e3o de per\u00edcia em provas, como celulares e documentos. <\/p>\n<p>J\u00e1 para a Pol\u00edcia Federal, o grupo que comercializava os gabaritos do Enem era composto de apenas tr\u00eas pessoas: Jos\u00e9 Cl\u00e1udio de Oliveira, Quintino Ribeiro Neto e um terceiro integrante, cujo nome ainda n\u00e3o foi divulgado pelos federais. Os outros 14 indiciados pela fraude s\u00e3o alunos que podem estar matriculados em universidades p\u00fablicas, beneficiados pelo golpe. Ontem, a PF em Minas Gerais chegou a marcar uma entrevista coletiva para detalhar o caso, mas, por determina\u00e7\u00e3o superior, o evento foi cancelado. Em nota conjunta, a PF de Bras\u00edlia e o Instituto Nacional de Estudos e Pesquisas Educacionais An\u00edsio Teixeira (Inep), ligado ao Minist\u00e9rio da Educa\u00e7\u00e3o e respons\u00e1vel pelo Enem, afirmaram que a investiga\u00e7\u00e3o n\u00e3o terminou, o que impediria a divulga\u00e7\u00e3o do relat\u00f3rio neste momento. \u201cCom a conclus\u00e3o do inqu\u00e9rito, o Inep ser\u00e1 comunicado oficialmente sobre os candidatos que participaram de alguma fraude, momento em que os mesmos ser\u00e3o punidos com exclus\u00e3o dos cursos a que tiveram acesso, sem preju\u00edzo de outras penalidades\u201d, diz o texto.<\/p>\n<h4>\u2018INOCENTES\u2019 <\/h4>\n<p>O advogado Ant\u00f4nio Hermelindo Ribeiro Neto, que representa Quintino, afirmou que seu cliente nunca participou de nenhum esquema de venda de respostas do Enem ou de faculdades particulares. \u201cN\u00e3o h\u00e1 motivo para pedir a pris\u00e3o, pois ele n\u00e3o vai voltar a fazer uma coisa que nunca fez\u201d, afirmou o defensor. A reportagem tamb\u00e9m procurou o advogado Alexsandro Victor de Almeida, que representa Jos\u00e9 Cl\u00e1udio, mas ele n\u00e3o foi encontrado para comentar o pedido de pris\u00e3o do MP. Em entrevista ao EM na quinta-feira, ele afirmou que as grava\u00e7\u00f5es telef\u00f4nicas feitas pela pol\u00edcia, usadas para incriminar Cl\u00e1udio nos esquemas de comercializa\u00e7\u00e3o de gabaritos, n\u00e3o s\u00e3o suficientes para provar o envolvimento dele na fraude. Cl\u00e1udio foi flagrado em escutas telef\u00f4nicas ridicularizando a seguran\u00e7a nos locais de aplica\u00e7\u00e3o das provas do Enem.<\/p>\n<p><strong><em>(Fonte: Estado de Minas)<\/em><\/strong><\/p>\n","protected":false},"excerpt":{"rendered":"<p>Com base em inqu\u00e9rito da Pol\u00edcia Civil de Minas, promotor quer que cinco suspeitos de fraudar acesso a universidades voltem para a cadeia. Entre eles est\u00e3o acusados de golpe contra o Enem Est\u00e1 nas m\u00e3os do Tribunal de Justi\u00e7a de Minas Gerais (TJMG) h\u00e1 oito dias um pedido que pode colocar na cadeia dois dos [&hellip;]<\/p>\n","protected":false},"author":1,"featured_media":43252,"comment_status":"open","ping_status":"closed","sticky":false,"template":"","format":"standard","meta":{"amp_status":"","footnotes":""},"categories":[123],"tags":[237,524,402,20256,20114,20258,20254,20259,20255,20257],"class_list":["post-43251","post","type-post","status-publish","format-standard","has-post-thumbnail","hentry","category-gerais","tag-caratinga","tag-enem","tag-enem-2013","tag-fraude-no-enem","tag-fraude-no-enem-2013","tag-jose-claudio-de-oliveira","tag-ministerio-publico-pede-prisao-de-envolvidos-em-venda-de-gabarito-do-enem","tag-quintino-ribeiro-neto","tag-venda-de-gabarito-do-enem","tag-venda-de-gabaritos-do-enem"],"_links":{"self":[{"href":"https:\/\/aconteceunovale.com.br\/portal\/index.php?rest_route=\/wp\/v2\/posts\/43251","targetHints":{"allow":["GET"]}}],"collection":[{"href":"https:\/\/aconteceunovale.com.br\/portal\/index.php?rest_route=\/wp\/v2\/posts"}],"about":[{"href":"https:\/\/aconteceunovale.com.br\/portal\/index.php?rest_route=\/wp\/v2\/types\/post"}],"author":[{"embeddable":true,"href":"https:\/\/aconteceunovale.com.br\/portal\/index.php?rest_route=\/wp\/v2\/users\/1"}],"replies":[{"embeddable":true,"href":"https:\/\/aconteceunovale.com.br\/portal\/index.php?rest_route=%2Fwp%2Fv2%2Fcomments&post=43251"}],"version-history":[{"count":0,"href":"https:\/\/aconteceunovale.com.br\/portal\/index.php?rest_route=\/wp\/v2\/posts\/43251\/revisions"}],"wp:featuredmedia":[{"embeddable":true,"href":"https:\/\/aconteceunovale.com.br\/portal\/index.php?rest_route=\/wp\/v2\/media\/43252"}],"wp:attachment":[{"href":"https:\/\/aconteceunovale.com.br\/portal\/index.php?rest_route=%2Fwp%2Fv2%2Fmedia&parent=43251"}],"wp:term":[{"taxonomy":"category","embeddable":true,"href":"https:\/\/aconteceunovale.com.br\/portal\/index.php?rest_route=%2Fwp%2Fv2%2Fcategories&post=43251"},{"taxonomy":"post_tag","embeddable":true,"href":"https:\/\/aconteceunovale.com.br\/portal\/index.php?rest_route=%2Fwp%2Fv2%2Ftags&post=43251"}],"curies":[{"name":"wp","href":"https:\/\/api.w.org\/{rel}","templated":true}]}}