{"id":43246,"date":"2014-10-24T23:20:03","date_gmt":"2014-10-25T02:20:03","guid":{"rendered":"http:\/\/aconteceunovale.com.br\/portal\/?p=43246"},"modified":"2014-10-25T08:50:41","modified_gmt":"2014-10-25T11:50:41","slug":"criticas-a-gestao-de-fhc-e-corrupcao-marcam-ultimo-debate-dos-candidatos-a-presidente-do-brasil","status":"publish","type":"post","link":"https:\/\/aconteceunovale.com.br\/portal\/?p=43246","title":{"rendered":"Cr\u00edticas \u00e0 gest\u00e3o de FHC e corrup\u00e7\u00e3o marcam \u00faltimo debate dos candidatos a presidente do Brasil"},"content":{"rendered":"<p>No debate derradeiro entre os candidatos \u00e0 Presid\u00eancia da Rep\u00fablica, promovido nesta sexta-feira (24) pela TV Globo, Dilma Rousseff (PT) procurou fazer cr\u00edticas \u00e0 gest\u00e3o de Fernando Henrique Cardoso (1995-2002) para desgastar A\u00e9cio Neves (PSDB), que escolheu a corrup\u00e7\u00e3o para tentar atingir a advers\u00e1ria. A dois dias do segundo turno das elei\u00e7\u00f5es, o embate entre os presidenci\u00e1veis foi morno, em compara\u00e7\u00e3o a outros confrontos.<\/p>\n<p><strong><a href=\"http:\/\/aconteceunovale.com.br\/portal\/?p=43191\" target=\"_blank\">Qual candidato foi o vencedor do debate realizado na TV do Globo? Qual a sua opini\u00e3o?<\/a><\/strong><\/p>\n<p>Reportagem da revista &#8220;Veja&#8221;, segundo a qual o doleiro Alberto Youssef teria declarado, em dela\u00e7\u00e3o premiada, que a presidente e o antecessor Luiz In\u00e1cio Lula da Silva sabiam do esquema de desvios na Petrobras, apareceu apenas no primeiro bloco, ap\u00f3s pergunta de A\u00e9cio. A falta de \u00e1gua em S\u00e3o Paulo, Estado governado pelo tucano Geraldo Alckmin, tamb\u00e9m foi mencionada apenas uma vez, provocada por Dilma. Em grava\u00e7\u00e3o divulgada hoje, Dilma Pena, presidente da Sabesp, diz que houve &#8220;orienta\u00e7\u00e3o superior&#8221; para n\u00e3o alertar a popula\u00e7\u00e3o sobre a falta de \u00e1gua.<\/p>\n<h4>&#8216;Petrol\u00e3o&#8217; e cr\u00edticas \u00e0 gest\u00e3o FHC<\/h4>\n<p>O tucano abriu o debate com uma pergunta a Dilma a respeito das den\u00fancias da Veja. &#8220;&#8221;A senhora sabia?&#8221;. Na resposta, Dilma afirmou que a &#8220;Veja&#8221; faz &#8220;oposi\u00e7\u00e3o sistem\u00e1tica&#8221; a ela e ao PT e fez &#8220;cal\u00fania e difama\u00e7\u00e3o&#8221; com a reportagem publicada esta semana. &#8220;E o senhor endossa na sua pergunta (\u2026) A revista Veja n\u00e3o apresenta uma prova&#8221;, disse a petista, que afirmou que a publica\u00e7\u00e3o tenta dar um &#8220;golpe eleitoral&#8221;.<\/p>\n<p>&#8220;E isso n\u00e3o \u00e9 a primeira vez que ela fez: fez em 2002, em 2006, em 2010 e 2014, mas o povo n\u00e3o \u00e9 bobo (\u2026) O povo brasileiro vai mostrar a sua indigna\u00e7\u00e3o no domingo, votando e derrotado essa proposta que o senhor representa.&#8221;<\/p>\n<p>Na r\u00e9plica, A\u00e9cio disse que Dilma deveria se explicar, e n\u00e3o desqualificar a revista. &#8220;N\u00e3o acreedito que acusa\u00e7\u00e3o a revista seja a melhor resposta. A dela\u00e7\u00e3o premiada s\u00f3 traz ao r\u00e9u benef\u00edcio se tiver prova.&#8221;<\/p>\n<p>No decorrer do bloco, Dilma mirou a gest\u00e3o FHC, que, segundo ela,  &#8220;deixou nas costas do povo as crises ocorridas nos oito anos de mandato, com arrocho salarial e desemprego&#8221;. Em resposta, A\u00e9cio disse que, desde o Plano Real (1994), Dilma ser\u00e1 a primeira presidente que terminar\u00e1 o mandato com a infla\u00e7\u00e3o maior do que recebeu.<\/p>\n<p>&#8220;Eu acho que o senhor est\u00e1 mal informado, porque quem deixou o pa\u00eds com uma infla\u00e7\u00e3o maior do que recebeu foi o governo tucano, do Fernando Henrique&#8221;, respondeu a petista.<\/p>\n<p>&#8220;O seu governo afugentou os investimentos e a infla\u00e7\u00e3o infelizmente est\u00e1 de volta&#8221;, afirmou o tucano. &#8220;A situa\u00e7\u00e3o do Brasil \u00e9 extremamente grave, candidata, e \u00e9 preciso que seu governo reconhe\u00e7a isso, porque os mercados, outros pa\u00edses, os brasileiros, j\u00e1 reconhecem.&#8221;<\/p>\n<h4>Candidatos falam a indecisos<\/h4>\n<p>No segundo bloco, Dilma e A\u00e9cio responderam perguntas de eleitores que se declararam indecisos. Eles foram selecionados pela Globo e acompanharam o debate no est\u00fadio. Os temas abordados por eles foram a alta dos alugu\u00e9is, educa\u00e7\u00e3o, corrup\u00e7\u00e3o e previd\u00eancia. Em fun\u00e7\u00e3o do formato do bloco, houve poucos ataques entre os concorrentes.<\/p>\n<p>O principal confronto ocorreu quando uma eleitora de Vespasiano (Grande Belo Horizonte) questionou os candidatos sobre o combate a corrup\u00e7\u00e3o. A petista afirmou que a &#8220;lei \u00e9 branda&#8221;, listou medidas que ela prop\u00f5e para enduerecer a puni\u00e7\u00e3o a corruptos e disse que, em seu governo, a &#8220;Pol\u00edcia Federal investiga&#8221;.<\/p>\n<p>A\u00e9cio retrucou, dizendo que a maior medida contra corrup\u00e7\u00e3o dele \u00e9 &#8220;tirar o PT do governo&#8221;. Na resposta ao advers\u00e1rio, Dilma disse que A\u00e9cio representa um governo [Fernando Henrique Cardoso] cuja &#8220;pr\u00e1tica era engavetar todas as investiga\u00e7\u00f5es.&#8221;<\/p>\n<p>Os dois candidatos tamb\u00e9m trocaram farpas quando uma eleitora de Curitiba perguntou sobre os planos dos concorrentes para a quest\u00e3o previdenci\u00e1ria. A\u00e9cio prometeu acabar com o fator previdenci\u00e1rio, medida que achata e posterga as aposentadorias. Dilma retrucou, dizendo que o fator foi criado na gest\u00e3o FHC. Na resposta, o tucano disse que o ex-presidente Luiz In\u00e1cio Lula da Silva vetou o fim do fator previdenci\u00e1rio.<\/p>\n<h4>Falta de \u00e1gua e mensal\u00e3o<\/h4>\n<p>A falta de \u00e1gua em S\u00e3o Paulo e a corrup\u00e7\u00e3o foram os temas que dominaram o terceiro bloco. Dilma questionou A\u00e9cio sobre a falta de \u00e1gua em S\u00e3o Paulo. &#8220;Quem n\u00e3o planeja, candidato, n\u00e3o consegue enfrentar os desafios que ocorreram, principalmente em um governo.&#8221;<\/p>\n<p>A\u00e9cio repassou a responsabilidade para o governo federal. &#8220;Certamente que houve [falta de planejamento], candidata, e segundo o TCU (Tribunal de Contas da Uni\u00e3o), do seu governo. N\u00e3o \u00e9 apenas em S\u00e3o Paulo, n\u00f3s estamos tendo em toda regi\u00e3o Sudeste a aus\u00eancia de \u00e1gua e a senhora sabe muito bem, n\u00f3s tivemos a maior crise h\u00eddrica dos \u00faltimos 80 anos. Falta de chuva. O governo de SP, diferente do governo federal, buscou fazer o que estava a suas m\u00e3os.&#8221;<\/p>\n<p>Dilma respondeu que a responsabilidade sobre a \u00e1gua \u00e9 do Estado. &#8220;N\u00f3s somos parceiros do projeto do S\u00e3o Louren\u00e7o, que \u00e9 o \u00fanico que o governo do Estado apresentou. N\u00f3s demos o dinheiro para fazer o projeto. E estamos financiando R$ 1,8 bilh\u00e3o&#8221;. Em um momento de descontra\u00e7\u00e3o, a presidente citou o humorista e colunista da &#8220;Folha de S.Paulo&#8221;, Jos\u00e9 Sim\u00e3o. &#8220;Eu vou concordar com o humorista Jos\u00e9 Sim\u00e3o. Voc\u00eas est\u00e3o levando o Estado para ter um programa &#8216;Meu Banho Minha Vida&#8217;, \u00e9 isso que voc\u00eas conseguiram&#8221;, disse.<\/p>\n<p>O esc\u00e2ndalo do mensal\u00e3o foi lembrado por A\u00e9cio, que perguntou a Dilma se o ex-chefe da Casa Civil do primeiro governo de Lula (2003-2006), Jos\u00e9 Dirceu, foi punido adequadamente ou &#8220;\u00e9 tamb\u00e9m um her\u00f3i nacional?&#8221;.<\/p>\n<p>Na sua resposta, Dilma lembrou do mensal\u00e3o do PSDB, ocorrido em 1998 em Minas Gerais, at\u00e9 hoje n\u00e3o foi julgado. &#8220;O senhor Eduardo Azeredo pediu ren\u00fancia do seu cargo para o processo voltar para a primeira inst\u00e2ncia. H\u00e1 uma diferen\u00e7a expressiva. Houve o julgamento do mensal\u00e3o ligado ao meu partido. Ah, \u00e9 necess\u00e1rio dizer que eles est\u00e3o e foram condenados e foram para a cadeia. No entanto, o mensal\u00e3o do seu partido, n\u00e3o teve nem condenados, nem punidos.&#8221;<\/p>\n<h4>Seguran\u00e7a p\u00fablica<\/h4>\n<p>A seguran\u00e7a p\u00fablica foi o tema predominante no quarto e \u00faltimo bloco do debate. Um eleitor indeciso perguntou a Dilma sobre o tr\u00e1fico de drogas e perguntou qual a proposta para que ela melhorasse essa realidade.<\/p>\n<p>Dilma afirmou que foram aplicados mais de R$ 17 bilh\u00f5es no combate \u00e0s drogas, ao crime organizado e ao tr\u00e1fico de armas. Ela citou os centros de Comando e Controle criados na Copa do Mundo e disse que a experi\u00eancia pode ser replicada em um eventual segundo governo. A\u00e9cio rebateu e afirmou que a advers\u00e1ria n\u00e3o executa os fundos aprovados pelo Congresso Nacional para a \u00e1rea.<\/p>\n<p><em><strong>(UOL Elei\u00e7\u00f5es)<\/strong><\/em><\/p>\n","protected":false},"excerpt":{"rendered":"<p>No debate derradeiro entre os candidatos \u00e0 Presid\u00eancia da Rep\u00fablica, promovido nesta sexta-feira (24) pela TV Globo, Dilma Rousseff (PT) procurou fazer cr\u00edticas \u00e0 gest\u00e3o de Fernando Henrique Cardoso (1995-2002) para desgastar A\u00e9cio Neves (PSDB), que escolheu a corrup\u00e7\u00e3o para tentar atingir a advers\u00e1ria. A dois dias do segundo turno das elei\u00e7\u00f5es, o embate entre [&hellip;]<\/p>\n","protected":false},"author":1,"featured_media":43242,"comment_status":"open","ping_status":"closed","sticky":false,"template":"","format":"standard","meta":{"amp_status":"","footnotes":""},"categories":[6],"tags":[2728,19480,20251,2162,18881,18882,7882,758],"class_list":["post-43246","post","type-post","status-publish","format-standard","has-post-thumbnail","hentry","category-br","tag-aecio-neves","tag-corrupcao","tag-criticas-a-gestao-de-fhc-e-corrupcao-marcam-ultimo-debate-dos-candidatos-a-presidente-do-brasil","tag-dilma-rousseff","tag-fernando-henrique-cardoso","tag-fhc","tag-psdb","tag-pt"],"_links":{"self":[{"href":"https:\/\/aconteceunovale.com.br\/portal\/index.php?rest_route=\/wp\/v2\/posts\/43246","targetHints":{"allow":["GET"]}}],"collection":[{"href":"https:\/\/aconteceunovale.com.br\/portal\/index.php?rest_route=\/wp\/v2\/posts"}],"about":[{"href":"https:\/\/aconteceunovale.com.br\/portal\/index.php?rest_route=\/wp\/v2\/types\/post"}],"author":[{"embeddable":true,"href":"https:\/\/aconteceunovale.com.br\/portal\/index.php?rest_route=\/wp\/v2\/users\/1"}],"replies":[{"embeddable":true,"href":"https:\/\/aconteceunovale.com.br\/portal\/index.php?rest_route=%2Fwp%2Fv2%2Fcomments&post=43246"}],"version-history":[{"count":0,"href":"https:\/\/aconteceunovale.com.br\/portal\/index.php?rest_route=\/wp\/v2\/posts\/43246\/revisions"}],"wp:featuredmedia":[{"embeddable":true,"href":"https:\/\/aconteceunovale.com.br\/portal\/index.php?rest_route=\/wp\/v2\/media\/43242"}],"wp:attachment":[{"href":"https:\/\/aconteceunovale.com.br\/portal\/index.php?rest_route=%2Fwp%2Fv2%2Fmedia&parent=43246"}],"wp:term":[{"taxonomy":"category","embeddable":true,"href":"https:\/\/aconteceunovale.com.br\/portal\/index.php?rest_route=%2Fwp%2Fv2%2Fcategories&post=43246"},{"taxonomy":"post_tag","embeddable":true,"href":"https:\/\/aconteceunovale.com.br\/portal\/index.php?rest_route=%2Fwp%2Fv2%2Ftags&post=43246"}],"curies":[{"name":"wp","href":"https:\/\/api.w.org\/{rel}","templated":true}]}}