{"id":43241,"date":"2014-10-24T23:18:39","date_gmt":"2014-10-25T02:18:39","guid":{"rendered":"http:\/\/aconteceunovale.com.br\/portal\/?p=43241"},"modified":"2014-10-25T08:51:31","modified_gmt":"2014-10-25T11:51:31","slug":"dilma-diz-que-aecio-vai-criar-o-meu-banho-minha-vida","status":"publish","type":"post","link":"https:\/\/aconteceunovale.com.br\/portal\/?p=43241","title":{"rendered":"Dilma diz que A\u00e9cio vai criar o \u201cMeu Banho, Minha Vida\u201d"},"content":{"rendered":"<h4><strong><em>Candidata petista afirma que crise h\u00eddrica em S\u00e3o Paulo foi causada por falta de planejamento do governador Geraldo Alckmin (PSDB)<\/em><\/strong><\/h4>\n<p>A candidata do PT \u00e0 presid\u00eancia, Dilma Rousseff, afirmou que A\u00e9cio Neves (PSDB) ir\u00e1 criar ao lado do governador de S\u00e3o Paulo, Geraldo Alckmin, o \u201cMeu Banho, Minha Vida\u201d. A petista afirmou que a crise h\u00eddrica pela qual passa o Estado \u00e9 causada pela \u201cfalta de planejamento\u201d dos tucanos.<\/p>\n<p><strong><a href=\"http:\/\/aconteceunovale.com.br\/portal\/?p=43191\" target=\"_blank\">Qual candidato foi o vencedor do debate realizado na TV do Globo? Qual a sua opini\u00e3o?<\/a><\/strong><\/p>\n<p>\u201cVou concordar com o humorista Jos\u00e9 Sim\u00e3o. Voc\u00ea vai levar para o Estado o programa Meu Banho, Minha Vida\u201d, afirmou a petista. \u201cO fato \u00e9 que a \u00e1gua \u00e9 responsabilidade do Estado. Somos parceiros como no caso de S\u00e3o Louren\u00e7o. N\u00e3o planejar no Estado mais rico do Brasil \u00e9 uma vergonha\u201d.<\/p>\n<p>A\u00e9cio, por sua vez, afirmou que a culpa pela crise \u00e9 de Dilma. \u201cO seu governo n\u00e3o acionou os \u00f3rg\u00e3os na regi\u00e3o Sudeste. N\u00e3o \u00e9 s\u00f3 S\u00e3o Paulo que passa pelo problema. O Alckmin prop\u00f4s um b\u00f4nus e acabou reeleito pela popula\u00e7\u00e3o. A aus\u00eancia de planejamento \u00e9 uma vergonha no seu governo no Brasil\u201d. <strong><em>(BAND)<\/em><\/strong><\/p>\n","protected":false},"excerpt":{"rendered":"<p>Candidata petista afirma que crise h\u00eddrica em S\u00e3o Paulo foi causada por falta de planejamento do governador Geraldo Alckmin (PSDB) A candidata do PT \u00e0 presid\u00eancia, Dilma Rousseff, afirmou que A\u00e9cio Neves (PSDB) ir\u00e1 criar ao lado do governador de S\u00e3o Paulo, Geraldo Alckmin, o \u201cMeu Banho, Minha Vida\u201d. A petista afirmou que a crise [&hellip;]<\/p>\n","protected":false},"author":1,"featured_media":43242,"comment_status":"open","ping_status":"closed","sticky":false,"template":"","format":"standard","meta":{"amp_status":"","footnotes":""},"categories":[6],"tags":[2728,20248,2162,20250,20249,7882,758],"class_list":["post-43241","post","type-post","status-publish","format-standard","has-post-thumbnail","hentry","category-br","tag-aecio-neves","tag-dilma-diz-que-aecio-vai-criar-o-meu-banho-minha-vida","tag-dilma-rousseff","tag-humorista-jose-simao","tag-meu-banho-minha-vida","tag-psdb","tag-pt"],"_links":{"self":[{"href":"https:\/\/aconteceunovale.com.br\/portal\/index.php?rest_route=\/wp\/v2\/posts\/43241","targetHints":{"allow":["GET"]}}],"collection":[{"href":"https:\/\/aconteceunovale.com.br\/portal\/index.php?rest_route=\/wp\/v2\/posts"}],"about":[{"href":"https:\/\/aconteceunovale.com.br\/portal\/index.php?rest_route=\/wp\/v2\/types\/post"}],"author":[{"embeddable":true,"href":"https:\/\/aconteceunovale.com.br\/portal\/index.php?rest_route=\/wp\/v2\/users\/1"}],"replies":[{"embeddable":true,"href":"https:\/\/aconteceunovale.com.br\/portal\/index.php?rest_route=%2Fwp%2Fv2%2Fcomments&post=43241"}],"version-history":[{"count":0,"href":"https:\/\/aconteceunovale.com.br\/portal\/index.php?rest_route=\/wp\/v2\/posts\/43241\/revisions"}],"wp:featuredmedia":[{"embeddable":true,"href":"https:\/\/aconteceunovale.com.br\/portal\/index.php?rest_route=\/wp\/v2\/media\/43242"}],"wp:attachment":[{"href":"https:\/\/aconteceunovale.com.br\/portal\/index.php?rest_route=%2Fwp%2Fv2%2Fmedia&parent=43241"}],"wp:term":[{"taxonomy":"category","embeddable":true,"href":"https:\/\/aconteceunovale.com.br\/portal\/index.php?rest_route=%2Fwp%2Fv2%2Fcategories&post=43241"},{"taxonomy":"post_tag","embeddable":true,"href":"https:\/\/aconteceunovale.com.br\/portal\/index.php?rest_route=%2Fwp%2Fv2%2Ftags&post=43241"}],"curies":[{"name":"wp","href":"https:\/\/api.w.org\/{rel}","templated":true}]}}