{"id":43191,"date":"2014-10-24T23:22:57","date_gmt":"2014-10-25T02:22:57","guid":{"rendered":"http:\/\/aconteceunovale.com.br\/portal\/?p=43191"},"modified":"2014-10-25T08:23:15","modified_gmt":"2014-10-25T11:23:15","slug":"em-sua-opiniao-quem-se-saiu-melhor-no-debate-da-globo","status":"publish","type":"post","link":"https:\/\/aconteceunovale.com.br\/portal\/?p=43191","title":{"rendered":"Qual candidato foi o vencedor do debate realizado na TV Globo? Qual a sua opini\u00e3o?"},"content":{"rendered":"<h4><em><strong>\u00daltimo debate aconteceu na noite de sexta-feira (24). Quem foi o vencedor?<\/strong><\/em><\/h4>\n<p>No quarto e \u00faltimo debate televisivo do segundo turno, realizado na noite desta sexta-feira, 24 de outubro, pela TV Globo, qual candidato saiu-se melhor? (os resultados das enquetes n\u00e3o t\u00eam valor de amostragem cient\u00edfica).<\/p>\n<p><script type=\"text\/javascript\" charset=\"utf-8\" src=\"http:\/\/static.polldaddy.com\/p\/8399366.js\"><\/script><br \/>\n<noscript><a href=\"http:\/\/polldaddy.com\/poll\/8399366\/\">Em sua opini\u00e3o, quem se saiu melhor no debate da Globo?<\/a><\/noscript><br \/>\n<\/br><\/p>\n<p><strong>Not\u00edcias relacionadas:<\/strong><\/p>\n<p><a href=\"http:\/\/aconteceunovale.com.br\/portal\/?p=43246\" target=\"_blank\">&#8211; Cr\u00edticas \u00e0 gest\u00e3o de FHC e corrup\u00e7\u00e3o marcam \u00faltimo debate dos candidatos a presidente do Brasil <\/a><\/p>\n<p><a href=\"http:\/\/aconteceunovale.com.br\/portal\/?p=43241\" target=\"_blank\">&#8211; Dilma diz que A\u00e9cio vai criar o \u201cMeu Banho, Minha Vida\u201d<\/a><\/p>\n<p><a href=\"http:\/\/aconteceunovale.com.br\/portal\/?p=43236\" target=\"_blank\">&#8211; Terceiro bloco tem cita\u00e7\u00e3o de humorista e debate sobre crise h\u00eddrica<\/a><\/p>\n<p><a href=\"http:\/\/aconteceunovale.com.br\/portal\/?p=43228\" target=\"_blank\">&#8211; Eleitores indecisos fazem perguntas e debate fica morno<\/a><\/p>\n<p><a href=\"http:\/\/aconteceunovale.com.br\/portal\/?p=43194 #DebateNaGlobo\" target=\"_blank\">&#8211; A\u00e9cio cita reportagem da Veja e Dilma compara seu governo a FHC, no 1\u00ba bloco do debate na Globo<\/a><\/p>\n","protected":false},"excerpt":{"rendered":"<p>\u00daltimo debate aconteceu na noite de sexta-feira (24). Quem foi o vencedor? No quarto e \u00faltimo debate televisivo do segundo turno, realizado na noite desta sexta-feira, 24 de outubro, pela TV Globo, qual candidato saiu-se melhor? (os resultados das enquetes n\u00e3o t\u00eam valor de amostragem cient\u00edfica). Em sua opini\u00e3o, quem se saiu melhor no debate [&hellip;]<\/p>\n","protected":false},"author":1,"featured_media":42559,"comment_status":"open","ping_status":"closed","sticky":false,"template":"","format":"standard","meta":{"amp_status":"","footnotes":""},"categories":[6],"tags":[20209,2728,19562,20210,20211,20212,18824,18823,20213,1018,2162,20208,20214,19563,19561,20215,20216,20217,20218,7882,758,20253,20219,20234,20233,20252,20220,20221,20222,20223,20224,20225,20226,20227,20228,20229,20230,20231,20232],"class_list":["post-43191","post","type-post","status-publish","format-standard","has-post-thumbnail","hentry","category-br","tag-debatenaglobo","tag-aecio-neves","tag-avaliar-debate","tag-avaliar-debate-da-globo","tag-debate-da-globo","tag-debate-da-tv-globo","tag-debate-entre-aecio-e-dilma","tag-debate-entre-dilma-e-aecio","tag-debate-na-globo","tag-destaque","tag-dilma-rousseff","tag-em-sua-opiniao-quem-se-saiu-melhor-no-debate-da-globo","tag-enquete-debate-na-globo","tag-enquete-entre-aecio-e-dilma","tag-enquete-para-avaliar-debate","tag-frases-que-marcaram-o-debate-da-globo","tag-frases-que-marcaram-o-debate-na-globo","tag-ganhador-do-debate-da-globo","tag-ganhador-do-debate-na-globo","tag-psdb","tag-pt","tag-qual-a-sua-opiniao-sobre-o-debate-na-tv-globo","tag-qual-candidato-foi-melhor-no-debate-da-globo","tag-qual-candidato-foi-o-vencedor-do-debate-realizado-na-tv-do-globo","tag-qual-candidato-foi-o-vencedor-do-debate-realizado-na-tv-do-globo-qual-a-sua-opiniao","tag-qual-candidato-foi-o-vencedor-do-debate-realizado-na-tv-globo","tag-qual-candidato-se-saiu-melhor-no-debate-da-globo","tag-quem-saiu-vitorioso-no-debate-da-globo","tag-quem-se-saiu-melhor-no-debate-da-globo","tag-resultado-do-debate-da-globo","tag-resultado-do-debate-na-globo","tag-temas-que-marcaram-o-debate-da-globo","tag-temas-que-marcaram-o-debate-na-globo","tag-vencedor-do-debate-da-globo","tag-vencedor-do-debate-na-globo","tag-vencedor-do-debate-na-tv-globo","tag-vitoria-no-debate-da-globo","tag-vitorioso-no-debate-da-globo","tag-votar-no-vencedor-do-debate-na-globo"],"_links":{"self":[{"href":"https:\/\/aconteceunovale.com.br\/portal\/index.php?rest_route=\/wp\/v2\/posts\/43191","targetHints":{"allow":["GET"]}}],"collection":[{"href":"https:\/\/aconteceunovale.com.br\/portal\/index.php?rest_route=\/wp\/v2\/posts"}],"about":[{"href":"https:\/\/aconteceunovale.com.br\/portal\/index.php?rest_route=\/wp\/v2\/types\/post"}],"author":[{"embeddable":true,"href":"https:\/\/aconteceunovale.com.br\/portal\/index.php?rest_route=\/wp\/v2\/users\/1"}],"replies":[{"embeddable":true,"href":"https:\/\/aconteceunovale.com.br\/portal\/index.php?rest_route=%2Fwp%2Fv2%2Fcomments&post=43191"}],"version-history":[{"count":0,"href":"https:\/\/aconteceunovale.com.br\/portal\/index.php?rest_route=\/wp\/v2\/posts\/43191\/revisions"}],"wp:featuredmedia":[{"embeddable":true,"href":"https:\/\/aconteceunovale.com.br\/portal\/index.php?rest_route=\/wp\/v2\/media\/42559"}],"wp:attachment":[{"href":"https:\/\/aconteceunovale.com.br\/portal\/index.php?rest_route=%2Fwp%2Fv2%2Fmedia&parent=43191"}],"wp:term":[{"taxonomy":"category","embeddable":true,"href":"https:\/\/aconteceunovale.com.br\/portal\/index.php?rest_route=%2Fwp%2Fv2%2Fcategories&post=43191"},{"taxonomy":"post_tag","embeddable":true,"href":"https:\/\/aconteceunovale.com.br\/portal\/index.php?rest_route=%2Fwp%2Fv2%2Ftags&post=43191"}],"curies":[{"name":"wp","href":"https:\/\/api.w.org\/{rel}","templated":true}]}}