{"id":43173,"date":"2014-10-24T20:19:40","date_gmt":"2014-10-24T23:19:40","guid":{"rendered":"http:\/\/aconteceunovale.com.br\/portal\/?p=43173"},"modified":"2014-10-24T20:19:52","modified_gmt":"2014-10-24T23:19:52","slug":"servico-odontologico-sera-oferecido-gratuitamente-em-montes-claros","status":"publish","type":"post","link":"https:\/\/aconteceunovale.com.br\/portal\/?p=43173","title":{"rendered":"Servi\u00e7o odontol\u00f3gico ser\u00e1 oferecido gratuitamente em Montes Claros"},"content":{"rendered":"<h4><strong><em>A\u00e7\u00e3o ser\u00e1 realizada neste s\u00e1bado (25) no Shopping Popular M\u00e1rio Ribeiro. Diagn\u00f3sticos de les\u00f5es e outros servi\u00e7os ser\u00e3o prestados no local.<\/em><\/strong><\/h4>\n<p>Em comemora\u00e7\u00e3o ao Dia Nacional da Sa\u00fade Bucal (Dia do Dentista), a Prefeitura de Montes Claros realiza nesta s\u00e1bado (25), no Shopping Popular M\u00e1rio Ribeiro, atendimento gratuito odontol\u00f3gico.<\/p>\n<p>A a\u00e7\u00e3o come\u00e7ar\u00e1 a partir das 8h at\u00e9 12h na entrada do shopping. Diagn\u00f3sticos de les\u00f5es bucais, encaminhamentos para o Centro de Especialidades Odontol\u00f3gicas e informa\u00e7\u00f5es sobre sa\u00fade bucal ser\u00e3o prestadas na ocasi\u00e3o.<\/p>\n<p><img decoding=\"async\" src=\"http:\/\/aconteceunovale.com.br\/portal\/wp-content\/uploads\/2014\/10\/dia_do_dentista_moc.jpg\" alt=\"\" \/><em>Evento ser\u00e1 realizado no Shopping Popular (Foto: F\u00e1bio Mar\u00e7al)<\/em><\/p>\n","protected":false},"excerpt":{"rendered":"<p>A\u00e7\u00e3o ser\u00e1 realizada neste s\u00e1bado (25) no Shopping Popular M\u00e1rio Ribeiro. Diagn\u00f3sticos de les\u00f5es e outros servi\u00e7os ser\u00e3o prestados no local. Em comemora\u00e7\u00e3o ao Dia Nacional da Sa\u00fade Bucal (Dia do Dentista), a Prefeitura de Montes Claros realiza nesta s\u00e1bado (25), no Shopping Popular M\u00e1rio Ribeiro, atendimento gratuito odontol\u00f3gico. A a\u00e7\u00e3o come\u00e7ar\u00e1 a partir das [&hellip;]<\/p>\n","protected":false},"author":1,"featured_media":43174,"comment_status":"open","ping_status":"closed","sticky":false,"template":"","format":"standard","meta":{"amp_status":"","footnotes":""},"categories":[1236],"tags":[20199,20200,20198,210,20197],"class_list":["post-43173","post","type-post","status-publish","format-standard","has-post-thumbnail","hentry","category-norte_de_minas","tag-dia-do-dentista","tag-dia-do-dentista-em-montes-claros","tag-dia-nacional-da-saude-bucal","tag-montes-claros","tag-servico-odontologico-sera-oferecido-gratuitamente-em-montes-claros"],"_links":{"self":[{"href":"https:\/\/aconteceunovale.com.br\/portal\/index.php?rest_route=\/wp\/v2\/posts\/43173","targetHints":{"allow":["GET"]}}],"collection":[{"href":"https:\/\/aconteceunovale.com.br\/portal\/index.php?rest_route=\/wp\/v2\/posts"}],"about":[{"href":"https:\/\/aconteceunovale.com.br\/portal\/index.php?rest_route=\/wp\/v2\/types\/post"}],"author":[{"embeddable":true,"href":"https:\/\/aconteceunovale.com.br\/portal\/index.php?rest_route=\/wp\/v2\/users\/1"}],"replies":[{"embeddable":true,"href":"https:\/\/aconteceunovale.com.br\/portal\/index.php?rest_route=%2Fwp%2Fv2%2Fcomments&post=43173"}],"version-history":[{"count":0,"href":"https:\/\/aconteceunovale.com.br\/portal\/index.php?rest_route=\/wp\/v2\/posts\/43173\/revisions"}],"wp:featuredmedia":[{"embeddable":true,"href":"https:\/\/aconteceunovale.com.br\/portal\/index.php?rest_route=\/wp\/v2\/media\/43174"}],"wp:attachment":[{"href":"https:\/\/aconteceunovale.com.br\/portal\/index.php?rest_route=%2Fwp%2Fv2%2Fmedia&parent=43173"}],"wp:term":[{"taxonomy":"category","embeddable":true,"href":"https:\/\/aconteceunovale.com.br\/portal\/index.php?rest_route=%2Fwp%2Fv2%2Fcategories&post=43173"},{"taxonomy":"post_tag","embeddable":true,"href":"https:\/\/aconteceunovale.com.br\/portal\/index.php?rest_route=%2Fwp%2Fv2%2Ftags&post=43173"}],"curies":[{"name":"wp","href":"https:\/\/api.w.org\/{rel}","templated":true}]}}