{"id":43100,"date":"2014-10-24T11:28:26","date_gmt":"2014-10-24T14:28:26","guid":{"rendered":"http:\/\/aconteceunovale.com.br\/portal\/?p=43100"},"modified":"2014-10-24T11:29:21","modified_gmt":"2014-10-24T14:29:21","slug":"luiz-do-cafe-jequitinhonha-e-o-empresario-destaque-de-capelinha-em-2014","status":"publish","type":"post","link":"https:\/\/aconteceunovale.com.br\/portal\/?p=43100","title":{"rendered":"Luiz do Caf\u00e9 Jequitinhonha \u00e9 o empres\u00e1rio destaque de Capelinha em 2014"},"content":{"rendered":"<p><em><\/p>\n<h4><strong>Ao todo 13 empres\u00e1rios capelinhenses foram homenageados<\/strong><\/h4>\n<p><\/em><\/p>\n<p>A Associa\u00e7\u00e3o Comercial, Industrial e Agropecu\u00e1ria de Capelinha (ACIAC), divulgou na noite de quinta-feira, 23 de outubro, no Clube Florae, o resultado da elei\u00e7\u00e3o para empres\u00e1rios destaques de 2014. No evento, tamb\u00e9m foi realizada a posse de dois novos diretores da entidade: Zezinho da Passo Certo e Paulo Sadi da Fazenda Jacutinga.<\/p>\n<p>Entre os 13 agraciados, o empres\u00e1rio Luiz Carlos Moreira Barbosa, do Caf\u00e9 Jequitinhonha foi eleito como empres\u00e1rio destaque. Ele ir\u00e1 receber a homenagem especial da FEDERAMINAS, no dia 07 de novembro em Arax\u00e1, onde estar\u00e3o presentes todos os empres\u00e1rios eleitos em cidades mineiras pelas suas respectivas Associa\u00e7\u00f5es Comerciais.<\/p>\n<p><img decoding=\"async\" src=\"http:\/\/aconteceunovale.com.br\/portal\/wp-content\/uploads\/2014\/10\/empresario_destaque_cap_1.jpg\" alt=\"\" \/><em>Luiz do Caf\u00e9 Jequitinhonha recebe o pr\u00eamio do presidente da Aciac, Maur\u00edcio Teixeira &#8211; Foto: Aldair Gomes<\/em><br \/>\n<\/br><\/p>\n<p>Para encerrar o evento a ACIAC, ofereceu aos participantes a Palestra Show com a Pe\u00e7a Teatral Stand-up Empresarial com o ator Gustavo Becker.<br \/>\n<\/br><\/p>\n<h4><strong>Empres\u00e1rios homenageados<\/strong><\/h4>\n<p>Foram homenageados 13 Empres\u00e1rios capelinhenses:<\/p>\n<p>&#8211; Luiz Carlos Moreira Barbosa- Caf\u00e9 Jequitinhonha (1\u00ba lugar)<br \/>\n&#8211; Dr. Fabr\u00edcio Tadeu &#8211; Clinica Med Center (2\u00ba lugar)<br \/>\n&#8211; Sidnelson Oliveira &#8211; GB Construtora (3\u00ba lugar)<br \/>\n&#8211; Jos\u00e9 Amaro &#8211; Casa Carvalho<br \/>\n&#8211; Jos\u00e9 Eliseu &#8211; Real L\u00edder<br \/>\n&#8211; Lafaiete Ferreira &#8211; Ret\u00edfica Aran\u00e3s<br \/>\n&#8211; L\u00e9o Aparecido &#8211; Cellmax Tim<br \/>\n&#8211; Luciene Rodrigues &#8211; Lokavip<br \/>\n&#8211; Ildeu e Ivan Caldeira &#8211; Caf\u00e9 Gema de Minas<br \/>\n&#8211; Marco Antonio &#8211; Viveiro Santa Isabel<br \/>\n&#8211; Paulo Maciel &#8211; CBI Empreendimentos<br \/>\n&#8211; Zuleica Farneze &#8211; Paolla Store<\/p>\n<p><img decoding=\"async\" src=\"http:\/\/aconteceunovale.com.br\/portal\/wp-content\/uploads\/2014\/10\/empresario_destaque_cap_2.jpg\" alt=\"\" \/><em>Luiz Carlos Moreira Barbosa &#8211; Foto: Aldair Gomes<\/em><br \/>\n<\/br><\/p>\n<p><strong><em>(Fonte: Aran\u00e3s FM)<\/em><\/strong><\/p>\n","protected":false},"excerpt":{"rendered":"<p>Ao todo 13 empres\u00e1rios capelinhenses foram homenageados A Associa\u00e7\u00e3o Comercial, Industrial e Agropecu\u00e1ria de Capelinha (ACIAC), divulgou na noite de quinta-feira, 23 de outubro, no Clube Florae, o resultado da elei\u00e7\u00e3o para empres\u00e1rios destaques de 2014. No evento, tamb\u00e9m foi realizada a posse de dois novos diretores da entidade: Zezinho da Passo Certo e Paulo [&hellip;]<\/p>\n","protected":false},"author":1,"featured_media":43101,"comment_status":"open","ping_status":"closed","sticky":false,"template":"","format":"standard","meta":{"amp_status":"","footnotes":""},"categories":[120],"tags":[3416,1018,20126,20127,20125,20124],"class_list":["post-43100","post","type-post","status-publish","format-standard","has-post-thumbnail","hentry","category-jequi","tag-cafe-jequitinhonha","tag-destaque","tag-empresario-destaque-de-2014-da-aciac","tag-gustavo-becker","tag-luiz-carlos-moreira-barbosa","tag-luiz-do-cafe-jequitinhonha-e-o-empresario-destaque-de-capelinha-em-2014"],"_links":{"self":[{"href":"https:\/\/aconteceunovale.com.br\/portal\/index.php?rest_route=\/wp\/v2\/posts\/43100","targetHints":{"allow":["GET"]}}],"collection":[{"href":"https:\/\/aconteceunovale.com.br\/portal\/index.php?rest_route=\/wp\/v2\/posts"}],"about":[{"href":"https:\/\/aconteceunovale.com.br\/portal\/index.php?rest_route=\/wp\/v2\/types\/post"}],"author":[{"embeddable":true,"href":"https:\/\/aconteceunovale.com.br\/portal\/index.php?rest_route=\/wp\/v2\/users\/1"}],"replies":[{"embeddable":true,"href":"https:\/\/aconteceunovale.com.br\/portal\/index.php?rest_route=%2Fwp%2Fv2%2Fcomments&post=43100"}],"version-history":[{"count":0,"href":"https:\/\/aconteceunovale.com.br\/portal\/index.php?rest_route=\/wp\/v2\/posts\/43100\/revisions"}],"wp:featuredmedia":[{"embeddable":true,"href":"https:\/\/aconteceunovale.com.br\/portal\/index.php?rest_route=\/wp\/v2\/media\/43101"}],"wp:attachment":[{"href":"https:\/\/aconteceunovale.com.br\/portal\/index.php?rest_route=%2Fwp%2Fv2%2Fmedia&parent=43100"}],"wp:term":[{"taxonomy":"category","embeddable":true,"href":"https:\/\/aconteceunovale.com.br\/portal\/index.php?rest_route=%2Fwp%2Fv2%2Fcategories&post=43100"},{"taxonomy":"post_tag","embeddable":true,"href":"https:\/\/aconteceunovale.com.br\/portal\/index.php?rest_route=%2Fwp%2Fv2%2Ftags&post=43100"}],"curies":[{"name":"wp","href":"https:\/\/api.w.org\/{rel}","templated":true}]}}