{"id":43085,"date":"2014-10-24T10:30:44","date_gmt":"2014-10-24T13:30:44","guid":{"rendered":"http:\/\/aconteceunovale.com.br\/portal\/?p=43085"},"modified":"2014-10-24T10:30:44","modified_gmt":"2014-10-24T13:30:44","slug":"cemig-comunica-desligamento-para-obras-na-rede-eletrica-de-capelinha-3","status":"publish","type":"post","link":"https:\/\/aconteceunovale.com.br\/portal\/?p=43085","title":{"rendered":"Cemig comunica desligamento para obras na rede el\u00e9trica de Capelinha"},"content":{"rendered":"<p>A Companhia Energ\u00e9tica de Minas Gerais \u2013 Cemig informa que na pr\u00f3xima segunda-feira (27\/10), realizar\u00e1 obras de reforma e refor\u00e7o, na Rede de Distribui\u00e7\u00e3o Urbana de Capelinha.<\/p>\n<p>Com a remo\u00e7\u00e3o 03 postes e substitui\u00e7\u00e3o de 05 v\u00e3os de  baixa tens\u00e3o de rede convencional por rede isolada, essa obra tornar\u00e1 a rede mais segura, garantindo uma maior confiabilidade do fornecimento de energia para a popula\u00e7\u00e3o, a ind\u00fastria e o com\u00e9rcio local, melhorando tamb\u00e9m a intera\u00e7\u00e3o com a arboriza\u00e7\u00e3o urbana.<\/p>\n<p>Para executar esse servi\u00e7o com seguran\u00e7a, ser\u00e1 necess\u00e1rio interromper o fornecimento de energia de 10h \u00e0s 15h nos seguintes endere\u00e7os:<\/p>\n<p>&#8211; Rua Ad\u00e3o C Oliveira, Entre n\u00fameros 16 e 700<br \/>\n&#8211; Rua Vicente Pereira Da Silva, Entre n\u00fameros 10 e 143<br \/>\n&#8211; Rua Matildes Evaristo Souza, Entre n\u00fameros 4 e 15<br \/>\n&#8211; Rua Maria Dos Anjos Barbosa L, Entre n\u00fameros 20 e 469<br \/>\n&#8211; Rua Jo\u00e3o Ant\u00f4nio Moreira Lopes, N\u00famero 40<br \/>\n&#8211; Rua Jos\u00e9 Martins Viana, Entre n\u00fameros 11 e 150<br \/>\n&#8211; Rua Jo\u00e3o Campos, N\u00famero 14<br \/>\n&#8211; Rua Ant\u00f4nio Natinha, Entre n\u00fameros 1 e 62<br \/>\n&#8211; Rua Ub\u00e1, Entre n\u00fameros 293 e 555<br \/>\n&#8211; Rua Carlos Prates, Entre n\u00fameros 634 e 959<br \/>\n&#8211; Rua Timbiras, Entre n\u00fameros 53 e 470<br \/>\n&#8211; Rua Paraguai, Entre n\u00fameros 62 e 208<br \/>\n&#8211; Rua Z\u00e9 Do Buteco, Entre n\u00fameros 15 e 255<br \/>\n&#8211; Rua Princesa Izabel, Entre n\u00fameros 14 e 259<br \/>\n&#8211; Rua Renovata Alves Da Silva, Entre n\u00fameros 11 e 81<br \/>\n&#8211; Rua Jo\u00e3o Moreira dos Santos, Entre n\u00fameros 19 e 25<br \/>\n&#8211; Rua Manoel Coelho de Souza, Entre n\u00fameros 100 e 375, Vila Oper\u00e1ria<br \/>\n&#8211; Rua S\u00e3o Jos\u00e9, Entre n\u00fameros 15 e 165<br \/>\n&#8211; Rua Colatina, Entre n\u00fameros 5 e 402<br \/>\n&#8211; Rua Jo\u00e3o Alfredo, Entre n\u00fameros 28 e 595<br \/>\n&#8211; Rua Manoel de Souza, N\u00famero 282<br \/>\n&#8211; Rua Herculano Pimenta, Entre n\u00fameros 12 e 160<br \/>\n&#8211; Rua Paraguai, Entre n\u00fameros 35 e 209<br \/>\n&#8211; Rua Teodomiro Barbosa, Entre n\u00fameros 17 e 405<br \/>\n&#8211; Rua Epaminondas Otoni, Entre n\u00fameros 6 e 205<br \/>\n&#8211; Rua Camilo Ferreira, Entre n\u00fameros 38 e 305<br \/>\n&#8211; Rua Nono Pimenta, Entre n\u00fameros 13 e 333, Centro<br \/>\n&#8211; Rua Jo\u00e3o Campos, Entre n\u00fameros 15 e 151<br \/>\n&#8211; Rua Jos\u00e9 Alves Martins, Entre n\u00fameros 182 e 245<br \/>\n&#8211; Rua Jos\u00e9 Mario Cordeiro, Entre n\u00fameros 7 e 63<br \/>\n&#8211; Rua Maria Pereira Campos, Entre n\u00fameros 29 e 121<br \/>\n&#8211; Rua Geraldo R de Carvalho, Entre n\u00fameros 7 E 160<br \/>\n&#8211; Rua S\u00e9rgio Gomes de Andrade, Entre n\u00fameros 50 e 140, \u00c1gua Santa<br \/>\n&#8211; Rua Jo\u00e3o Alfredo, N\u00famero 230<br \/>\n&#8211; Rua Geraldo C de Oliveira, Entre n\u00fameros 6 e 128, Burac\u00e3o<\/p>\n<p>Durante esse per\u00edodo, caso precise executar algum servi\u00e7o na instala\u00e7\u00e3o el\u00e9trica interna, o consumidor dever\u00e1 desligar antes a chave geral (disjuntor) para sua seguran\u00e7a.<\/p>\n<p>Esclarecemos que, em fun\u00e7\u00e3o da complexidade dos servi\u00e7os a serem executados, poder\u00e1 ocorrer atraso no hor\u00e1rio previsto ou cancelamento deste desligamento sem aviso pr\u00e9vio. Por medida de seguran\u00e7a, todos os equipamentos devem ser considerados energizados durante o per\u00edodo mencionado. Caso os servi\u00e7os de melhoria sejam conclu\u00eddos antes do hor\u00e1rio indicado, o fornecimento de energia el\u00e9trica ser\u00e1 restabelecido.<\/p>\n","protected":false},"excerpt":{"rendered":"<p>A Companhia Energ\u00e9tica de Minas Gerais \u2013 Cemig informa que na pr\u00f3xima segunda-feira (27\/10), realizar\u00e1 obras de reforma e refor\u00e7o, na Rede de Distribui\u00e7\u00e3o Urbana de Capelinha. Com a remo\u00e7\u00e3o 03 postes e substitui\u00e7\u00e3o de 05 v\u00e3os de baixa tens\u00e3o de rede convencional por rede isolada, essa obra tornar\u00e1 a rede mais segura, garantindo uma [&hellip;]<\/p>\n","protected":false},"author":1,"featured_media":24001,"comment_status":"open","ping_status":"closed","sticky":false,"template":"","format":"standard","meta":{"amp_status":"","footnotes":""},"categories":[120],"tags":[132,13307],"class_list":["post-43085","post","type-post","status-publish","format-standard","has-post-thumbnail","hentry","category-jequi","tag-capelinha","tag-cemig-comunica-desligamento-para-obras-na-rede-eletrica-de-capelinha"],"_links":{"self":[{"href":"https:\/\/aconteceunovale.com.br\/portal\/index.php?rest_route=\/wp\/v2\/posts\/43085","targetHints":{"allow":["GET"]}}],"collection":[{"href":"https:\/\/aconteceunovale.com.br\/portal\/index.php?rest_route=\/wp\/v2\/posts"}],"about":[{"href":"https:\/\/aconteceunovale.com.br\/portal\/index.php?rest_route=\/wp\/v2\/types\/post"}],"author":[{"embeddable":true,"href":"https:\/\/aconteceunovale.com.br\/portal\/index.php?rest_route=\/wp\/v2\/users\/1"}],"replies":[{"embeddable":true,"href":"https:\/\/aconteceunovale.com.br\/portal\/index.php?rest_route=%2Fwp%2Fv2%2Fcomments&post=43085"}],"version-history":[{"count":0,"href":"https:\/\/aconteceunovale.com.br\/portal\/index.php?rest_route=\/wp\/v2\/posts\/43085\/revisions"}],"wp:featuredmedia":[{"embeddable":true,"href":"https:\/\/aconteceunovale.com.br\/portal\/index.php?rest_route=\/wp\/v2\/media\/24001"}],"wp:attachment":[{"href":"https:\/\/aconteceunovale.com.br\/portal\/index.php?rest_route=%2Fwp%2Fv2%2Fmedia&parent=43085"}],"wp:term":[{"taxonomy":"category","embeddable":true,"href":"https:\/\/aconteceunovale.com.br\/portal\/index.php?rest_route=%2Fwp%2Fv2%2Fcategories&post=43085"},{"taxonomy":"post_tag","embeddable":true,"href":"https:\/\/aconteceunovale.com.br\/portal\/index.php?rest_route=%2Fwp%2Fv2%2Ftags&post=43085"}],"curies":[{"name":"wp","href":"https:\/\/api.w.org\/{rel}","templated":true}]}}