{"id":43069,"date":"2014-10-24T10:02:09","date_gmt":"2014-10-24T13:02:09","guid":{"rendered":"http:\/\/aconteceunovale.com.br\/portal\/?p=43069"},"modified":"2014-10-24T13:30:00","modified_gmt":"2014-10-24T16:30:00","slug":"hospital-de-medina-fecha-as-portas-por-falta-de-pagamento","status":"publish","type":"post","link":"https:\/\/aconteceunovale.com.br\/portal\/?p=43069","title":{"rendered":"Hospital de Medina fecha as portas por falta de pagamento"},"content":{"rendered":"<h4><em><strong>Hospital foi fechado devido \u00e0 falta de pagamento dos m\u00e9dicos. Popula\u00e7\u00e3o est\u00e1 revoltada com a situa\u00e7\u00e3o.<\/strong><\/em><\/h4>\n<p>A popula\u00e7\u00e3o de Medina, cidade do baixo Jequitinhonha, com mais de 20 mil habitantes est\u00e1 desamparada na \u00e1rea da sa\u00fade. O \u00fanico hospital da cidade, o Santa Rita, divulgou um comunicado nesta quinta-feira, 23 de outubro, informando a interrup\u00e7\u00e3o das atividades devido \u00e0 falta de pagamento dos m\u00e9dicos.<\/p>\n<p>No informativo, a dire\u00e7\u00e3o informa aos medinenses que a unidade de sa\u00fade est\u00e1 sendo fechada devido \u00e0 falta de m\u00e9dico para atendimento. Ainda segundo a dire\u00e7\u00e3o, a Prefeitura Municipal n\u00e3o repassou os R$ 40 mil reais do m\u00eas de agosto. O dinheiro \u00e9 mandado pelo estado, via prefeitura, todo m\u00eas para pagamento dos m\u00e9dicos plantonistas.<\/p>\n<p><img decoding=\"async\" src=\"http:\/\/aconteceunovale.com.br\/portal\/wp-content\/uploads\/2014\/10\/hospital_medina_11.jpg\" alt=\"\" \/><em>Faixa informa a popula\u00e7\u00e3o sobre a interrup\u00e7\u00e3o das atividades &#8211; Foto: Reprodu\u00e7\u00e3o\/Facebook<\/em><br \/>\n<\/br><\/p>\n<p>A situa\u00e7\u00e3o est\u00e1 deixando a popula\u00e7\u00e3o revoltada. De acordo com uma moradora que preferiu n\u00e3o se identificar, com receio a repres\u00e1lias de pol\u00edticos do munic\u00edpio, a situa\u00e7\u00e3o \u00e9 cr\u00edtica, pessoas doentes s\u00e3o obrigadas a viajarem cerca de 40 quil\u00f4metros at\u00e9 Itaobim, para receberem atendimento m\u00e9dico. <em>&#8220;\u00c9 uma vergonha, cad\u00ea nossos pol\u00edticos? Que encheram nossa cidade para pedirem votos no per\u00edodo de campanha? Estamos sem m\u00e9dicos, pois o munic\u00edpio n\u00e3o repassou o dinheiro para pagar os mesmos. Eu acho muito correta a atitude dos m\u00e9dicos, afinal se eles trabalham, merecem receber. \u00c9 uma vergonha para nossos representantes deixarem a situa\u00e7\u00e3o chegar a esse ponto.&#8221;<\/em>, disse a cidad\u00e3.<\/p>\n<p>Ela ainda disse que o hospital s\u00f3 est\u00e1 atendendo casos de urg\u00eancias, como pessoas feridas em acidentes ou v\u00edtimas de tentativa de homic\u00eddios. Em outros casos, o doente \u00e9 orientado a procurar o hospital mais pr\u00f3ximo.<\/p>\n<p>Um outro morador utilizou uma rede social para desabafar. <em>&#8220;\u00c9 vergonhoso chegar a esta situa\u00e7\u00e3o, nosso \u00fanico hospital, politicagem que pode levar a morte. \u00c9 uma irresponsabilidade, a verba vem direto da Secretaria de Sa\u00fade do estado, s\u00f3 \u00e9 necess\u00e1rio repassar, mas ao inv\u00e9s disso, o dinheiro fica retido. N\u00e3o se importam com quantas pessoas podem morrer.&#8221;<\/em>, desabafou o morador.<\/p>\n<h4>Problema antigo<\/h4>\n<p>O problema financeiro do hospital \u00e9 antigo, tivemos acesso \u00e0 uma p\u00e1gina da unidade de sa\u00fade em uma rede social, e desde 2013, a dire\u00e7\u00e3o realiza rifas, eventos e recebe doa\u00e7\u00f5es da popula\u00e7\u00e3o, como alimentos e roupas de cama.<\/p>\n<p><img decoding=\"async\" src=\"http:\/\/aconteceunovale.com.br\/portal\/wp-content\/uploads\/2014\/10\/hospital_medina_1.jpg\" alt=\"\" \/><em>No dia 5 de agosto de 2013, foi divulgado os ganhadores de uma rifa beneficente &#8211; Foto: Divulga\u00e7\u00e3o<\/em><br \/>\n<\/br><\/p>\n<p><img decoding=\"async\" src=\"http:\/\/aconteceunovale.com.br\/portal\/wp-content\/uploads\/2014\/10\/hospital_medina_2.jpg\" alt=\"\" \/><em>No dia 7 de setembro de 2013, foi realizado um evento com renda destinada ao hospital &#8211; Foto: Divulga\u00e7\u00e3o<\/em><br \/>\n<\/br><\/p>\n<p><img decoding=\"async\" src=\"http:\/\/aconteceunovale.com.br\/portal\/wp-content\/uploads\/2014\/10\/hospital_medina_3.jpg\" alt=\"\" \/><em>Doa\u00e7\u00f5es de material de limpeza entregue no dia 19 de outubro de 2013 &#8211; Foto: Divulga\u00e7\u00e3o<\/em><br \/>\n<\/br><\/p>\n<p><img decoding=\"async\" src=\"http:\/\/aconteceunovale.com.br\/portal\/wp-content\/uploads\/2014\/10\/hospital_medina_4.jpg\" alt=\"\" \/><em>Feijoada beneficente realizada no dia 22 de agosto de 2013 &#8211; Foto: Divulga\u00e7\u00e3o<\/em><br \/>\n<\/br><\/p>\n<p><img decoding=\"async\" src=\"http:\/\/aconteceunovale.com.br\/portal\/wp-content\/uploads\/2014\/10\/hospital_medina_5.jpg\" alt=\"\" \/><em>Doa\u00e7\u00f5es de alimentos entregues no dia 17 de setembro de 2013 &#8211; Foto: Divulga\u00e7\u00e3o<\/em><br \/>\n<\/br><\/p>\n<p><img decoding=\"async\" src=\"http:\/\/aconteceunovale.com.br\/portal\/wp-content\/uploads\/2014\/10\/hospital_medina_6.jpg\" alt=\"\" \/><em>Doa\u00e7\u00f5es de alimentos entregues no dia 28 de outubro de 2013 &#8211; Foto: Divulga\u00e7\u00e3o<\/em><br \/>\n<\/br><\/p>\n<p><img decoding=\"async\" src=\"http:\/\/aconteceunovale.com.br\/portal\/wp-content\/uploads\/2014\/10\/hospital_medina_7.jpg\" alt=\"\" \/><em>Exemplo de uma campanha solid\u00e1ria realizada pela popula\u00e7\u00e3o &#8211; Foto: Divulga\u00e7\u00e3o<\/em><br \/>\n<\/br><\/p>\n<p><img decoding=\"async\" src=\"http:\/\/aconteceunovale.com.br\/portal\/wp-content\/uploads\/2014\/10\/hospital_medina_8.jpg\" alt=\"\" \/><em>Doa\u00e7\u00f5es entregues por uma escola estadual no dia 20 de agosto de 2014 &#8211; Foto: Divulga\u00e7\u00e3o<\/em><br \/>\n<\/br><\/p>\n<p><img decoding=\"async\" src=\"http:\/\/aconteceunovale.com.br\/portal\/wp-content\/uploads\/2014\/10\/hospital_medina_9.jpg\" alt=\"\" \/><em>Resultado de mais uma rifa realizada pelo hospital &#8211; Foto: Divulga\u00e7\u00e3o<\/em><br \/>\n<\/br><\/p>\n<p><img decoding=\"async\" src=\"http:\/\/aconteceunovale.com.br\/portal\/wp-content\/uploads\/2014\/10\/hospital_medina_10.jpg\" alt=\"\" \/><em>Doa\u00e7\u00f5es de len\u00e7\u00f3is e camisolas entregues por uma igreja no dia 7 de outubro de 2014 &#8211; Foto: Divulga\u00e7\u00e3o<\/em><br \/>\n<\/br><\/p>\n<h4>O que diz a prefeitura?<\/h4>\n<p>Durante toda esta manh\u00e3 tentamos falar com o secret\u00e1rio de sa\u00fade e com o prefeito da cidade, Robson Meleipe Machado, mas n\u00e3o obtivemos \u00eaxito. Prezando pelo esclarecimento dos fatos e imparcialidade, estamos \u00e0 disposi\u00e7\u00e3o das autoridades citadas, caso queiram explicar sobre a transfer\u00eancia de recursos ao Hospital Santa Rita de Medina. Nosso e-mail: contato@aconteceunovale.com.br<\/p>\n","protected":false},"excerpt":{"rendered":"<p>Hospital foi fechado devido \u00e0 falta de pagamento dos m\u00e9dicos. Popula\u00e7\u00e3o est\u00e1 revoltada com a situa\u00e7\u00e3o. A popula\u00e7\u00e3o de Medina, cidade do baixo Jequitinhonha, com mais de 20 mil habitantes est\u00e1 desamparada na \u00e1rea da sa\u00fade. O \u00fanico hospital da cidade, o Santa Rita, divulgou um comunicado nesta quinta-feira, 23 de outubro, informando a interrup\u00e7\u00e3o [&hellip;]<\/p>\n","protected":false},"author":1,"featured_media":43080,"comment_status":"open","ping_status":"closed","sticky":false,"template":"","format":"standard","meta":{"amp_status":"","footnotes":""},"categories":[120],"tags":[1018,20109,20111,20110,389],"class_list":["post-43069","post","type-post","status-publish","format-standard","has-post-thumbnail","hentry","category-jequi","tag-destaque","tag-hospital-de-medina-fecha-as-portas-por-falta-de-pagamento","tag-hospital-santa-rita-de-medina","tag-hospital-santa-rita-de-medina-fecha-as-portas","tag-medina"],"_links":{"self":[{"href":"https:\/\/aconteceunovale.com.br\/portal\/index.php?rest_route=\/wp\/v2\/posts\/43069","targetHints":{"allow":["GET"]}}],"collection":[{"href":"https:\/\/aconteceunovale.com.br\/portal\/index.php?rest_route=\/wp\/v2\/posts"}],"about":[{"href":"https:\/\/aconteceunovale.com.br\/portal\/index.php?rest_route=\/wp\/v2\/types\/post"}],"author":[{"embeddable":true,"href":"https:\/\/aconteceunovale.com.br\/portal\/index.php?rest_route=\/wp\/v2\/users\/1"}],"replies":[{"embeddable":true,"href":"https:\/\/aconteceunovale.com.br\/portal\/index.php?rest_route=%2Fwp%2Fv2%2Fcomments&post=43069"}],"version-history":[{"count":0,"href":"https:\/\/aconteceunovale.com.br\/portal\/index.php?rest_route=\/wp\/v2\/posts\/43069\/revisions"}],"wp:featuredmedia":[{"embeddable":true,"href":"https:\/\/aconteceunovale.com.br\/portal\/index.php?rest_route=\/wp\/v2\/media\/43080"}],"wp:attachment":[{"href":"https:\/\/aconteceunovale.com.br\/portal\/index.php?rest_route=%2Fwp%2Fv2%2Fmedia&parent=43069"}],"wp:term":[{"taxonomy":"category","embeddable":true,"href":"https:\/\/aconteceunovale.com.br\/portal\/index.php?rest_route=%2Fwp%2Fv2%2Fcategories&post=43069"},{"taxonomy":"post_tag","embeddable":true,"href":"https:\/\/aconteceunovale.com.br\/portal\/index.php?rest_route=%2Fwp%2Fv2%2Ftags&post=43069"}],"curies":[{"name":"wp","href":"https:\/\/api.w.org\/{rel}","templated":true}]}}