{"id":43062,"date":"2014-10-23T21:22:13","date_gmt":"2014-10-24T00:22:13","guid":{"rendered":"http:\/\/aconteceunovale.com.br\/portal\/?p=43062"},"modified":"2014-10-23T21:22:13","modified_gmt":"2014-10-24T00:22:13","slug":"as-aguas-das-represas-volume-morto-alexandre-sylvio-vieira-da-costa","status":"publish","type":"post","link":"https:\/\/aconteceunovale.com.br\/portal\/?p=43062","title":{"rendered":"AS \u00c1GUAS DAS REPRESAS (VOLUME MORTO) &#8211; Alexandre Sylvio Vieira da Costa"},"content":{"rendered":"<p>Uma grande discuss\u00e3o entre a ag\u00eancia reguladora dos recursos h\u00eddricos nacional, a ANA e o Governo do Estado de S\u00e3o Paulo teve in\u00edcio h\u00e1 algumas semanas atr\u00e1s por conta do uso do segundo volume morto. Vamos analisar a situa\u00e7\u00e3o. <\/p>\n<p>Muitas das represas para abastecimento de \u00e1gua da popula\u00e7\u00e3o Brasileira existem h\u00e1 d\u00e9cadas, ou seja, foram concebidas h\u00e1 muito tempo. Nestas represas, as \u00e1guas apresentam uma reduzida movimenta\u00e7\u00e3o diferentemente das \u00e1guas nos rios. Esta redu\u00e7\u00e3o do movimento da \u00e1gua nas represas, permite que v\u00e1rias part\u00edculas presentes nestas \u00e1guas sofram o processo de decanta\u00e7\u00e3o, ou seja, se depositam lentamente no fundo destes lagos e represas formando uma esp\u00e9cie de lodo. Considerando que os rios que abastecem as represas apresentam ao longo de seu percurso diversas cidades que descartam lixo e esgoto nas suas \u00e1guas, podemos afirmar que estes reservat\u00f3rios recebem parte desta carga de polui\u00e7\u00e3o, que por decanta\u00e7\u00e3o se acumulam no fundo do seu leito. Este material acumulado \u00e9 rico em mat\u00e9ria org\u00e2nica e nutrientes minerais que estimulam a atividade de microrganismos no interior das represas. Como estamos falando da parte mais profunda, onde a quantidade de oxig\u00eanio \u00e9 quase inexistente, tem-se inicio a atividade de um grupo seleto de microrganismos que n\u00e3o precisam de oxig\u00eanio para respirar, os chamados anaer\u00f3bicos. Estes indiv\u00edduos consomem lentamente este lodo que est\u00e1 no fundo das represas. Quanto mais quieto este lodo estiver mais lentamente ser\u00e1 a a\u00e7\u00e3o destes seres microsc\u00f3picos. Mas, se voc\u00ea mexer neste lodo, os problemas come\u00e7am. Estes microrganismos acelerar\u00e3o as suas atividades de consumo deste lodo e o que eles geram ao final disto n\u00e3o \u00e9 nada agrad\u00e1vel. S\u00e3o gerados muitos gases, principalmente g\u00e1s metano, g\u00e1s sulf\u00eddrico que \u00e9 identificado pelo cheiro de esgoto ou de ovo podre, o g\u00e1s am\u00f4nio que tamb\u00e9m \u00e9 t\u00f3xico e irritante para o ser humano dentre diversas outras subst\u00e2ncias qu\u00edmicas prejudiciais ao homem e ao meio ambiente.<\/p>\n<p>Esta \u00e1gua do volume morto misturada com lama de esgoto decomposto e subst\u00e2ncias qu\u00edmicas t\u00f3xicas exigir\u00e1 um trabalho mais apurado das empresas de tratamento de \u00e1gua. Ser\u00e1 utilizado uma maior quantidade de subst\u00e2ncias qu\u00edmicas e processos de filtra\u00e7\u00e3o e purifica\u00e7\u00e3o da \u00e1gua para que ela possa ser consumida e gerando tamb\u00e9m uma maior quantidade de res\u00edduos do tratamento. <\/p>\n<p>O uso do volume morto dos reservat\u00f3rios por conta da crise h\u00eddrica que vivemos n\u00e3o pode ter como vil\u00e3o apenas  os fatores clim\u00e1ticos mas tamb\u00e9m os nossos gestores. As popula\u00e7\u00f5es dos centros urbanos est\u00e3o crescendo assustadoramente assim como o seu consumo de \u00e1gua. Na contram\u00e3o desta nova realidade estamos desmatando cada vez mais, reduzindo as \u00e1reas de recarga no campo, comprometendo as vaz\u00f5es dos rios no per\u00edodo seco e o abastecimento das pessoas. Esta trag\u00e9dia h\u00eddrica n\u00e3o come\u00e7ou agora, mas j\u00e1 est\u00e1 sendo anunciada a muito tempo. <\/p>\n<p>Temos que aprender com os nossos erros agora para evitar que a situa\u00e7\u00e3o se agrave ao longo dos pr\u00f3ximos anos. Devemos ter em mente que o inicio das chuvas nada mais \u00e9 do que um alento tempor\u00e1rio, que a recupera\u00e7\u00e3o das represas levar\u00e1 anos e que se nada for feito a tend\u00eancia \u00e9 a situa\u00e7\u00e3o piorar ao longo dos pr\u00f3ximos per\u00edodos secos. N\u00e3o podemos ter mem\u00f3ria curta. Mais informa\u00e7\u00f5es no blog: <a href=\"http:\/\/asylvio.blogspot.com\" target=\"_blank\">asylvio.blogspot.com<\/a><br \/>\n<\/br><\/p>\n<h4><strong>Quem \u00e9 Alexandre Sylvio Vieira da Costa?<\/strong><\/h4>\n<p><img decoding=\"async\" src=\"http:\/\/aconteceunovale.com.br\/portal\/wp-content\/uploads\/2014\/06\/alexandre_coluna_agro.jpg\" alt=\"\" \/><br \/>\n<\/br><\/p>\n<p>&#8211; Nascido na cidade de Niter\u00f3i, RJ;<br \/>\n&#8211; Engenheiro Agr\u00f4nomo Formado pela Universidade Federal Rural do Rio de Janeiro;<br \/>\n&#8211; Mestre em Produ\u00e7\u00e3o Vegetal pela Embrapa-Agrobiologia\/Universidade Federal Rural do<br \/>\nRio de Janeiro;<br \/>\n&#8211; Doutor em Produ\u00e7\u00e3o Vegetal pela Universidade Federal de Vi\u00e7osa;<br \/>\n&#8211; P\u00f3s doutorado em Geoci\u00eancias pela Universidade Federal de Minas Gerais;<br \/>\n&#8211; Foi Coordenador Adjunto da C\u00e2mara Especializada de Agronomia e Coordenador da<br \/>\nComiss\u00e3o T\u00e9cnica de Meio Ambiente do CREA\/Minas;<br \/>\n&#8211; Foi Presidente da C\u00e2mara T\u00e9cnica de eventos Cr\u00edticos do Comit\u00ea da Bacia<br \/>\nHidrogr\u00e1fica do Rio Doce;<br \/>\n&#8211; Atualmente, professor Adjunto dos cursos de Engenharia da Universidade Federal dos<br \/>\nVales do Jequitinhonha e Mucuri, Campus Te\u00f3filo Otoni;<\/p>\n<p>&#8211; Blog: <a href=\"http:\/\/asylvio.blogspot.com.br\" target=\"_blank\">asylvio.blogspot.com.br<\/a><br \/>\n&#8211; E-mail: alexandre.costa@ufvjm.edu.br<\/p>\n","protected":false},"excerpt":{"rendered":"<p>Uma grande discuss\u00e3o entre a ag\u00eancia reguladora dos recursos h\u00eddricos nacional, a ANA e o Governo do Estado de S\u00e3o Paulo teve in\u00edcio h\u00e1 algumas semanas atr\u00e1s por conta do uso do segundo volume morto. Vamos analisar a situa\u00e7\u00e3o. Muitas das represas para abastecimento de \u00e1gua da popula\u00e7\u00e3o Brasileira existem h\u00e1 d\u00e9cadas, ou seja, foram [&hellip;]<\/p>\n","protected":false},"author":1,"featured_media":32009,"comment_status":"open","ping_status":"closed","sticky":false,"template":"","format":"standard","meta":{"amp_status":"","footnotes":""},"categories":[4927],"tags":[19288,20102,9443,16349,19301,20103,20104,144,20101],"class_list":["post-43062","post","type-post","status-publish","format-standard","has-post-thumbnail","hentry","category-colunistas","tag-agua","tag-agua-de-represas","tag-alexandre-sylvio-vieira-da-costa","tag-estiagem","tag-estiagem-prolongada","tag-represa","tag-rios","tag-seca","tag-volume-morto"],"_links":{"self":[{"href":"https:\/\/aconteceunovale.com.br\/portal\/index.php?rest_route=\/wp\/v2\/posts\/43062","targetHints":{"allow":["GET"]}}],"collection":[{"href":"https:\/\/aconteceunovale.com.br\/portal\/index.php?rest_route=\/wp\/v2\/posts"}],"about":[{"href":"https:\/\/aconteceunovale.com.br\/portal\/index.php?rest_route=\/wp\/v2\/types\/post"}],"author":[{"embeddable":true,"href":"https:\/\/aconteceunovale.com.br\/portal\/index.php?rest_route=\/wp\/v2\/users\/1"}],"replies":[{"embeddable":true,"href":"https:\/\/aconteceunovale.com.br\/portal\/index.php?rest_route=%2Fwp%2Fv2%2Fcomments&post=43062"}],"version-history":[{"count":0,"href":"https:\/\/aconteceunovale.com.br\/portal\/index.php?rest_route=\/wp\/v2\/posts\/43062\/revisions"}],"wp:featuredmedia":[{"embeddable":true,"href":"https:\/\/aconteceunovale.com.br\/portal\/index.php?rest_route=\/wp\/v2\/media\/32009"}],"wp:attachment":[{"href":"https:\/\/aconteceunovale.com.br\/portal\/index.php?rest_route=%2Fwp%2Fv2%2Fmedia&parent=43062"}],"wp:term":[{"taxonomy":"category","embeddable":true,"href":"https:\/\/aconteceunovale.com.br\/portal\/index.php?rest_route=%2Fwp%2Fv2%2Fcategories&post=43062"},{"taxonomy":"post_tag","embeddable":true,"href":"https:\/\/aconteceunovale.com.br\/portal\/index.php?rest_route=%2Fwp%2Fv2%2Ftags&post=43062"}],"curies":[{"name":"wp","href":"https:\/\/api.w.org\/{rel}","templated":true}]}}